{"id":1139158,"date":"2026-07-03T05:25:34","date_gmt":"2026-07-03T05:25:34","guid":{"rendered":"https:\/\/www.europesays.com\/de\/1139158\/"},"modified":"2026-07-03T05:25:34","modified_gmt":"2026-07-03T05:25:34","slug":"elon-musk-teilt-verbotenen-film-von-deutschem-regisseur-auf-x-unterhaltung","status":"publish","type":"post","link":"https:\/\/www.europesays.com\/de\/1139158\/","title":{"rendered":"Elon Musk teilt verbotenen Film von deutschem Regisseur auf \u201eX\u201c | Unterhaltung"},"content":{"rendered":"<p><a class=\"skip-content skip-content--link\" href=\"#in-content-skip-link-target-v-0-0\">TTS-Player \u00fcberspringen\u21b5<\/a><a id=\"in-content-skip-link-target-v-0-0\" class=\"skip-content--target-link-hidden skip-content skip-content--target-link\" href=\"#in-content-skip-link-target-v-0-0\">Artikel weiterlesen<\/a><\/p>\n<p data-32581ace=\"0-1183\">Wiesbaden (Hessen) \u2013 <b>Ein verbotener Film wird zum Hit! Der deutsche Regisseur Uwe Boll (61) sorgt derzeit mit seinem neuen Streifen \u201eCitizen Vigilante\u201c f\u00fcr Aufsehen. In Deutschland bekam sein brutaler Film keine Kinofreigabe. Doch in Amerika startet der Action-Thriller pl\u00f6tzlich durch \u2013 dank Tech-Milliard\u00e4r Elon Musk (55). Der reichste Mann der Welt lie\u00df den Film auf seiner Plattform \u201eX\u201c streamen \u2013 und verhalf Boll damit innerhalb k\u00fcrzester Zeit zu einem Millionen-Publikum. <\/b><\/p>\n<p data-32581ace=\"0-1183\">Kritiker verspotteten Boll schon lange als \u201eschlechtesten Regisseur Deutschlands\u201c. Der aus Wermelskirchen (NRW) stammende Filmemacher produzierte zuvor Videospiel-Verfilmungen wie \u201eAlone in the Dark\u201c und \u201eBloodRayne 2: Deliverance\u201c, die nach Ansicht zahlreicher Rezensenten schlecht geschrieben, h\u00f6lzern gespielt und verwirrend aufgebaut gewesen sein sollen. <\/p>\n<p><img decoding=\"async\" width=\"992\" height=\"1483\" alt=\"Regisseur Uwe Boll (61) im Oktober 2023 in Oberhausen. In Deutschland darf sein neuer Film nicht in die Kinos. Nach Einsch\u00e4tzung der FSK f\u00f6rdere der Film Selbstjustiz\" loading=\"lazy\" src=\"https:\/\/www.europesays.com\/de\/wp-content\/uploads\/2026\/07\/b5e1e4a8cb7b4d835b98678d4121e1ce,e5daeb3f.jpeg\"   class=\"dynamic\"\/><\/p>\n<p class=\"fig__caption__text\">Regisseur Uwe Boll (61) im Oktober 2023 in Oberhausen. In Deutschland darf sein neuer Film aufgrund der verweigerten Freigabe der FSK weder im Kino noch \u00fcber Streamingdienste laufen<\/p>\n<p>Foto: IMAGO\/Future Image<\/p>\n<p data-32581ace=\"0-1183\">Dass sein neuer Film \u201eCitizen Vigilante\u201c in Deutschland von der \u201eFreiwilligen Selbstkontrolle der Filmwirtschaft\u201c (FSK) gleich zweimal keine Altersfreigabe \u2013 und somit keine Zulassung f\u00fcr die Kinos \u2013 erhielt, kritisierte der Filmemacher scharf. Nach Einsch\u00e4tzung der FSK f\u00f6rdere der Film Selbstjustiz.<\/p>\n<p>Regisseur Uwe Boll sieht in Verbot eine Zensur <\/p>\n<p>Dem Portal \u201eTichys Einblick\u201c sagte Boll, dass sein Film seiner Meinung nach abgelehnt werde, weil er \u201eeine Realit\u00e4t zeigt, die sie nicht akzeptieren wollen: die Realit\u00e4t, dass Masseneinwanderung aus \u00fcberwiegend islamischen L\u00e4ndern die Sicherheitslage in Deutschland massiv verschlechtert hat\u201c. Er sprach von \u201eZensur\u201c und einer Entscheidung, die politisch motiviert sei. <\/p>\n<p><img decoding=\"async\" width=\"992\" height=\"1484\" alt=\"In den USA l\u00e4uft \u201eCitizen Vigilante\u201c seit dem 19. Juni in den Kinos\" loading=\"lazy\" src=\"https:\/\/www.europesays.com\/de\/wp-content\/uploads\/2026\/07\/4c0b5d066f3fc7a11afec5d7e04679ef,d6e3a8bd.jpeg\"   class=\"dynamic\"\/><\/p>\n<p class=\"fig__caption__text\">In den USA l\u00e4uft \u201eCitizen Vigilante\u201c seit dem 19. Juni in den Kinos<\/p>\n<p>Elon Musk stellt den Film auf seinem \u201eX\u201c-Profil online <\/p>\n<p>Das Thema Zensur rief dann auch Tech-Milliard\u00e4r <a href=\"https:\/\/www.bild.de\/ratgeber\/geld\/elon-musk\/elon-musk-alle-infos-78276790.bild.html\" class=\"text-link\" rel=\"nofollow noopener\" target=\"_blank\">Elon Musk<\/a> auf den Plan. Der sieht seine Plattform \u201eX\u201c\u00a0als freien Debattenraum und hei\u00dft die vermeintliche Zensur der FSK nicht gut. Am 26. Juni teilte Musk, offenbar mit Bolls Einverst\u00e4ndnis, die Komplettfassung des Films f\u00fcr 48 Stunden zum Streamen in seinem \u201eX\u201c-Account. Seitdem wurde er von mindestens zehn Millionen Menschen aufgerufen \u2013 und mehr als 40.000 Mal geteilt. <\/p>\n<p><img decoding=\"async\" width=\"992\" height=\"418\" alt=\"Am 25. Juni teilte Elon Musk auf seinem Profil den Link, unter dem man den Film \u201eCitizen Vigilante\u201c streamen konnte\" loading=\"lazy\" src=\"https:\/\/www.europesays.com\/de\/wp-content\/uploads\/2026\/07\/9d234029ce86336485c5fd572e2aa3e6,96867f31.png\"   class=\"dynamic\"\/><\/p>\n<p class=\"fig__caption__text\">Am 25. Juni teilte Elon Musk auf seinem Profil den Link, unter dem man den gewaltt\u00e4tigen Film \u201eCitizen Vigilante\u201c streamen konnte \u2013 ohne jegliche Altersbeschr\u00e4nkungen f\u00fcr Kinder <\/p>\n<p>Foto: Elon Musk\/X<\/p>\n<p>Vergewaltigung, Folter, Morde: Einige Szenen des Selbstjustiz-Filmes l\u00f6sten heftige Reaktionen aus. Etwa, als die Hauptfigur eine syrische Familie ausl\u00f6scht. Gerade diese Sequenz wurde auf \u201eX\u201c intensiv kommentiert und diskutiert. <\/p>\n<p>In den USA erschien der Film am 19. Juni. Der umstrittene Schauspieler Armie Hammer (39) spielt einen US-Armee-Veteranen, der nach Europa zieht. In dem Film ver\u00fcben \u00fcberwiegend Migranten schwere Straftaten, w\u00e4hrend linke Eliten tatenlos zusehen. Weil der Staat aus seiner Sicht Kriminelle nicht ausreichend bestraft, greift der Veteran selbst zur Waffe und erschie\u00dft Straft\u00e4ter und Richter.<\/p>\n<p><img decoding=\"async\" width=\"992\" height=\"416\" alt=\"Eine von vielen brutalen Szenen des Fiolmes \u201eCitizen Vigilante\u201c\" loading=\"lazy\" src=\"https:\/\/www.europesays.com\/de\/wp-content\/uploads\/2026\/07\/bfc417dccd47c873a9259278cf008428,806518f0.jpeg\"   class=\"dynamic\"\/><\/p>\n<p class=\"fig__caption__text\">Eine von vielen brutalen Szenen des Filmes \u201eCitizen Vigilante\u201c. Auf \u201eX\u201c war der gewaltt\u00e4tige Streifen ohne jegliche Beschr\u00e4nkung f\u00fcr Kinder zug\u00e4nglich <\/p>\n<p>Foto: EVENT FILMS\/TNI PRESS LTD.<\/p>\n<p>In den USA entwickelte sich der Brutalo-Streifen zu einem Erfolg im rechten politischen Spektrum. <a href=\"https:\/\/www.bild.de\/themen\/organisationen\/tesla-alle-infos-szYo1fKc3CYxk6U7mzPx\" class=\"text-link\" rel=\"nofollow noopener\" target=\"_blank\">Tesla<\/a>-Chef Musk erkl\u00e4rte, er freue sich auf eine Fortsetzung. Filmemacher Boll wandte sich sogar in einem Video an US-Pr\u00e4sident <a href=\"https:\/\/www.bild.de\/politik\/leute\/donald-trump\/thema-donald-trump-alle-infos-80018378.bild.html\" class=\"text-link\" rel=\"nofollow noopener\" target=\"_blank\">Donald Trump<\/a> (80) und bot eine Fortsetzung an. Nach Angaben von Boll soll der Film bereits rund 600.000 Dollar seines Budgets von zwei Millionen Dollar wieder eingespielt haben. <\/p>\n<p>Mehr zum Thema<img decoding=\"async\" width=\"992\" height=\"1503\" alt=\"Armie Hammer bei einer Veranstaltung zum Film \u201eCitizen Vigilante\u201c im Juni in L.A. Der Film ist sein bislang gr\u00f6\u00dfter kommerzieller Erfolg und sein zweiter Film seit seiner Hollywood-R\u00fcckkehr im vergangenen Jahr\" loading=\"lazy\" src=\"https:\/\/www.europesays.com\/de\/wp-content\/uploads\/2026\/07\/9d1933cbbbb2dd75b37bb7f29989c516,d5dff2f1.jpeg\"   class=\"dynamic\"\/><\/p>\n<p class=\"fig__caption__text\">Armie Hammer bei einer Veranstaltung zum Film \u201eCitizen Vigilante\u201c im Juni in Los Angeles. Der Film ist sein bislang gr\u00f6\u00dfter kommerzieller Erfolg und sein zweiter Film seit seiner Hollywood-R\u00fcckkehr im vergangenen Jahr<\/p>\n<p>Foto: Albert L Ortega\/Shutterstock<\/p>\n<p>Auch Hauptdarsteller Armie Hammer ist umstritten<\/p>\n<p>Ex-Hollywood-Star Armie Hammer war 2021 von drei Frauen des sexuellen Missbrauchs beschuldigt worden. Au\u00dferdem wurden Vorw\u00fcrfe \u00fcber <a href=\"https:\/\/www.bild.de\/unterhaltung\/stars-und-leute\/armie-hammer-spricht-erstmals-ueber-kannibalismus-vorwuerfe-667053d595ece052074aadd6\" class=\"text-link\" rel=\"nofollow noopener\" target=\"_blank\">einen angeblichen Kannibalismus-Fetisch<\/a> bekannt. Hammer bestritt die Anschuldigungen. Die Staatsanwaltschaft L.A. erhob keine Anklage. <\/p>\n<p>Die Film-Kritik fiel vernichtend aus. Das Magazin \u201eVariety\u201c bezeichnete ihn als \u201emoralisch bankrott\u201c und \u201eerstaunlich schlecht\u201c. Die US-Seite \u201eThe Bulwark\u201c sieht ihn als faschistisch.<\/p>\n","protected":false},"excerpt":{"rendered":"TTS-Player \u00fcberspringen\u21b5Artikel weiterlesen Wiesbaden (Hessen) \u2013 Ein verbotener Film wird zum Hit! Der deutsche Regisseur Uwe Boll (61)&hellip;\n","protected":false},"author":2,"featured_media":1139159,"comment_status":"","ping_status":"","sticky":false,"template":"","format":"standard","meta":{"footnotes":"","_share_on_mastodon":"0"},"categories":[155],"tags":[29,214,9894,92,239700,30,683,2934,7726,138370,12552,215],"class_list":["post-1139158","post","type-post","status-publish","format-standard","has-post-thumbnail","category-unterhaltung","tag-deutschland","tag-entertainment","tag-faschismus","tag-film","tag-fsk-16","tag-germany","tag-hollywood","tag-musk-elon","tag-regisseur","tag-team-first","tag-twitter","tag-unterhaltung"],"share_on_mastodon":{"url":"https:\/\/pubeurope.com\/@de\/116854386385448294","error":""},"_links":{"self":[{"href":"https:\/\/www.europesays.com\/de\/wp-json\/wp\/v2\/posts\/1139158","targetHints":{"allow":["GET"]}}],"collection":[{"href":"https:\/\/www.europesays.com\/de\/wp-json\/wp\/v2\/posts"}],"about":[{"href":"https:\/\/www.europesays.com\/de\/wp-json\/wp\/v2\/types\/post"}],"author":[{"embeddable":true,"href":"https:\/\/www.europesays.com\/de\/wp-json\/wp\/v2\/users\/2"}],"replies":[{"embeddable":true,"href":"https:\/\/www.europesays.com\/de\/wp-json\/wp\/v2\/comments?post=1139158"}],"version-history":[{"count":0,"href":"https:\/\/www.europesays.com\/de\/wp-json\/wp\/v2\/posts\/1139158\/revisions"}],"wp:featuredmedia":[{"embeddable":true,"href":"https:\/\/www.europesays.com\/de\/wp-json\/wp\/v2\/media\/1139159"}],"wp:attachment":[{"href":"https:\/\/www.europesays.com\/de\/wp-json\/wp\/v2\/media?parent=1139158"}],"wp:term":[{"taxonomy":"category","embeddable":true,"href":"https:\/\/www.europesays.com\/de\/wp-json\/wp\/v2\/categories?post=1139158"},{"taxonomy":"post_tag","embeddable":true,"href":"https:\/\/www.europesays.com\/de\/wp-json\/wp\/v2\/tags?post=1139158"}],"curies":[{"name":"wp","href":"https:\/\/api.w.org\/{rel}","templated":true}]}}