{"id":1139216,"date":"2026-07-03T06:01:17","date_gmt":"2026-07-03T06:01:17","guid":{"rendered":"https:\/\/www.europesays.com\/de\/1139216\/"},"modified":"2026-07-03T06:01:17","modified_gmt":"2026-07-03T06:01:17","slug":"wetter-in-deutschland-dwd-warnt-in-mehr-als-120-kreisen","status":"publish","type":"post","link":"https:\/\/www.europesays.com\/de\/1139216\/","title":{"rendered":"Wetter in Deutschland: DWD warnt in mehr als 120 Kreisen"},"content":{"rendered":"<p>Wetter teilt Deutschland in zwei H\u00e4lften <\/p>\n<p>Amtliche Warnungen in mehr als 120 Kreisen<\/p>\n<p>03.07.2026 &#8211; 07:56 UhrLesedauer: 2 Min.<\/p>\n<p><a href=\"#focus-0\" class=\"transition-colors block text-current relative\" data-sctrack=\"FocusGalleryImage.Reference\"><img fetchpriority=\"high\" data-testid=\"Opener.Image\"   loading=\"eager\" src=\"https:\/\/www.europesays.com\/de\/wp-content\/uploads\/2026\/07\/die-dwd-warnkarte-am-freitag-die-warnungen-gelten-bis-zum-abend.png\" alt=\"Die DWD-Warnkarte am Freitag: Die Warnungen gelten bis zum Abend.\" title=\"Die DWD-Warnkarte am Freitag: Die Warnungen gelten bis zum Abend.\" width=\"829\" height=\"466\" class=\"bg-[url:var(--lqipURL)] bg-cover bg-center flex h-full w-full max-w-full\" style=\"--lqipURL:url('https:\/\/images.t-online.de\/2026\/07\/T1vVyMoKATQM\/0x78:829x466\/fit-in\/150x0\/filters:blur(25)\/die-dwd-warnkarte-am-freitag-die-warnungen-gelten-bis-zum-abend.png')\" decoding=\"async\"\/><img loading=\"lazy\" src=\"https:\/\/www.t-online.de\/s\/paper\/_next\/static\/media\/zoom-in.f7dae02f.svg\" alt=\"Vergr\u00f6\u00dfern des Bildes\" title=\"Vergr\u00f6\u00dfern des Bildes\" class=\"block h-[calc(var(--height)_\/_16_*_1rem)] w-[calc(var(--width)_\/_16_*_1rem)] max-w-none absolute right-8 bottom-8 rounded-4 bg-snow p-8\" style=\"--width:32;--height:32\" decoding=\"async\"\/><\/a><\/p>\n<p>Die DWD-Warnkarte am Freitag: Die Warnungen gelten bis zum Abend. (Quelle: DWD)<\/p>\n<p><img loading=\"lazy\" src=\"https:\/\/www.t-online.de\/s\/paper\/_next\/static\/media\/audio-volume.6689034c.svg\" alt=\"\" title=\"\" class=\"block h-[calc(var(--height)_\/_16_*_1rem)] w-[calc(var(--width)_\/_16_*_1rem)] max-w-none group-hover:brightness-0 group-hover:invert\" style=\"--width:16;--height:16\" decoding=\"async\"\/>Vorlesen<\/p>\n<p>Aktuelle Zeit:0:00Gesamtdauer:0:00<\/p>\n<p>1x<\/p>\n<p class=\"text-center\">Jetzt neu bei t-online:<\/p>\n<p class=\"text-center\">Schriftgr\u00f6\u00dfe anpassen!<\/p>\n<p><img loading=\"lazy\" src=\"https:\/\/www.t-online.de\/s\/paper\/_next\/static\/media\/font-sizes.32942e33.svg\" alt=\"\" title=\"\" class=\"block h-[calc(var(--height)_\/_16_*_1rem)] w-[calc(var(--width)_\/_16_*_1rem)] max-w-none group-hover:hidden group-aria-expanded:hidden\" style=\"--width:16;--height:16\" decoding=\"async\"\/><img loading=\"lazy\" src=\"https:\/\/www.t-online.de\/s\/paper\/_next\/static\/media\/font-sizes-dark-mode.e382645c.svg\" alt=\"\" title=\"\" class=\"block h-[calc(var(--height)_\/_16_*_1rem)] w-[calc(var(--width)_\/_16_*_1rem)] max-w-none hidden group-hover:block group-aria-expanded:block\" style=\"--width:16;--height:16\" decoding=\"async\"\/><img loading=\"lazy\" src=\"https:\/\/www.t-online.de\/s\/paper\/_next\/static\/media\/sharing-menu-icon.1eb71368.svg\" alt=\"\" title=\"\" class=\"block h-[calc(var(--height)_\/_16_*_1rem)] w-[calc(var(--width)_\/_16_*_1rem)] max-w-none group-hover:brightness-0 group-hover:invert\" style=\"--width:16;--height:16\" decoding=\"async\"\/>Artikel teilen<\/p>\n<p class=\"font-bold text-18 leading-17 user-text-lg:text-22 user-text-xl:text-24\">Ein Tief \u00fcber dem Ostseeraum und der Ausl\u00e4ufer eines Azorenhochs bestimmen derzeit das Wetter. In vielen Regionen gelten Warnungen des DWD.<\/p>\n<p class=\"text-18 leading-17 user-text-lg:text-22 user-text-xl:text-24\">Der Deutsche Wetterdienst (DWD) warnt am Freitag in mehr als 120 Landkreisen und St\u00e4dten amtlich. Betroffen ist die gesamte Nordosth\u00e4lfte, teils gilt Warnstufe 2 von 4: Bis zum Freitagabend muss hier mit Sturmb\u00f6en gerechnet werden. Der <a href=\"https:\/\/www.t-online.de\/themen\/deutscher-wetterdienst\/\" class=\"transition-colors cursor-pointer no-underline md:hover:text-magenta md:focus:text-magenta border-b border-solid border-current text-salemsfur md:hover:border-magenta\" data-tracking=\"{&quot;action&quot;:&quot;click&quot;,&quot;category&quot;:&quot;intextLink&quot;,&quot;label&quot;:&quot;\/themen\/deutscher-wetterdienst\/&quot;}\" data-sctrack=\"BodyAnchor\" rel=\"nofollow noopener\" target=\"_blank\">DWD<\/a> warnt: &#8222;Gefahr durch einzelne herabst\u00fcrzende \u00c4ste und umherfliegende Gegenst\u00e4nde.&#8220;<\/p>\n<p class=\"text-18 leading-17 user-text-lg:text-22 user-text-xl:text-24\">In der orange eingef\u00e4rbten Zone liegen etwa Bremerhaven, Hamburg, <a href=\"https:\/\/www.t-online.de\/themen\/flensburg\/\" class=\"transition-colors cursor-pointer no-underline md:hover:text-magenta md:focus:text-magenta border-b border-solid border-current text-salemsfur md:hover:border-magenta\" data-tracking=\"{&quot;action&quot;:&quot;click&quot;,&quot;category&quot;:&quot;intextLink&quot;,&quot;label&quot;:&quot;\/themen\/flensburg\/&quot;}\" data-sctrack=\"BodyAnchor\" rel=\"nofollow noopener\" target=\"_blank\">Flensburg<\/a>, Kiel, <a href=\"https:\/\/www.t-online.de\/themen\/luebeck\/\" class=\"transition-colors cursor-pointer no-underline md:hover:text-magenta md:focus:text-magenta border-b border-solid border-current text-salemsfur md:hover:border-magenta\" data-tracking=\"{&quot;action&quot;:&quot;click&quot;,&quot;category&quot;:&quot;intextLink&quot;,&quot;label&quot;:&quot;\/themen\/luebeck\/&quot;}\" data-sctrack=\"BodyAnchor\" rel=\"nofollow noopener\" target=\"_blank\">L\u00fcbeck<\/a>, <a href=\"https:\/\/www.t-online.de\/themen\/rostock\/\" class=\"transition-colors cursor-pointer no-underline md:hover:text-magenta md:focus:text-magenta border-b border-solid border-current text-salemsfur md:hover:border-magenta\" data-tracking=\"{&quot;action&quot;:&quot;click&quot;,&quot;category&quot;:&quot;intextLink&quot;,&quot;label&quot;:&quot;\/themen\/rostock\/&quot;}\" data-sctrack=\"BodyAnchor\" rel=\"nofollow noopener\" target=\"_blank\">Rostock<\/a>, <a href=\"https:\/\/www.t-online.de\/themen\/schwerin\/\" class=\"transition-colors cursor-pointer no-underline md:hover:text-magenta md:focus:text-magenta border-b border-solid border-current text-salemsfur md:hover:border-magenta\" data-tracking=\"{&quot;action&quot;:&quot;click&quot;,&quot;category&quot;:&quot;intextLink&quot;,&quot;label&quot;:&quot;\/themen\/schwerin\/&quot;}\" data-sctrack=\"BodyAnchor\" rel=\"nofollow noopener\" target=\"_blank\">Schwerin<\/a>, Berlin und <a href=\"https:\/\/www.t-online.de\/themen\/frankfurt-oder\/\" class=\"transition-colors cursor-pointer no-underline md:hover:text-magenta md:focus:text-magenta border-b border-solid border-current text-salemsfur md:hover:border-magenta\" data-tracking=\"{&quot;action&quot;:&quot;click&quot;,&quot;category&quot;:&quot;intextLink&quot;,&quot;label&quot;:&quot;\/themen\/frankfurt-oder\/&quot;}\" data-sctrack=\"BodyAnchor\" rel=\"nofollow noopener\" target=\"_blank\">Frankfurt an der Oder<\/a>. S\u00fcdlich davon gilt Warnstufe 1 von 4.<\/p>\n<ul class=\"text-18 leading-17 block pl-24 *:pb-16 *:before:inline-block *:before:size-8 *:before:bg-magenta *:before:mt-0 *:before:mr-12 *:before:mb-2 *:before:-ml-[20px]\">\n<li><strong class=\"font-bold\">Spektakul\u00e4res Foto ist kein KI-Bild:<\/strong> <a href=\"https:\/\/www.t-online.de\/klima\/leben-umwelt\/id_101324562\/schweiz-das-matterhorn-weint-wasserfaelle-schiessen-haenge-hinab.html\" class=\"transition-colors cursor-pointer no-underline md:hover:text-magenta md:focus:text-magenta border-b border-solid border-current text-salemsfur md:hover:border-magenta\" data-tracking=\"{&quot;action&quot;:&quot;click&quot;,&quot;category&quot;:&quot;intextLink&quot;,&quot;label&quot;:&quot;\/klima\/leben-umwelt\/id_101324562\/schweiz-das-matterhorn-weint-wasserfaelle-schiessen-haenge-hinab.html&quot;}\" data-sctrack=\"BodyAnchor\" rel=\"nofollow noopener\" target=\"_blank\">Wasserf\u00e4lle schie\u00dfen Matterhorn-H\u00e4nge hinab<\/a><\/li>\n<li><strong class=\"font-bold\">Zigtausende Tote, immense Kosten:<\/strong> <a href=\"https:\/\/www.t-online.de\/klima\/leben-umwelt\/id_101322434\/el-nino-prognosen-eingetroffen-nasa-fuerchtet-ein-riesending-.html\" class=\"transition-colors cursor-pointer no-underline md:hover:text-magenta md:focus:text-magenta border-b border-solid border-current text-salemsfur md:hover:border-magenta\" data-tracking=\"{&quot;action&quot;:&quot;click&quot;,&quot;category&quot;:&quot;intextLink&quot;,&quot;label&quot;:&quot;\/klima\/leben-umwelt\/id_101322434\/el-nino-prognosen-eingetroffen-nasa-fuerchtet-ein-riesending-.html&quot;}\" data-sctrack=\"BodyAnchor\" rel=\"nofollow noopener\" target=\"_blank\">Nasa f\u00fcrchtet &#8222;ein Riesending&#8220;<\/a><\/li>\n<\/ul>\n<p class=\"text-18 leading-17 user-text-lg:text-22 user-text-xl:text-24\">In der gelben Zone liegen etwa Bremen, <a href=\"https:\/\/hannover.t-online.de\/region\/hannover\/\" class=\"transition-colors cursor-pointer no-underline md:hover:text-magenta md:focus:text-magenta border-b border-solid border-current text-salemsfur md:hover:border-magenta\" data-tracking=\"{&quot;action&quot;:&quot;click&quot;,&quot;category&quot;:&quot;intextLink&quot;,&quot;label&quot;:&quot;https:\/\/hannover.t-online.de\/region\/hannover\/&quot;}\" data-sctrack=\"BodyAnchor\" rel=\"nofollow noopener\" target=\"_blank\">Hannover<\/a>, <a href=\"https:\/\/bielefeld.t-online.de\/region\/bielefeld\/\" class=\"transition-colors cursor-pointer no-underline md:hover:text-magenta md:focus:text-magenta border-b border-solid border-current text-salemsfur md:hover:border-magenta\" data-tracking=\"{&quot;action&quot;:&quot;click&quot;,&quot;category&quot;:&quot;intextLink&quot;,&quot;label&quot;:&quot;https:\/\/bielefeld.t-online.de\/region\/bielefeld\/&quot;}\" data-sctrack=\"BodyAnchor\" rel=\"nofollow noopener\" target=\"_blank\">Bielefeld<\/a>, <a href=\"https:\/\/www.t-online.de\/themen\/magdeburg\/\" class=\"transition-colors cursor-pointer no-underline md:hover:text-magenta md:focus:text-magenta border-b border-solid border-current text-salemsfur md:hover:border-magenta\" data-tracking=\"{&quot;action&quot;:&quot;click&quot;,&quot;category&quot;:&quot;intextLink&quot;,&quot;label&quot;:&quot;\/themen\/magdeburg\/&quot;}\" data-sctrack=\"BodyAnchor\" rel=\"nofollow noopener\" target=\"_blank\">Magdeburg<\/a>, <a href=\"https:\/\/leipzig.t-online.de\/region\/leipzig\/\" class=\"transition-colors cursor-pointer no-underline md:hover:text-magenta md:focus:text-magenta border-b border-solid border-current text-salemsfur md:hover:border-magenta\" data-tracking=\"{&quot;action&quot;:&quot;click&quot;,&quot;category&quot;:&quot;intextLink&quot;,&quot;label&quot;:&quot;https:\/\/leipzig.t-online.de\/region\/leipzig\/&quot;}\" data-sctrack=\"BodyAnchor\" rel=\"nofollow noopener\" target=\"_blank\">Leipzig<\/a>, <a href=\"https:\/\/www.t-online.de\/themen\/cottbus\/\" class=\"transition-colors cursor-pointer no-underline md:hover:text-magenta md:focus:text-magenta border-b border-solid border-current text-salemsfur md:hover:border-magenta\" data-tracking=\"{&quot;action&quot;:&quot;click&quot;,&quot;category&quot;:&quot;intextLink&quot;,&quot;label&quot;:&quot;\/themen\/cottbus\/&quot;}\" data-sctrack=\"BodyAnchor\" rel=\"nofollow noopener\" target=\"_blank\">Cottbus<\/a> und Zittau. Die Warnungen hat der DWD zun\u00e4chst bis Freitagabend ausgerufen, teils gelten sie bis 22 Uhr.<\/p>\n<p>Bis zu 33 Grad: Im S\u00fcden steigen die Temperaturen<\/p>\n<p class=\"text-18 leading-17 user-text-lg:text-22 user-text-xl:text-24\">Verursacher ist ein Tief \u00fcber dem Ostseeraum, das auch in den kommenden Tagen das <a href=\"https:\/\/www.t-online.de\/wetter\" class=\"transition-colors cursor-pointer no-underline md:hover:text-magenta md:focus:text-magenta border-b border-solid border-current text-salemsfur md:hover:border-magenta\" data-tracking=\"{&quot;action&quot;:&quot;click&quot;,&quot;category&quot;:&quot;intextLink&quot;,&quot;label&quot;:&quot;\/wetter&quot;}\" data-sctrack=\"BodyAnchor\" rel=\"nofollow noopener\" target=\"_blank\">Wetter<\/a> im Norden und Osten bestimmen wird. Es lenkt subpolare Luft nach Deutschland und bringt Wolken, Regenf\u00e4lle, teils kr\u00e4ftigen Wind und eher verhaltene Temperaturen \u2013 f\u00fcr Samstag sagt der DWD H\u00f6chstwerte zwischen 19 und 24 Grad voraus. Ab Sonntag ziehen starke Gewitter auf, am Dienstag wird den Experten zufolge auch die Mitte von Gewittern getroffen.<\/p>\n<p class=\"text-18 leading-17 user-text-lg:text-22 user-text-xl:text-24\">Der S\u00fcden liegt hingegen im Einflussgebiet des Ausl\u00e4ufers eines Azorenhochs. H\u00f6chstwerte am Freitag im S\u00fcdwesten und S\u00fcden 24 bis 28 Grad, am Samstag klettern die Werte \u00f6rtlich auf bis etwa 30 Grad, Sonntag k\u00f6nnten 31 Grad erreicht werden und Montag \u00f6rtlich sogar 33 Grad am Oberrhein.<\/p>\n","protected":false},"excerpt":{"rendered":"Wetter teilt Deutschland in zwei H\u00e4lften Amtliche Warnungen in mehr als 120 Kreisen 03.07.2026 &#8211; 07:56 UhrLesedauer: 2&hellip;\n","protected":false},"author":2,"featured_media":1139217,"comment_status":"","ping_status":"","sticky":false,"template":"","format":"standard","meta":{"footnotes":"","_share_on_mastodon":"0"},"categories":[2],"tags":[1434,331,3924,332,3922,230517,296,6703,3364,950,29,4906,2085,23302,30,692,13,2858,14,3923,15,3921,45130,583,12,14844],"class_list":["post-1139216","post","type-post","status-publish","format-standard","has-post-thumbnail","category-deutschland","tag-1434","tag-aktuelle-nachrichten","tag-aktuelle-nachrichten-aus-deutschland","tag-aktuelle-news","tag-aktuelle-news-aus-deutschland","tag-azorenhoch","tag-berlin","tag-bremerhaven","tag-de","tag-deutscher-wetterdienst","tag-deutschland","tag-dwd","tag-flensburg","tag-frankfurt-oder","tag-germany","tag-hamburg","tag-headlines","tag-luebeck","tag-nachrichten","tag-nachrichten-aus-deutschland","tag-news","tag-news-aus-deutschland","tag-ostseeraum","tag-rostock","tag-schlagzeilen","tag-schwerin"],"share_on_mastodon":{"url":"https:\/\/pubeurope.com\/@de\/116854529506529914","error":""},"_links":{"self":[{"href":"https:\/\/www.europesays.com\/de\/wp-json\/wp\/v2\/posts\/1139216","targetHints":{"allow":["GET"]}}],"collection":[{"href":"https:\/\/www.europesays.com\/de\/wp-json\/wp\/v2\/posts"}],"about":[{"href":"https:\/\/www.europesays.com\/de\/wp-json\/wp\/v2\/types\/post"}],"author":[{"embeddable":true,"href":"https:\/\/www.europesays.com\/de\/wp-json\/wp\/v2\/users\/2"}],"replies":[{"embeddable":true,"href":"https:\/\/www.europesays.com\/de\/wp-json\/wp\/v2\/comments?post=1139216"}],"version-history":[{"count":0,"href":"https:\/\/www.europesays.com\/de\/wp-json\/wp\/v2\/posts\/1139216\/revisions"}],"wp:featuredmedia":[{"embeddable":true,"href":"https:\/\/www.europesays.com\/de\/wp-json\/wp\/v2\/media\/1139217"}],"wp:attachment":[{"href":"https:\/\/www.europesays.com\/de\/wp-json\/wp\/v2\/media?parent=1139216"}],"wp:term":[{"taxonomy":"category","embeddable":true,"href":"https:\/\/www.europesays.com\/de\/wp-json\/wp\/v2\/categories?post=1139216"},{"taxonomy":"post_tag","embeddable":true,"href":"https:\/\/www.europesays.com\/de\/wp-json\/wp\/v2\/tags?post=1139216"}],"curies":[{"name":"wp","href":"https:\/\/api.w.org\/{rel}","templated":true}]}}