{"id":113923,"date":"2025-05-16T01:23:11","date_gmt":"2025-05-16T01:23:11","guid":{"rendered":"https:\/\/www.europesays.com\/de\/113923\/"},"modified":"2025-05-16T01:23:11","modified_gmt":"2025-05-16T01:23:11","slug":"fluglotsen-verlieren-kontakt-zu-piloten","status":"publish","type":"post","link":"https:\/\/www.europesays.com\/de\/113923\/","title":{"rendered":"Fluglotsen verlieren Kontakt zu Piloten"},"content":{"rendered":"<p>Gef\u00e4hrlicher Blackout <\/p>\n<p>Systemausfall im Tower \u2013 Fluglotsen verlieren Kontakt zu Piloten<\/p>\n<p>16.05.2025 &#8211; 02:49 UhrLesedauer: 2 Min.<\/p>\n<p><a href=\"#focus-0\" class=\"transition-colors duration-200 focus-within:text-magenta block text-current relative\" data-sctrack=\"FocusGalleryImage.Reference\"><img fetchpriority=\"high\" data-testid=\"Opener.Image\" style=\"--lqipURL:url('https:\/\/images.t-online.de\/2025\/05\/vzNO66XWwOSz\/0x75:800x450\/fit-in\/150x0\/filters:blur(25)\/der-flugsicherungsturm-des-ronald-reagan-washington-national-airport-zu-sehen.jpg')\"   loading=\"eager\" src=\"https:\/\/www.europesays.com\/de\/wp-content\/uploads\/2025\/05\/der-flugsicherungsturm-des-ronald-reagan-washington-national-airport-zu-sehen.jpg\" alt=\"Der Flugsicherungsturm des Ronald Reagan Washington National Airport zu sehen.\" title=\"Der Flugsicherungsturm des Ronald Reagan Washington National Airport zu sehen.\" width=\"800\" height=\"450\" class=\"bg-[url:var(--lqipURL)] bg-cover bg-center flex w-full max-w-full h-full\" decoding=\"async\"\/><img style=\"--width:32;--height:32\" loading=\"lazy\" src=\"https:\/\/www.europesays.com\/de\/wp-content\/uploads\/2025\/03\/zoom-in.f7dae02f.svg.svg+xml\" alt=\"Vergr\u00f6\u00dfern des Bildes\" title=\"Vergr\u00f6\u00dfern des Bildes\" class=\"&#10;        block&#10;        h-[calc(var(--height)_\/_16_*_1rem)]&#10;        w-[calc(var(--width)_\/_16_*_1rem)]&#10;        max-w-none&#10;        absolute bottom-8 right-8 rounded-4 bg-snow p-8\" decoding=\"async\"\/><\/a><\/p>\n<p>Der Flugsicherungsturm des Ronald Reagan Washington National Airport zu sehen. (Quelle: Jenny Kane\/dpa)<\/p>\n<p class=\"font-bold text-18 leading-17\">Wieder verliert ein Flughafen in den USA kurzzeitig den Kontakt zu den Flugzeugen. Diesmal ist es Denver. Schon zuvor hatte es einen \u00e4hnlichen Blackout gegeben.<\/p>\n<p class=\"text-18 leading-17\">In den <a class=\"transition-colors duration-200 cursor-pointer text-inherit no-underline text-salemsfur md:hover:text-magenta md:hover:border-magenta md:focus:text-magenta border-current border-b border-solid break-words\" href=\"https:\/\/www.t-online.de\/themen\/usa\/\" data-sctrack=\"BodyAnchor\" target=\"_blank\" rel=\"noopener\">USA<\/a> ist es erneut zu einem Systemausfall an einem <a class=\"transition-colors duration-200 cursor-pointer text-inherit no-underline text-salemsfur md:hover:text-magenta md:hover:border-magenta md:focus:text-magenta border-current border-b border-solid break-words\" href=\"https:\/\/www.t-online.de\/themen\/flughafen\/\" data-sctrack=\"BodyAnchor\" target=\"_blank\" rel=\"noopener\">Flughafen<\/a> gekommen, bei dem der Kontakt zu Piloten verloren ging. Diesmal passierte es am Denver International Airport, wie mehrere Medien berichteten. Piloten, die am Montag den Flughafen anflogen, konnten demnach aufgrund von Funksenderausf\u00e4llen etwa zwei Minuten lang nicht mit den Lotsen kommunizieren. Dies habe ein f\u00fchrender Mitarbeiter der US-Luftfahrtbeh\u00f6rde FAA vor einem Kongressausschuss erkl\u00e4rt, berichtete der Sender NPR.<\/p>\n<p class=\"text-18 leading-17\">Erst vor einer Woche war es zum zweiten Mal zu einer \u00e4hnlichen Panne am Flughafen Newark unweit der Millionenmetropole <a class=\"transition-colors duration-200 cursor-pointer text-inherit no-underline text-salemsfur md:hover:text-magenta md:hover:border-magenta md:focus:text-magenta border-current border-b border-solid break-words\" href=\"https:\/\/www.t-online.de\/themen\/new-york\/\" data-sctrack=\"BodyAnchor\" target=\"_blank\" rel=\"noopener\">New York<\/a> gekommen. Die Fluglotsen verloren f\u00fcr etwa 90 Sekunden den Kontakt zu den Flugzeugen. Bereits zuvor hatte es einen \u00e4hnlichen Blackout auf dem Flughafen gegeben.<\/p>\n<p class=\"text-18 leading-17\">In Denver war nach Angaben des FAA-Mitarbeiters eine der Funkfrequenzen der Fluglotsen ausgefallen. Die Fluglotsen seien auf eine Reservefrequenz ausgewichen, die f\u00fcr etwa zwei Minuten ebenfalls ausgefallen sei, zitierte der Sender NPR aus der Sitzung. Danach sei die Verbindung wieder stabil gewesen. Der Sender Fox Business berichtete, etwa 20 Piloten h\u00e4tten den Kontakt kurzfristig verloren. Die Flugzeuge h\u00e4tten alle sicher auf Abstand gehalten werden k\u00f6nnen, zitierte der Sender <a class=\"transition-colors duration-200 cursor-pointer text-inherit no-underline text-salemsfur md:hover:text-magenta md:hover:border-magenta md:focus:text-magenta border-current border-b border-solid break-words\" href=\"https:\/\/www.t-online.de\/themen\/cnn\/\" data-sctrack=\"BodyAnchor\" target=\"_blank\" rel=\"noopener\">CNN<\/a> die Luftfahrtbeh\u00f6rde.<\/p>\n<p class=\"text-18 leading-17\">Verkehrsminister Sean Duffy hatte j\u00fcngst angek\u00fcndigt, dass das veraltete Flugsicherheitssystem in den USA umf\u00e4nglich modernisiert werde. Es werde teilweise noch immer mit Technik aus den 70er-Jahren gearbeitet. Die Modernisierung solle in drei oder vier Jahren abgeschlossen sein.<\/p>\n<p class=\"text-18 leading-17\">Nach einem schweren Ungl\u00fcck beim Zusammensto\u00df eines Helikopters mit einer Passagiermaschine in der Hauptstadt <a class=\"transition-colors duration-200 cursor-pointer text-inherit no-underline text-salemsfur md:hover:text-magenta md:hover:border-magenta md:focus:text-magenta border-current border-b border-solid break-words\" href=\"https:\/\/www.t-online.de\/themen\/washington\/\" data-sctrack=\"BodyAnchor\" target=\"_blank\" rel=\"noopener\">Washington<\/a> im Januar steht die Sicherheit des Flugverkehrs in den USA im \u00f6ffentlichen Fokus. Damals starben 67 Menschen.<\/p>\n","protected":false},"excerpt":{"rendered":"Gef\u00e4hrlicher Blackout Systemausfall im Tower \u2013 Fluglotsen verlieren Kontakt zu Piloten 16.05.2025 &#8211; 02:49 UhrLesedauer: 2 Min. Der&hellip;\n","protected":false},"author":2,"featured_media":113924,"comment_status":"","ping_status":"","sticky":false,"template":"","format":"standard","meta":{"footnotes":""},"categories":[3977],"tags":[1217,331,332,6424,44201,1744,2109,44202,13,14,15,44203,12,44200,4017,4018,4016,64,4019,4020,320],"class_list":{"0":"post-113923","1":"post","2":"type-post","3":"status-publish","4":"format-standard","5":"has-post-thumbnail","7":"category-usa","8":"tag-1217","9":"tag-aktuelle-nachrichten","10":"tag-aktuelle-news","11":"tag-blackout","12":"tag-denver","13":"tag-faa","14":"tag-flughafen","15":"tag-flugsicherungsturm","16":"tag-headlines","17":"tag-nachrichten","18":"tag-news","19":"tag-ronald-reagan-washington","20":"tag-schlagzeilen","21":"tag-systemausfall","22":"tag-united-states","23":"tag-united-states-of-america","24":"tag-us","25":"tag-usa","26":"tag-vereinigte-staaten","27":"tag-vereinigte-staaten-von-amerika","28":"tag-washington"},"share_on_mastodon":{"url":"https:\/\/pubeurope.com\/@de\/114514900300309952","error":""},"_links":{"self":[{"href":"https:\/\/www.europesays.com\/de\/wp-json\/wp\/v2\/posts\/113923","targetHints":{"allow":["GET"]}}],"collection":[{"href":"https:\/\/www.europesays.com\/de\/wp-json\/wp\/v2\/posts"}],"about":[{"href":"https:\/\/www.europesays.com\/de\/wp-json\/wp\/v2\/types\/post"}],"author":[{"embeddable":true,"href":"https:\/\/www.europesays.com\/de\/wp-json\/wp\/v2\/users\/2"}],"replies":[{"embeddable":true,"href":"https:\/\/www.europesays.com\/de\/wp-json\/wp\/v2\/comments?post=113923"}],"version-history":[{"count":0,"href":"https:\/\/www.europesays.com\/de\/wp-json\/wp\/v2\/posts\/113923\/revisions"}],"wp:featuredmedia":[{"embeddable":true,"href":"https:\/\/www.europesays.com\/de\/wp-json\/wp\/v2\/media\/113924"}],"wp:attachment":[{"href":"https:\/\/www.europesays.com\/de\/wp-json\/wp\/v2\/media?parent=113923"}],"wp:term":[{"taxonomy":"category","embeddable":true,"href":"https:\/\/www.europesays.com\/de\/wp-json\/wp\/v2\/categories?post=113923"},{"taxonomy":"post_tag","embeddable":true,"href":"https:\/\/www.europesays.com\/de\/wp-json\/wp\/v2\/tags?post=113923"}],"curies":[{"name":"wp","href":"https:\/\/api.w.org\/{rel}","templated":true}]}}