{"id":113925,"date":"2025-05-16T01:26:04","date_gmt":"2025-05-16T01:26:04","guid":{"rendered":"https:\/\/www.europesays.com\/de\/113925\/"},"modified":"2025-05-16T01:26:04","modified_gmt":"2025-05-16T01:26:04","slug":"louane-ist-frankreichs-esc-hoffnung-in-basel","status":"publish","type":"post","link":"https:\/\/www.europesays.com\/de\/113925\/","title":{"rendered":"Louane ist Frankreichs ESC-Hoffnung in Basel"},"content":{"rendered":"<p class=\"preface\">Der franz\u00f6sische Sender France TV hat die 28-j\u00e4hrige S\u00e4ngerin Louane als Kandidatin f\u00fcr den <a href=\"https:\/\/www.eurovision.de\/news\/ESC-2025-in-Basel-Alle-Infos-zu-Terminen-Teilnehmern-und-Songs,schweiz1314.html\" title=\"Zum Artikel: ESC 2025 in Basel: Alle Infos zu Terminen, Teilnehmern und Songs\" rel=\"nofollow noopener\" target=\"_blank\">Eurovision Song Contest 2025<\/a> in Basel nominiert. Sie tritt mit dem Song &#8222;Maman&#8220; an.<\/p>\n<p>Frankreich will in der Erfolgsspur bleiben: Nach dem guten vierten Platz von <a href=\"https:\/\/www.eurovision.de\/teilnehmer\/ESC-2024-Slimane-landet-fuer-Frankreich-auf-Platz-vier,frankreich1698.html\" title=\"Zum Artikel: ESC 2024: Slimane landet f\u00fcr Frankreich auf Platz vier\" rel=\"nofollow noopener\" target=\"_blank\">Slimane<\/a> im vergangenen Jahr in <a href=\"https:\/\/www.eurovision.de\/news\/ESC-2024-in-Schweden-Infos-News-Videos-Punkte,schweden1862.html\" title=\"Zum Artikel: ESC 2024 in Schweden: Infos, News, Videos, Punkte\" rel=\"nofollow noopener\" target=\"_blank\">Malm\u00f6<\/a>, nominiert der Sender France T\u00e9l\u00e9visions den ESC-Act erneut intern. Und die Grande Nation setzt dabei auf keine Unbekannte &#8211; im Gegenteil: Superstar Louane soll in Basel endlich den Sieg nach Frankreich holen. Ihren ESC-Song &#8222;Maman&#8220; pr\u00e4sentiert sie am 15. M\u00e4rz &#8211; in der Halbzeitpause des Rugbyspiels zwischen Frankreich und Schottland im Stade de France. Ein nationales Gro\u00dfereignis.<\/p>\n<p><img loading=\"lazy\" decoding=\"async\" width=\"184\" height=\"104\" src=\"https:\/\/www.europesays.com\/de\/wp-content\/uploads\/2025\/05\/frankreich1824_v-einspaltig.jpg\" alt=\"Louane auf der B\u00fchne f\u00fcr Frankreich in Basel \u00a9 eurovision.tv\/EBU Foto: Sarah Louise Bennett\" title=\"Louane auf der B\u00fchne f\u00fcr Frankreich in Basel\" class=\"showcopyright\" style=\"display:none\"\/><\/p>\n<p><b>VIDEO:<\/b> Frankreich: Louane &#8211; &#8222;Maman&#8220; | Zweites ESC-Halbfinale (3 Min)<\/p>\n<p class=\"quote\">\n&#8222;Es ist mir eine gro\u00dfe Ehre, Frankreich beim Eurovision Song Contest 2025 zu vertreten, f\u00fcr Frankreich, f\u00fcr mich und f\u00fcr meine Mutter. Ich freue mich darauf.&#8220;<br \/>\nLouane\n<\/p>\n<p>Louane verliert fr\u00fch Vater und Mutter<\/p>\n<p>Louane, die b\u00fcrgerlich Anne Edwige Maria Peichert hei\u00dft, w\u00e4chst in einer Patchworkfamilie in H\u00e9nin-Beaumont auf. Die verarmte Kohlestadt im Norden Frankreichs ist nur deshalb bekannt, weil sie seit Jahren eine Hochburg des Front National ist. Louane verliert fr\u00fch ihre Eltern, bleibt zur\u00fcck mit f\u00fcnf Geschwistern.<\/p>\n<p>Doch Louane kann der Tristesse entfliehen. Mit 16 ist sie die j\u00fcngste Teilnehmerin in der zweiten Staffel der franz\u00f6sischen Ausgabe von &#8222;The Voice&#8220;. Dort singt sie sich mit einer Version von John Lennons &#8222;Imagine&#8220; in die Herzen des Publikums. Den Auftritt widmet sie damals dem k\u00fcrzlich verstorbenen Vater. Louane schafft es bis ins Halbfinale der Show &#8211; und wird schlagartig bekannt.<\/p>\n<p>Preisgekr\u00f6nt mit &#8222;Verstehen Sie die B\u00e9liers?&#8220;<\/p>\n<p>Es folgt eine erste Single &#8211; und eine erste Filmrolle. Der Regisseur \u00c9ric Lartigau besetzt Louane 2014 in seiner warmherzigen Kom\u00f6die &#8222;Verstehen Sie die B\u00e9liers?&#8220;. Der Film ist mit \u00fcber sieben Millionen Zuschauern ein Kassenschlager in Frankreich. F\u00fcr die Rolle der Paula heimst Louane den nationalen Filmpreis C\u00e9sar f\u00fcr die beste Nebendarstellerin und einen &#8222;Prix Lumi\u00e8res&#8220; ein.<\/p>\n<p>Schon vor zehn Jahren ist Louane ein Superstar in Frankreich<\/p>\n<p><a href=\"https:\/\/www.europesays.com\/de\/wp-content\/uploads\/2025\/05\/louane146_v-contentgross.jpg\" class=\"zoomimage\" title=\"Louane ist gern gesehener Gast in Deutschland, wie auf dem Festival Soundcheck Neue Musik in G\u00f6ttingen im Jahr 2016. \u00a9 NDR Foto: Axel Herzig\"><\/p>\n<p><img decoding=\"async\" src=\"https:\/\/www.europesays.com\/de\/wp-content\/uploads\/2025\/05\/louane146_v-contentgross.jpg\" alt=\"Louane beim Soundcheck Neue Musik Festival in G\u00f6ttingen. \u00a9 NDR Foto: Axel Herzig\" title=\"Louane beim Soundcheck Neue Musik Festival in G\u00f6ttingen.\" class=\"responsive\"\/><\/p>\n<p><\/a><br \/>\nLouane ist gern gesehener Gast in Deutschland, wie auf dem Festival Soundcheck Neue Musik in G\u00f6ttingen im Jahr 2016.<\/p>\n<p>2015 gelingt Louane auch musikalisch der Durchbruch. Ihr erstes Album &#8222;Chambre 12&#8220; erscheint. Die Singleauskoppelung und Gesellschaftshymne &#8222;Avenir&#8220; katapultiert sich an die Spitze der franz\u00f6sischen Charts und steht wochenlang an Nummer eins. In Deutschland schafft es der Song auf Platz drei. Das M\u00e4dchen aus der Provinz ist pl\u00f6tzlich Dauergast in Radiostationen \u00fcber Frankreichs Grenzen hinaus, und hat sogar Auftritte in S\u00fcdkorea.<\/p>\n<p>Der Name Louane bedeutet so viel wie Licht<\/p>\n<p>&#8222;Louane zieht das Licht an, sie saugt es auf, und dann leuchtet sie von innen heraus. Aber das ist nicht alles. Sie kann singen. Auf ihrer Stimme liegt ein kleiner Schleier, eine winzige Unvollkommenheit, die sie unverwechselbar macht&#8220;, schreibt die <a href=\"https:\/\/www.welt.de\/print\/die_welt\/kultur\/article143972789\/Frankreich-hat-den-Superstar-gefunden.html\" title=\"Link: Link zu einem Beitrag in der Welt \u00fcber die franz\u00f6sische S\u00e4ngeri Louane\" rel=\"noopener nofollow\" target=\"_blank\">&#8222;Welt&#8220;<\/a>. Mit mehr als drei Millionen verkauften Alben und Singles hat Louane bereits ihre Spuren in der franz\u00f6sischen Musik hinterlassen. Sie besitzt das Talent, pers\u00f6nliche Geschichten mit universellen Themen zwischen Pop und Chanson zu verbinden.<\/p>\n<p>Weitere Informationen<\/p>\n<p><img decoding=\"async\" src=\"https:\/\/www.europesays.com\/de\/wp-content\/uploads\/2025\/05\/frankreichlaenderherz101_v-contentgross.jpg\" alt=\"Frankreich \u00a9 EBU\/dpa Foto: Britta Pedersen\" title=\"Frankreich\" class=\"responsive\"\/><\/p>\n<p>\nDas Land nimmt seit Beginn am Eurovision Song Contest teil. F\u00fcnf Mal hat Frankreich in all den Jahren den Wettbewerb gewonnen. Nur zwei Mal verzichteten  die Franzosen auf die Teilnahme.<br \/>\n<a title=\"Zum Artikel: ESC-Land Frankreich: Teilnehmer, Ergebnisse und Infos\" href=\"https:\/\/www.eurovision.de\/laender\/ESC-Land-Frankreich-Teilnehmer-Ergebnisse-und-Infos,frankreich642.html\" class=\"cta \" rel=\"nofollow noopener\" target=\"_blank\">mehr<\/a>\n<\/p>\n<p>Dieses Thema im Programm:<\/p>\n<p>Das Erste |<br \/>\nEurovision Song Contest |<br \/>\n17.05.2025 | 21:00 Uhr<\/p>\n","protected":false},"excerpt":{"rendered":"Der franz\u00f6sische Sender France TV hat die 28-j\u00e4hrige S\u00e4ngerin Louane als Kandidatin f\u00fcr den Eurovision Song Contest 2025&hellip;\n","protected":false},"author":2,"featured_media":113926,"comment_status":"","ping_status":"","sticky":false,"template":"","format":"standard","meta":{"footnotes":""},"categories":[3974],"tags":[331,332,44204,4630,548,663,3934,31740,3980,156,13,5509,14,15,12,30947],"class_list":{"0":"post-113925","1":"post","2":"type-post","3":"status-publish","4":"format-standard","5":"has-post-thumbnail","7":"category-frankreich","8":"tag-aktuelle-nachrichten","9":"tag-aktuelle-news","10":"tag-avenir","11":"tag-esc-2025","12":"tag-eu","13":"tag-europa","14":"tag-europe","15":"tag-eurovision","16":"tag-france","17":"tag-frankreich","18":"tag-headlines","19":"tag-louane","20":"tag-nachrichten","21":"tag-news","22":"tag-schlagzeilen","23":"tag-teilnehmerin"},"share_on_mastodon":{"url":"https:\/\/pubeurope.com\/@de\/114514911811922862","error":""},"_links":{"self":[{"href":"https:\/\/www.europesays.com\/de\/wp-json\/wp\/v2\/posts\/113925","targetHints":{"allow":["GET"]}}],"collection":[{"href":"https:\/\/www.europesays.com\/de\/wp-json\/wp\/v2\/posts"}],"about":[{"href":"https:\/\/www.europesays.com\/de\/wp-json\/wp\/v2\/types\/post"}],"author":[{"embeddable":true,"href":"https:\/\/www.europesays.com\/de\/wp-json\/wp\/v2\/users\/2"}],"replies":[{"embeddable":true,"href":"https:\/\/www.europesays.com\/de\/wp-json\/wp\/v2\/comments?post=113925"}],"version-history":[{"count":0,"href":"https:\/\/www.europesays.com\/de\/wp-json\/wp\/v2\/posts\/113925\/revisions"}],"wp:featuredmedia":[{"embeddable":true,"href":"https:\/\/www.europesays.com\/de\/wp-json\/wp\/v2\/media\/113926"}],"wp:attachment":[{"href":"https:\/\/www.europesays.com\/de\/wp-json\/wp\/v2\/media?parent=113925"}],"wp:term":[{"taxonomy":"category","embeddable":true,"href":"https:\/\/www.europesays.com\/de\/wp-json\/wp\/v2\/categories?post=113925"},{"taxonomy":"post_tag","embeddable":true,"href":"https:\/\/www.europesays.com\/de\/wp-json\/wp\/v2\/tags?post=113925"}],"curies":[{"name":"wp","href":"https:\/\/api.w.org\/{rel}","templated":true}]}}