{"id":1139259,"date":"2026-07-03T06:25:25","date_gmt":"2026-07-03T06:25:25","guid":{"rendered":"https:\/\/www.europesays.com\/de\/1139259\/"},"modified":"2026-07-03T06:25:25","modified_gmt":"2026-07-03T06:25:25","slug":"zur-aktuellen-meldung-regierungspraesidium-stuttgart","status":"publish","type":"post","link":"https:\/\/www.europesays.com\/de\/1139259\/","title":{"rendered":"Zur Aktuellen Meldung | Regierungspr\u00e4sidium Stuttgart"},"content":{"rendered":"<p> Kampfmittelbeseitigungsdienst <\/p>\n<p>\t\t\t\t\t\t\t\t\t\t\t\t\t\t\t\t\t\t       <img decoding=\"async\" loading=\"lazy\" src=\"https:\/\/www.europesays.com\/de\/wp-content\/uploads\/2026\/07\/csm_AdobeStock_210596434_Kampfmittel_Verbotsschild_pit24_a338dbb283.jpeg\" width=\"1280\" height=\"719\" title=\"Verbotsschild der Kampfmittelr\u00e4umung\" alt=\"Verbotsschild der Kampfmittelr\u00e4umung\"\/> <\/p>\n<p>  CrazyCloud &#8211; stock.adobe.com <\/p>\n<p>\t\t\t\t\t\t\t\t\t\t\t\t\t\t\t\t\tVerbotsschild der Kampfmittelr\u00e4umung<\/p>\n<p> Verbotsschild der Kampfmittelr\u00e4umung <\/p>\n<p><strong>Ein bei Bauarbeiten in der Wildbader Stra\u00dfe in Bad Cannstatt entdeckter Weltkriegsblindg\u00e4nger ist am Donnerstag erfolgreich entsch\u00e4rft worden. Rund 500 Anwohnerinnen und Anwohner und der Stadtbahnbetrieb waren betroffen.<\/strong><\/p>\n<p>Den bei Bauarbeiten in Bad Cannstatt am Donnerstag, 2. Juli, gefundenen Blindg\u00e4nger konnte der Kampfmittelbeseitigungsdienst erfolgreich entsch\u00e4rfen. Aus Sicherheitsgr\u00fcnden musste dies bei der besch\u00e4digten Bombe unverz\u00fcglich geschehen. Die rund 500 Anwohnerinnen und Anwohner k\u00f6nnen nun zur\u00fcckkehren.<\/p>\n<p>Am Mittag war bei Arbeiten auf einer Baustelle im Bereich der Wildbader Stra\u00dfe eine nicht explodierte Weltkriegsbombe entdeckt worden. Die Bergung und Entsch\u00e4rfung des circa 50 Kilogramm schweren Sprengk\u00f6rpers musste durch den Kampfmittelbeseitigungsdienst im Regierungspr\u00e4sidium Stuttgart unmittelbar vor Ort erfolgen.<\/p>\n<p>Um Gef\u00e4hrdungen f\u00fcr die Stuttgarter Bev\u00f6lkerung auszuschlie\u00dfen, wurde vom Amt f\u00fcr \u00f6ffentliche Ordnung eine Sperrzone mit einem Sicherheitsradius von etwa 150 Metern um den Fundort eingerichtet. Die Evakuierung begann um 13.30 Uhr und konnte bis 16.30 Uhr abgeschlossen werden. Anschlie\u00dfend begann der Kampfmittelbeseitigungsdienst mit der Entsch\u00e4rfung des Blindg\u00e4ngers. Die erfolgreiche Entsch\u00e4rfung der Weltkriegsbombe wurde um 16.50 Uhr gemeldet. Im Anschluss hat der Kampfmittelbeseitigungsdienst den Sprengk\u00f6rper sicher verladen und abtransportiert.<\/p>\n<p>Kr\u00e4fte des Bev\u00f6lkerungsschutzes haben in der Sporthalle der Jahn-Realschule eine Notunterkunft eingerichtet und Personen betreut, die ihr Zuhause verlassen mussten.\u00a0<\/p>\n<p>Das Amt f\u00fcr \u00f6ffentliche Ordnung richtete f\u00fcr telefonische Anfragen aus der Bev\u00f6lkerung \u00fcber die Zeit der Evakuierung ein B\u00fcrgertelefon ein. Hier gingen mehr als 50 Anrufe ein.<\/p>\n<p>F\u00fcr die Abwicklung waren zirka 50 Einsatzkr\u00e4fte der Polizei und 25 Einsatzkr\u00e4fte der Branddirektion sowie das Amt f\u00fcr \u00f6ffentliche Ordnung vor Ort.<\/p>\n<p>Quelle: Landeshauptstadt Stuttgart<\/p>\n<p>\t\t\t\t\t\t\t\t\t\t\t\t\t\t\t <a href=\"https:\/\/rps.baden-wuerttemberg.de\/seiten\/aktuellemeldungen\/\" id=\"backButton\" class=\"btn btn-primary mb-3\" rel=\"nofollow noopener\" target=\"_blank\"> Zur\u00fcck <\/a> <\/p>\n","protected":false},"excerpt":{"rendered":"Kampfmittelbeseitigungsdienst CrazyCloud &#8211; stock.adobe.com Verbotsschild der Kampfmittelr\u00e4umung Verbotsschild der Kampfmittelr\u00e4umung Ein bei Bauarbeiten in der Wildbader Stra\u00dfe in&hellip;\n","protected":false},"author":2,"featured_media":1139260,"comment_status":"","ping_status":"","sticky":false,"template":"","format":"standard","meta":{"footnotes":"","_share_on_mastodon":"0"},"categories":[1830],"tags":[11421,1634,7667,3364,29,30,27270,28425,239714,1441,10668,11192],"class_list":["post-1139259","post","type-post","status-publish","format-standard","has-post-thumbnail","category-stuttgart","tag-bad-cannstatt","tag-baden-wuerttemberg","tag-bombe","tag-de","tag-deutschland","tag-germany","tag-kampfmittel","tag-kampfmittelbeseitigung","tag-landeshauptstadt-stuttgart","tag-stuttgart","tag-weltkrieg","tag-weltkriegsbombe"],"share_on_mastodon":{"url":"https:\/\/pubeurope.com\/@de\/116854623483134300","error":""},"_links":{"self":[{"href":"https:\/\/www.europesays.com\/de\/wp-json\/wp\/v2\/posts\/1139259","targetHints":{"allow":["GET"]}}],"collection":[{"href":"https:\/\/www.europesays.com\/de\/wp-json\/wp\/v2\/posts"}],"about":[{"href":"https:\/\/www.europesays.com\/de\/wp-json\/wp\/v2\/types\/post"}],"author":[{"embeddable":true,"href":"https:\/\/www.europesays.com\/de\/wp-json\/wp\/v2\/users\/2"}],"replies":[{"embeddable":true,"href":"https:\/\/www.europesays.com\/de\/wp-json\/wp\/v2\/comments?post=1139259"}],"version-history":[{"count":0,"href":"https:\/\/www.europesays.com\/de\/wp-json\/wp\/v2\/posts\/1139259\/revisions"}],"wp:featuredmedia":[{"embeddable":true,"href":"https:\/\/www.europesays.com\/de\/wp-json\/wp\/v2\/media\/1139260"}],"wp:attachment":[{"href":"https:\/\/www.europesays.com\/de\/wp-json\/wp\/v2\/media?parent=1139259"}],"wp:term":[{"taxonomy":"category","embeddable":true,"href":"https:\/\/www.europesays.com\/de\/wp-json\/wp\/v2\/categories?post=1139259"},{"taxonomy":"post_tag","embeddable":true,"href":"https:\/\/www.europesays.com\/de\/wp-json\/wp\/v2\/tags?post=1139259"}],"curies":[{"name":"wp","href":"https:\/\/api.w.org\/{rel}","templated":true}]}}