{"id":1139277,"date":"2026-07-03T06:35:17","date_gmt":"2026-07-03T06:35:17","guid":{"rendered":"https:\/\/www.europesays.com\/de\/1139277\/"},"modified":"2026-07-03T06:35:17","modified_gmt":"2026-07-03T06:35:17","slug":"melina-juergensen-wird-kaufmaennische-direktorin-in-berlin","status":"publish","type":"post","link":"https:\/\/www.europesays.com\/de\/1139277\/","title":{"rendered":"Melina J\u00fcrgensen wird kaufm\u00e4nnische Direktorin in Berlin"},"content":{"rendered":"<p>Das Alexianer St. Gertrauden Krankenhaus in Berlin hat Melina J\u00fcrgensen zur kaufm\u00e4nnischen Direktorin ernannt. Sie hat die Funktion zum 1. Juli 2026 \u00fcbernommen.\u00a0<\/p>\n<p>J\u00fcrgensen bringt nach Angaben des Hauses langj\u00e4hrige Erfahrung in kaufm\u00e4nnischen F\u00fchrungspositionen im Gesundheitswesen mit. Sie verf\u00fcgt \u00fcber einen MBA in Gesundheitsmanagement und begann ihre Laufbahn im Controlling der Kliniktr\u00e4ger Sana, Median und Asklepios. Dort befasste sie sich mit wirtschaftlichen Steuerungsprozessen im Krankenhausbereich. Anschlie\u00dfend arbeitete sie als Referentin der Gesch\u00e4ftsf\u00fchrung im Amalie Sieveking Krankenhaus.\u00a0<\/p>\n<p>Erfahrung in Kliniken, MVZ und OP-Zentren<\/p>\n<p>Seit 2019 \u00fcbernahm J\u00fcrgensen als Klinikmanagerin und kaufm\u00e4nnische Leiterin Verantwortung f\u00fcr verschiedene Fachkliniken, ambulante Operationszentren und Medizinische Versorgungszentren (MVZ).\u00a0<\/p>\n<p>Zuletzt war sie als kaufm\u00e4nnische Direktorin und Prokuristin am Ernst von Bergmann Klinikum Potsdam t\u00e4tig. Dort verantwortete sie zentrale Verwaltungsbereiche wie Medizin-, Finanz- und Personalcontrolling, Patientenaufnahme sowie Qualit\u00e4tsmanagement. Dar\u00fcber hinaus trug sie die Letztverantwortung f\u00fcr die Bereiche Apotheke, Diagnostik (Labor und Pathologie) sowie den ASV-Bereich.<\/p>\n<p>cs<\/p>\n","protected":false},"excerpt":{"rendered":"Das Alexianer St. Gertrauden Krankenhaus in Berlin hat Melina J\u00fcrgensen zur kaufm\u00e4nnischen Direktorin ernannt. Sie hat die Funktion&hellip;\n","protected":false},"author":2,"featured_media":1139278,"comment_status":"","ping_status":"","sticky":false,"template":"","format":"standard","meta":{"footnotes":"","_share_on_mastodon":"0"},"categories":[1825],"tags":[1941,1939,239720,296,1937,68538,29,68540,68539,27507,239721,30,27508,4612,290,27502,239718,20069,4344,221553,3263,215556,10701,27503,239722,166,837,68541,27505,239719,1940,1938,239723],"class_list":["post-1139277","post","type-post","status-publish","format-standard","has-post-thumbnail","category-berlin","tag-aktuelle-nachrichten-aus-berlin","tag-aktuelle-news-aus-berlin","tag-alexianer-st-gertrauden-krankenhaus","tag-berlin","tag-berlin-news","tag-bibliomed","tag-deutschland","tag-drg","tag-drg-forum","tag-e-health","tag-fuehrungswechsel-klinik","tag-germany","tag-gesundheitsmanagement","tag-gesundheitspolitik","tag-gesundheitswesen","tag-gesundheitswirtschaft","tag-kaufmaennische-direktorin-krankenhaus","tag-klinik","tag-kliniken","tag-klinikmanagement","tag-krankenhaus","tag-krankenhaus-berlin","tag-krankenhaeuser","tag-krankenhausmanagement","tag-krankenhausverwaltung","tag-krankenkassen","tag-medizin","tag-medizincontrolling","tag-medizintechnik","tag-melina-juergensen","tag-nachrichten-aus-berlin","tag-news-aus-berlin","tag-personalie-gesundheitswesen"],"share_on_mastodon":{"url":"","error":""},"_links":{"self":[{"href":"https:\/\/www.europesays.com\/de\/wp-json\/wp\/v2\/posts\/1139277","targetHints":{"allow":["GET"]}}],"collection":[{"href":"https:\/\/www.europesays.com\/de\/wp-json\/wp\/v2\/posts"}],"about":[{"href":"https:\/\/www.europesays.com\/de\/wp-json\/wp\/v2\/types\/post"}],"author":[{"embeddable":true,"href":"https:\/\/www.europesays.com\/de\/wp-json\/wp\/v2\/users\/2"}],"replies":[{"embeddable":true,"href":"https:\/\/www.europesays.com\/de\/wp-json\/wp\/v2\/comments?post=1139277"}],"version-history":[{"count":0,"href":"https:\/\/www.europesays.com\/de\/wp-json\/wp\/v2\/posts\/1139277\/revisions"}],"wp:featuredmedia":[{"embeddable":true,"href":"https:\/\/www.europesays.com\/de\/wp-json\/wp\/v2\/media\/1139278"}],"wp:attachment":[{"href":"https:\/\/www.europesays.com\/de\/wp-json\/wp\/v2\/media?parent=1139277"}],"wp:term":[{"taxonomy":"category","embeddable":true,"href":"https:\/\/www.europesays.com\/de\/wp-json\/wp\/v2\/categories?post=1139277"},{"taxonomy":"post_tag","embeddable":true,"href":"https:\/\/www.europesays.com\/de\/wp-json\/wp\/v2\/tags?post=1139277"}],"curies":[{"name":"wp","href":"https:\/\/api.w.org\/{rel}","templated":true}]}}