{"id":1139349,"date":"2026-07-03T07:17:15","date_gmt":"2026-07-03T07:17:15","guid":{"rendered":"https:\/\/www.europesays.com\/de\/1139349\/"},"modified":"2026-07-03T07:17:15","modified_gmt":"2026-07-03T07:17:15","slug":"donald-trump-treibt-die-usa-an-ihre-demokratischen-grenzen","status":"publish","type":"post","link":"https:\/\/www.europesays.com\/de\/1139349\/","title":{"rendered":"Donald Trump treibt die USA an ihre demokratischen Grenzen"},"content":{"rendered":"<p class=\"tracking-tight font-semibold text-base\" q:key=\"O8_0\">US-Pr\u00e4sident Donald Trump regiert per Dekret am Kongress vorbei. Fachleute diskutieren, ob der \u00abPoint of no Return\u00bb bereits erreicht ist.<\/p>\n<p><img onload=\"this.style.backgroundColor = ''\" loading=\"eager\" fetchpriority=\"high\" decoding=\"sync\" height=\"450\" alt=\"donald trump\" width=\"900\"  style=\"aspect-ratio:2;object-fit:cover;background-color:#584659\"  src=\"https:\/\/www.europesays.com\/de\/wp-content\/uploads\/2026\/07\/donald-trump.jpg\" class=\"rounded-xl mx-auto\" on:load=\"q-B2-ggAx_.js#s_pVFDuJsFGxQ\"\/>Loyalisten in Beh\u00f6rden, Dekrete statt Gesetze \u2013 wie weit hat Donald Trump die amerikanische Demokratie schon ver\u00e4ndert? &#8211; keystone<\/p>\n<p preventdefault:click=\"\" lang=\"de\" class=\"text-base hyphens-auto\" on:click=\"q-B-SyV_lZ.js#s_Dola2XqN0FU[0 1]\" q:key=\"YR_0\" q:id=\"9a\">Die Vereinigten Staaten feiern in diesem Jahr 250 Jahre Unabh\u00e4ngigkeit, und dennoch w\u00e4chst die Abh\u00e4ngigkeit <a href=\"https:\/\/www.nau.ch\/news\/amerika\/trump-rechtfertigt-milliardengewinne-aus-kryptogeschaften-67144739\" rel=\"nofollow noopener\" target=\"_blank\">von einer einzigen Person<\/a>. Die Organisation Freedom House misst den Freiheitswert der USA und verzeichnet einen klaren R\u00fcckgang seit 2017.<\/p>\n<p preventdefault:click=\"\" lang=\"de\" class=\"text-base hyphens-auto\" on:click=\"q-B-SyV_lZ.js#s_Dola2XqN0FU[0 1]\" q:key=\"YR_0\" q:id=\"9c\">Der Wert fiel von 89 Punkten im Jahr 2017 auf aktuell 81 Punkte, wie \u00abBR24\u00bb berichtet. Menschenrechtsorganisationen wie die ACLU und <a href=\"https:\/\/www.nau.ch\/news\/human-rights-watch\" rel=\"nofollow noopener\" target=\"_blank\">Human Rights Watch<\/a> sprechen laut demselben Bericht von einer systematischen Aush\u00f6hlung demokratischer Normen.<\/p>\n<p>Sind die USA unter Donald Trump am \u00abPoint of no Return\u00bb angelangt?<\/p>\n<p>1Ja.<\/p>\n<p>2Nein.<\/p>\n<p preventdefault:click=\"\" lang=\"de\" class=\"text-base hyphens-auto\" on:click=\"q-B-SyV_lZ.js#s_Dola2XqN0FU[0 1]\" q:key=\"YR_0\" q:id=\"9m\">Die US-Expertin Sandra Navidi formuliert ihre Einsch\u00e4tzung im Interview mit \u00abBR24\u00bb zugespitzt und ausgesprochen drastisch. \u00abIm Grunde genommen haben wir schon eine Art Diktatur, weil Donald Trump alles durchsetzt, was er m\u00f6chte\u00bb, sagt sie.<\/p>\n<p>Donald Trump und die Checks and Balances<\/p>\n<p preventdefault:click=\"\" lang=\"de\" class=\"text-base hyphens-auto\" on:click=\"q-B-SyV_lZ.js#s_Dola2XqN0FU[0 1]\" q:key=\"YR_0\" q:id=\"9o\">Der Politikwissenschaftler Philipp Adorf von der Universit\u00e4t Bonn beurteilt die Lage deutlich differenzierter als Navidi. Die USA seien laut \u00abBR24\u00bb noch nicht vollst\u00e4ndig abgedriftet, doch der Schaden bleibe teilweise strukturell dauerhaft.<\/p>\n<p preventdefault:click=\"\" lang=\"de\" class=\"text-base hyphens-auto\" on:click=\"q-B-SyV_lZ.js#s_Dola2XqN0FU[0 1]\" q:key=\"YR_0\" q:id=\"9q\">Der Rechtswissenschaftler Russell Miller beschreibt ein zentrales strukturelles Problem der amerikanischen Demokratie heute. Der Kongress funktioniere laut Miller nicht mehr unabh\u00e4ngig, sondern sei zur reinen <a href=\"https:\/\/www.nau.ch\/news\/amerika\/trump-kundigt-parteitag-vor-den-zwischenwahlen-an-67144327\" rel=\"nofollow noopener\" target=\"_blank\">Plattform von Parteiinteressen<\/a> verkommen.<\/p>\n<p preventdefault:click=\"\" lang=\"de\" class=\"text-base hyphens-auto\" on:click=\"q-B-SyV_lZ.js#s_Dola2XqN0FU[0 1]\" q:key=\"YR_0\" q:id=\"9s\">Republikanische Abgeordnete stellen sich Donald Trump kaum entgegen, teils aus \u00dcberzeugung, teils aus Furcht vor Konsequenzen. Miller sagt, auch das Volk sei Teil der Checks and Balances \u2013 und die Amerikaner erf\u00fcllten diese Rolle nicht gut.<\/p>\n<p>Donald Trump und das Urteil zum Geburtsrecht<\/p>\n<p preventdefault:click=\"\" lang=\"de\" class=\"text-base hyphens-auto\" on:click=\"q-B-SyV_lZ.js#s_Dola2XqN0FU[0 1]\" q:key=\"YR_0\" q:id=\"9u\">Wie stark einzelne Institutionen Donald Trump derzeit noch Grenzen setzen k\u00f6nnen, zeigte zuletzt der Supreme Court. Laut \u00abZDFheute\u00bb kippte das <a href=\"https:\/\/www.nau.ch\/news\/gericht\" rel=\"nofollow noopener\" target=\"_blank\">Gericht<\/a> ein Dekret, mit dem Donald Trump das automatische <a href=\"https:\/\/www.nau.ch\/news\/amerika\/trump-scheitert-vor-dem-supreme-court-beim-geburtsrecht-67144382\" rel=\"nofollow noopener\" target=\"_blank\">Geburtsrecht einschr\u00e4nken wollte.<\/a><\/p>\n<p><img onload=\"this.style.backgroundColor = ''\" loading=\"lazy\" decoding=\"async\" height=\"600\" alt=\"donald trump\" width=\"900\"  style=\"aspect-ratio:1.5;object-fit:cover;background-color:#52524F\"  src=\"https:\/\/www.europesays.com\/de\/wp-content\/uploads\/2026\/07\/1783063035_538_donald-trump.jpg\" class=\"rounded-xl mx-auto\" on:load=\"q-B2-ggAx_.js#s_pVFDuJsFGxQ\"\/>Zwischen Diktatur-Warnung und Beruhigung \u2013 Fachleute bewerten, wie nah Donald Trump die USA an den \u00abPoint of no Return\u00bb gebracht hat. &#8211; keystone<\/p>\n<p preventdefault:click=\"\" lang=\"de\" class=\"text-base hyphens-auto\" on:click=\"q-B-SyV_lZ.js#s_Dola2XqN0FU[0 1]\" q:key=\"YR_0\" q:id=\"9z\">Kinder, die auf US-Boden geboren werden, erhalten demnach weiterhin automatisch die Staatsb\u00fcrgerschaft, unabh\u00e4ngig vom Aufenthaltsstatus ihrer Eltern. Das Urteil fiel laut dem Sender mit sechs zu drei Stimmen gegen die Position von Donald Trump aus.<\/p>\n<p preventdefault:click=\"\" lang=\"de\" class=\"text-base hyphens-auto\" on:click=\"q-B-SyV_lZ.js#s_Dola2XqN0FU[0 1]\" q:key=\"YR_0\" q:id=\"a1\">Berater Stephen Miller hatte im Vorfeld ein einstimmiges Urteil gegen das Geburtsrecht gefordert, wie der \u00abTagesspiegel\u00bb schreibt. Ein anderslautendes Urteil h\u00e4tte aus seiner Sicht einer \u00abnicht funktionierenden Demokratie\u00bb entsprochen.<\/p>\n","protected":false},"excerpt":{"rendered":"US-Pr\u00e4sident Donald Trump regiert per Dekret am Kongress vorbei. Fachleute diskutieren, ob der \u00abPoint of no Return\u00bb bereits&hellip;\n","protected":false},"author":2,"featured_media":1139350,"comment_status":"","ping_status":"","sticky":false,"template":"","format":"standard","meta":{"footnotes":"","_share_on_mastodon":"0"},"categories":[3977],"tags":[331,332,1497,146,106,13,12070,14,15,12,4017,4018,4016,64,4019,4020],"class_list":["post-1139349","post","type-post","status-publish","format-standard","has-post-thumbnail","category-usa","tag-aktuelle-nachrichten","tag-aktuelle-news","tag-dekret","tag-demokratie","tag-donald-trump","tag-headlines","tag-kongress","tag-nachrichten","tag-news","tag-schlagzeilen","tag-united-states","tag-united-states-of-america","tag-us","tag-usa","tag-vereinigte-staaten","tag-vereinigte-staaten-von-amerika"],"share_on_mastodon":{"url":"https:\/\/pubeurope.com\/@de\/116854827980653491","error":""},"_links":{"self":[{"href":"https:\/\/www.europesays.com\/de\/wp-json\/wp\/v2\/posts\/1139349","targetHints":{"allow":["GET"]}}],"collection":[{"href":"https:\/\/www.europesays.com\/de\/wp-json\/wp\/v2\/posts"}],"about":[{"href":"https:\/\/www.europesays.com\/de\/wp-json\/wp\/v2\/types\/post"}],"author":[{"embeddable":true,"href":"https:\/\/www.europesays.com\/de\/wp-json\/wp\/v2\/users\/2"}],"replies":[{"embeddable":true,"href":"https:\/\/www.europesays.com\/de\/wp-json\/wp\/v2\/comments?post=1139349"}],"version-history":[{"count":0,"href":"https:\/\/www.europesays.com\/de\/wp-json\/wp\/v2\/posts\/1139349\/revisions"}],"wp:featuredmedia":[{"embeddable":true,"href":"https:\/\/www.europesays.com\/de\/wp-json\/wp\/v2\/media\/1139350"}],"wp:attachment":[{"href":"https:\/\/www.europesays.com\/de\/wp-json\/wp\/v2\/media?parent=1139349"}],"wp:term":[{"taxonomy":"category","embeddable":true,"href":"https:\/\/www.europesays.com\/de\/wp-json\/wp\/v2\/categories?post=1139349"},{"taxonomy":"post_tag","embeddable":true,"href":"https:\/\/www.europesays.com\/de\/wp-json\/wp\/v2\/tags?post=1139349"}],"curies":[{"name":"wp","href":"https:\/\/api.w.org\/{rel}","templated":true}]}}