{"id":113938,"date":"2025-05-16T01:35:28","date_gmt":"2025-05-16T01:35:28","guid":{"rendered":"https:\/\/www.europesays.com\/de\/113938\/"},"modified":"2025-05-16T01:35:28","modified_gmt":"2025-05-16T01:35:28","slug":"msv-duisburg-reist-mit-voller-kapelle-zum-saisonfinale","status":"publish","type":"post","link":"https:\/\/www.europesays.com\/de\/113938\/","title":{"rendered":"MSV Duisburg reist mit voller Kapelle zum Saisonfinale"},"content":{"rendered":"\n<p>Personell sieht es bei den Meiderichern mehr als gut aus. Einzig die beiden Langzeitverletzten Thomas Pledl und Leon M\u00fcller fallen aus, ansonsten kann Hirsch auf seinen gesamten Kader zur\u00fcckgreifen und &#8222;die Mannschaft auf das Feld schicken, von der wir denken, dass sie die besten Siegchancen hat&#8220;. Eine Position ist dabei schon sicher: Max Braune kehrt zwischen die Pfosten zur\u00fcck, nachdem im vergangenen Spiel gegen den Wuppertaler SV Ersatzkeeper Julius Paris das Tor der Zebras h\u00fctete.<\/p>\n<p> Ausgeruht ins Saisonfinale <\/p>\n<p>Mit 60 erzielten Toren stellt Lotte die zweitbeste Offensive der Liga. Nur der FC G\u00fctersloh hat mit 61 Treffern \u00f6fter gejubelt. Allerdings gab es auch 41 Gegentore, womit die Sportfreunde-Defensive fast doppelt so viele Treffer kassiert haben wir der MSV. &#8222;Ich erwarte ein spielstarke Mannschaft, die Lust hat, Fu\u00dfball zu spielen&#8220;, erkl\u00e4rt Hirsch. &#8222;F\u00fcr eine Spitzenmannschaft haben sie aber verh\u00e4ltnism\u00e4\u00dfig viele Gegentore bekommen. Wir wollen unser Spiel auf den Rasen bringen und das letzte Meisterschaftsspiel gewinnen&#8220;, f\u00fchrt er weiter aus.<\/p>\n<p>Seine Mannschaft hat die Meisterschaftsfeierlichkeiten gut \u00fcberstanden und das spielfreie Wochenende zur Regeneration genutzt. &#8222;Durch den Ausfall des Spiels gegen Uerdingen konnten wir durschnaufen und drei freie Tage einstreuen. Vor dem Spiel in Lotte hatten wir aber eine ganz normale Trainingswoche&#8220;, erl\u00e4utert der Coach. Begleitet wird der MSV von mindestens 2.000 Anh\u00e4ngern. Noch bis zum Freitagmittag um 14 Uhr sind Tickets im ZebraShop am Stadion erh\u00e4ltlich, am Lotter Stadion wird es voraussichtlich eine Tageskasse f\u00fcr kurzentschlossene G\u00e4ste-Fans geben. FuPa Niederrhein tickert auch dieses Spiel ausf\u00fchrlich.<\/p>\n","protected":false},"excerpt":{"rendered":"Personell sieht es bei den Meiderichern mehr als gut aus. Einzig die beiden Langzeitverletzten Thomas Pledl und Leon&hellip;\n","protected":false},"author":2,"featured_media":113939,"comment_status":"","ping_status":"","sticky":false,"template":"","format":"standard","meta":{"footnotes":""},"categories":[1838],"tags":[3364,29,3715,30,3721,1209,3840,11615],"class_list":{"0":"post-113938","1":"post","2":"type-post","3":"status-publish","4":"format-standard","5":"has-post-thumbnail","7":"category-duisburg","8":"tag-de","9":"tag-deutschland","10":"tag-duisburg","11":"tag-germany","12":"tag-msv-duisburg","13":"tag-nordrhein-westfalen","14":"tag-regionalliga-west","15":"tag-sportfreunde-lotte"},"share_on_mastodon":{"url":"https:\/\/pubeurope.com\/@de\/114514947147402963","error":""},"_links":{"self":[{"href":"https:\/\/www.europesays.com\/de\/wp-json\/wp\/v2\/posts\/113938","targetHints":{"allow":["GET"]}}],"collection":[{"href":"https:\/\/www.europesays.com\/de\/wp-json\/wp\/v2\/posts"}],"about":[{"href":"https:\/\/www.europesays.com\/de\/wp-json\/wp\/v2\/types\/post"}],"author":[{"embeddable":true,"href":"https:\/\/www.europesays.com\/de\/wp-json\/wp\/v2\/users\/2"}],"replies":[{"embeddable":true,"href":"https:\/\/www.europesays.com\/de\/wp-json\/wp\/v2\/comments?post=113938"}],"version-history":[{"count":0,"href":"https:\/\/www.europesays.com\/de\/wp-json\/wp\/v2\/posts\/113938\/revisions"}],"wp:featuredmedia":[{"embeddable":true,"href":"https:\/\/www.europesays.com\/de\/wp-json\/wp\/v2\/media\/113939"}],"wp:attachment":[{"href":"https:\/\/www.europesays.com\/de\/wp-json\/wp\/v2\/media?parent=113938"}],"wp:term":[{"taxonomy":"category","embeddable":true,"href":"https:\/\/www.europesays.com\/de\/wp-json\/wp\/v2\/categories?post=113938"},{"taxonomy":"post_tag","embeddable":true,"href":"https:\/\/www.europesays.com\/de\/wp-json\/wp\/v2\/tags?post=113938"}],"curies":[{"name":"wp","href":"https:\/\/api.w.org\/{rel}","templated":true}]}}