{"id":113951,"date":"2025-05-16T01:42:13","date_gmt":"2025-05-16T01:42:13","guid":{"rendered":"https:\/\/www.europesays.com\/de\/113951\/"},"modified":"2025-05-16T01:42:13","modified_gmt":"2025-05-16T01:42:13","slug":"diebstahl-in-klinik-lilienthal-angestellter-nicht-weiter-dort-taetig-ndr-de-nachrichten-niedersachsen","status":"publish","type":"post","link":"https:\/\/www.europesays.com\/de\/113951\/","title":{"rendered":"Diebstahl in Klinik Lilienthal: Angestellter nicht weiter dort t\u00e4tig | NDR.de &#8211; Nachrichten &#8211; Niedersachsen"},"content":{"rendered":"<p>\nStand: 15.05.2025 15:56 Uhr\n<\/p>\n<p class=\"preface\">Die Polizei hat eine Serie von Diebst\u00e4hlen in der Klinik Lilienthal (Landkreis Osterholz) aufgekl\u00e4rt. Ein Angestellter soll Patienten bestohlen haben. Die Klinik k\u00fcndigte arbeitsrechtliche Schritte an.<\/p>\n<p>Nach Angaben der Polizeiinspektion Verden\/Osterholz soll der 27-J\u00e4hrige in fast 30 F\u00e4llen Bargeld, EC-Karten und Schmuck gestohlen, Geld von den Konten abgehoben und mit den Karten eingekauft haben. Der entstandene Schaden liegt laut Polizei im f\u00fcnfstelligen Bereich. Am Dienstag ertappte die Polizei den 27-J\u00e4hrigen nach eigenen Angaben bei einem Diebstahl auf frischer Tat. Wie es dazu kam, dass der 27-J\u00e4hrige gestellt wurde, sagte eine Polizeisprecherin auf Nachfrage nicht. Sie verwies auf ermittlungstaktische Gr\u00fcnde.<\/p>\n<p>Staatsanwaltschaft Verden lie\u00df Wohnung und Spind durchsuchen<\/p>\n<p>Die Ermittler nahmen den 27-J\u00e4hrigen an Dienstag zun\u00e4chst vorl\u00e4ufig fest. Das Amtsgericht Osterholz erlie\u00df auf Antrag der Staatsanwaltschaft Verden einen Durchsuchungsbeschluss f\u00fcr seine Wohnung und seinen Spind. Nach den polizeilichen Ma\u00dfnahmen wurde der 27-J\u00e4hrige wieder entlassen, da laut Polizei keine Haftgr\u00fcnde, wie Flucht- oder Verdunkelungsgefahr bestehen. Eine Sprecherin der Klinik Lilienthal best\u00e4tigte dem NDR Niedersachsen am Donnerstag, dass es in der Klinik zu den Diebst\u00e4hlen gekommen sei. Der 27-J\u00e4hrige sei seit seiner Festnahme am Dienstag nicht weiter in dem Krankenhaus t\u00e4tig. Es seien arbeitsrechtliche Ma\u00dfnahmen eingeleitet worden, so die Sprecherin.<\/p>\n<p>Jederzeit zum Nachh\u00f6ren<\/p>\n<p><img decoding=\"async\" src=\"https:\/\/www.europesays.com\/de\/wp-content\/uploads\/2025\/04\/regionalol100_v-contentgross.jpg\" alt=\"Blick auf den Lappan, das Wahrzeichen der Stadt Oldenburg. \u00a9 NDR Foto: Julius Matuschik\" title=\"Blick auf den Lappan, das Wahrzeichen der Stadt Oldenburg.\" class=\"responsive\"\/><\/p>\n<p>8 Min<\/p>\n<p>\nWas in Ihrer Region wichtig ist, h\u00f6ren Sie in dem Mitschnitt der 15.00 Uhr Regional-Nachrichten auf NDR 1 Niedersachsen.<br \/>\n<a title=\"Zum Audiobeitrag: Nachrichten aus dem Studio Oldenburg\" href=\"https:\/\/www.ndr.de\/ndr1niedersachsen\/Nachrichten-aus-dem-Studio-Oldenburg,audio1873756.html\" class=\"cta \" rel=\"nofollow noopener\" target=\"_blank\">8 Min<\/a>\n<\/p>\n<p>Dieses Thema im Programm:<\/p>\n<p>NDR 1 Niedersachsen |<br \/>\nRegional Oldenburg |<br \/>\n15.05.2025 | 08:30 Uhr<\/p>\n<p><img decoding=\"async\" src=\"https:\/\/www.europesays.com\/de\/wp-content\/uploads\/2025\/03\/ndr_printlogo.gif\" alt=\"NDR Logo\" title=\"NDR Logo\"\/><\/p>\n","protected":false},"excerpt":{"rendered":"Stand: 15.05.2025 15:56 Uhr Die Polizei hat eine Serie von Diebst\u00e4hlen in der Klinik Lilienthal (Landkreis Osterholz) aufgekl\u00e4rt.&hellip;\n","protected":false},"author":2,"featured_media":113952,"comment_status":"","ping_status":"","sticky":false,"template":"","format":"standard","meta":{"footnotes":""},"categories":[1824],"tags":[26651,44207,44205,6258,2420,3364,29,1686,44206,30,3263,22077,2399,1806],"class_list":{"0":"post-113951","1":"post","2":"type-post","3":"status-publish","4":"format-standard","5":"has-post-thumbnail","7":"category-bremen","8":"tag-27-jaehriger","9":"tag-angestellter","10":"tag-aufgeklaert","11":"tag-bargeld","12":"tag-bremen","13":"tag-de","14":"tag-deutschland","15":"tag-diebstahl","16":"tag-ec-karten","17":"tag-germany","18":"tag-krankenhaus","19":"tag-lilienthal","20":"tag-schmuck","21":"tag-serie"},"share_on_mastodon":{"url":"https:\/\/pubeurope.com\/@de\/114514974826484683","error":""},"_links":{"self":[{"href":"https:\/\/www.europesays.com\/de\/wp-json\/wp\/v2\/posts\/113951","targetHints":{"allow":["GET"]}}],"collection":[{"href":"https:\/\/www.europesays.com\/de\/wp-json\/wp\/v2\/posts"}],"about":[{"href":"https:\/\/www.europesays.com\/de\/wp-json\/wp\/v2\/types\/post"}],"author":[{"embeddable":true,"href":"https:\/\/www.europesays.com\/de\/wp-json\/wp\/v2\/users\/2"}],"replies":[{"embeddable":true,"href":"https:\/\/www.europesays.com\/de\/wp-json\/wp\/v2\/comments?post=113951"}],"version-history":[{"count":0,"href":"https:\/\/www.europesays.com\/de\/wp-json\/wp\/v2\/posts\/113951\/revisions"}],"wp:featuredmedia":[{"embeddable":true,"href":"https:\/\/www.europesays.com\/de\/wp-json\/wp\/v2\/media\/113952"}],"wp:attachment":[{"href":"https:\/\/www.europesays.com\/de\/wp-json\/wp\/v2\/media?parent=113951"}],"wp:term":[{"taxonomy":"category","embeddable":true,"href":"https:\/\/www.europesays.com\/de\/wp-json\/wp\/v2\/categories?post=113951"},{"taxonomy":"post_tag","embeddable":true,"href":"https:\/\/www.europesays.com\/de\/wp-json\/wp\/v2\/tags?post=113951"}],"curies":[{"name":"wp","href":"https:\/\/api.w.org\/{rel}","templated":true}]}}