{"id":1139560,"date":"2026-07-03T09:14:16","date_gmt":"2026-07-03T09:14:16","guid":{"rendered":"https:\/\/www.europesays.com\/de\/1139560\/"},"modified":"2026-07-03T09:14:16","modified_gmt":"2026-07-03T09:14:16","slug":"muenchen-zoo-nachwuchs-bei-letzten-wildpferden-zuchterfolg-in-hellabrunn-muenchen","status":"publish","type":"post","link":"https:\/\/www.europesays.com\/de\/1139560\/","title":{"rendered":"M\u00fcnchen Zoo: Nachwuchs bei letzten Wildpferden, Zuchterfolg in Hellabrunn &#8211; M\u00fcnchen"},"content":{"rendered":"<p data-manual=\"paragraph\" data-schema-org-speakable=\"true\" class=\"css-1eosz7k\">Zum ersten Mal seit einem Jahrzehnt ist im M\u00fcnchner <a href=\"https:\/\/www.sueddeutsche.de\/thema\/Tierpark_Hellabrunn\" rel=\"nofollow noopener\" target=\"_blank\">Tierpark Hellabrunn<\/a> wieder ein Fohlen der letzten Wildpferde geboren worden: Przewalskistute Belle und ihr kleiner Hengst seien \u201ewohlauf\u201c und entwickelten sich \u201epr\u00e4chtig\u201c, teilte der Zoo mit. Die Geburt sei der erste Zuchterfolg eines im Sommer 2025 aus Schottland nach <a href=\"https:\/\/www.sueddeutsche.de\/thema\/M%C3%BCnchen\" rel=\"nofollow noopener\" target=\"_blank\">M\u00fcnchen<\/a> gekommenen Hengstes und somit \u201eein wichtiger Meilenstein\u201c.<\/p>\n<p data-manual=\"paragraph\" data-schema-org-speakable=\"true\" class=\"css-1eosz7k\">\u201eJedes Fohlen ist wertvoll und wichtig f\u00fcr ein Artenschutzprojekt\u201c, sagt die leitende Tier\u00e4rztin des M\u00fcnchner Zoos Christine Gohl. Der Nachwuchs st\u00e4rke \u201eden Bestand der Art insgesamt\u201c. Denn das Przewalskipferd ist laut dem Tierpark die einzige noch lebende echte Wildpferdart.<\/p>\n<p data-manual=\"paragraph\" data-schema-org-speakable=\"true\" class=\"css-1eosz7k\">Ob sie allerdings tats\u00e4chlich nie domestiziert war, ist wissenschaftlich umstritten: Manche Forscher halten Przewalskipferde <a href=\"https:\/\/www.nationalgeographic.com\/animals\/article\/przewalski-wild-horses-botai-kazakhstan-spd\" target=\"_blank\" rel=\"nofollow noopener\">nach einer Genom-Studie f\u00fcr Nachfahren der Botai-Pferde<\/a>, die einst verwilderten.<\/p>\n<p data-manual=\"paragraph\" data-schema-org-speakable=\"true\" class=\"css-1eosz7k\">In den 1960er-Jahren galten Przewalskipferde als in freier Wildbahn ausgestorben. Dass es die <a href=\"https:\/\/www.sueddeutsche.de\/thema\/Tiere\" rel=\"nofollow noopener\" target=\"_blank\">Tiere<\/a> \u00fcberhaupt noch gebe, liege ausschlie\u00dflich an Zuchtprogrammen in Zoos, hei\u00dft es aus Hellabrunn. Heute lebten wieder einige Przewalskipferde in ihrem urspr\u00fcnglichen Verbreitungsgebiet\u00a0\u2013 zum Beispiel in der zentralasiatischen Steppe in China, in der Mongolei und zuletzt in Kasachstan. Sie gelten aber weiter als stark gef\u00e4hrdet.<\/p>\n<p data-manual=\"paragraph\" data-schema-org-speakable=\"true\" class=\"css-1eosz7k\">Laut Tierpark soll es in M\u00fcnchen nicht bei einem Przewalskifohlen bleiben: Schon in den kommenden Tagen werde eine weitere Geburt erwartet. Mit etwas Gl\u00fcck k\u00f6nnten Besucherinnen und Besucher diese miterleben.<\/p>\n","protected":false},"excerpt":{"rendered":"Zum ersten Mal seit einem Jahrzehnt ist im M\u00fcnchner Tierpark Hellabrunn wieder ein Fohlen der letzten Wildpferde geboren&hellip;\n","protected":false},"author":2,"featured_media":1139561,"comment_status":"","ping_status":"","sticky":false,"template":"","format":"standard","meta":{"footnotes":"","_share_on_mastodon":"0"},"categories":[1827],"tags":[772,29,30,2810,3311,1268,2339,5880,149,1886,41994],"class_list":["post-1139560","post","type-post","status-publish","format-standard","has-post-thumbnail","category-muenchen","tag-bayern","tag-deutschland","tag-germany","tag-kinder-und-familie-in-muenchen","tag-leben-und-gesellschaft-in-muenchen","tag-muenchen","tag-oberbayern","tag-pferde","tag-sueddeutsche-zeitung","tag-tiere","tag-tierpark-hellabrunn"],"share_on_mastodon":{"url":"https:\/\/pubeurope.com\/@de\/116855286495480302","error":""},"_links":{"self":[{"href":"https:\/\/www.europesays.com\/de\/wp-json\/wp\/v2\/posts\/1139560","targetHints":{"allow":["GET"]}}],"collection":[{"href":"https:\/\/www.europesays.com\/de\/wp-json\/wp\/v2\/posts"}],"about":[{"href":"https:\/\/www.europesays.com\/de\/wp-json\/wp\/v2\/types\/post"}],"author":[{"embeddable":true,"href":"https:\/\/www.europesays.com\/de\/wp-json\/wp\/v2\/users\/2"}],"replies":[{"embeddable":true,"href":"https:\/\/www.europesays.com\/de\/wp-json\/wp\/v2\/comments?post=1139560"}],"version-history":[{"count":0,"href":"https:\/\/www.europesays.com\/de\/wp-json\/wp\/v2\/posts\/1139560\/revisions"}],"wp:featuredmedia":[{"embeddable":true,"href":"https:\/\/www.europesays.com\/de\/wp-json\/wp\/v2\/media\/1139561"}],"wp:attachment":[{"href":"https:\/\/www.europesays.com\/de\/wp-json\/wp\/v2\/media?parent=1139560"}],"wp:term":[{"taxonomy":"category","embeddable":true,"href":"https:\/\/www.europesays.com\/de\/wp-json\/wp\/v2\/categories?post=1139560"},{"taxonomy":"post_tag","embeddable":true,"href":"https:\/\/www.europesays.com\/de\/wp-json\/wp\/v2\/tags?post=1139560"}],"curies":[{"name":"wp","href":"https:\/\/api.w.org\/{rel}","templated":true}]}}