{"id":1139633,"date":"2026-07-03T09:54:14","date_gmt":"2026-07-03T09:54:14","guid":{"rendered":"https:\/\/www.europesays.com\/de\/1139633\/"},"modified":"2026-07-03T09:54:14","modified_gmt":"2026-07-03T09:54:14","slug":"auf-den-fluegeln-des-gesangs-chor-der-oper-singt-fuer-einen-guten-zweck","status":"publish","type":"post","link":"https:\/\/www.europesays.com\/de\/1139633\/","title":{"rendered":"\u201eAuf den Fl\u00fcgeln des Gesangs\u201c: Chor der Oper singt f\u00fcr einen guten Zweck\u00a0"},"content":{"rendered":"<p class=\"text_ohne_einzug richtext text-em-55 !leading-serif mx-6 desktop:mx-0\">Zw\u00f6lf S\u00e4nger und elf S\u00e4ngerinnen gestalteten ein mitrei\u00dfendes musikalisches Programm. Unter dem Titel \u201eAuf den Fl\u00fcgeln des Gesangs\u201c bewiesen sie ihre F\u00e4higkeiten als Chor und Solisten, in Duetten und Quartetten.<\/p>\n<p class=\"richtext text-em-55 !leading-serif mx-6 desktop:mx-0\">Die Benefizkonzerte zugunsten des ambulanten Kinder- und Jugendhospizdienstes der Caritas liegen den S\u00e4ngerinnen und S\u00e4ngern sehr am Herzen. Seit 2014 organisieren sie diese Konzerte und treten ehrenamtlich auf. Der Eintritt ist stets kostenlos und es wird um Spenden f\u00fcr die Arbeit mit Familien von schwer kranken Kindern und Jugendlichen gebeten.<\/p>\n<p class=\"richtext text-em-55 !leading-serif mx-6 desktop:mx-0\">Im ersten Teil des Konzerts erklangen \u201eLiedperlen\u201c. Das titelgebende Lied \u201eAuf den Fl\u00fcgeln des Gesangs\u201c von Felix Mendelssohn und Lieder von Franz Schubert und Robert Schumann versetzten die Besucher in die Zeit der Romantik. In gro\u00dfartigen Quartetten und Duetten boten die Chormitglieder feinsten klassischen Liedgesang. Dabei erwies sich der Pianist Roberto Secilla als exzellenter Liedbegleiter. Mit Mendelssohns bekanntem \u201eAbschied vom Walde\u201c erklang ein Meisterwerk der Chormusik, in dem innere Einkehr und Naturverbundenheit besungen werden. Unter der pr\u00e4zisen Leitung von Chordirektor Ulrich Zippelius pr\u00e4sentierte der Chor dieses Lied in perfekter Weise.<\/p>\n<p>Romantische Kl\u00e4nge \u2013 bekannte Melodien aus Oper und Operette      <\/p>\n<p class=\"text_ohne_einzug richtext text-em-55 !leading-serif mx-6 desktop:mx-0\">Besonders gro\u00dfen Beifall gab es f\u00fcr die Lieder, die vier koreanische Chormitglieder in ihrer Muttersprache vortrugen. Wundersch\u00f6n klangvoll und mit viel Schwung erklang \u201eZum Land der Hoffnung\u201c. Langsam und innig vorgetragen folgte das Lied \u201eGerstenfeld\u201c, in dem man sogar das sanfte Rauschen des Feldes h\u00f6ren konnte.<\/p>\n<p class=\"richtext text-em-55 !leading-serif mx-6 desktop:mx-0\">Auf abwechslungsreiche romantische Kl\u00e4nge folgten im zweiten Teil bekannte Melodien aus Oper und Operette. Auf sch\u00f6nsten Chorgesang mit \u201eOh s\u00fc\u00dfer Mond\u201c aus der Oper \u201eDie lustigen Weiber von Windsor\u201c folgten zwei Arien aus Mozarts Oper \u201eCos\u00ec fan tutte\u201c. Im bezaubernden Duett \u201eAh, guarda sorella\u201c besangen die Schwestern Fiordiligi und Dorabella mit beschwingter Leichtigkeit und Begeisterung ihre Verlobten. Im folgenden Terzett nahmen sie traurig Abschied von den Verlobten, w\u00e4hrend Don Alfonso seine Intrige vorbereitete \u2013 das alles musikalisch sehr gut gestaltet. Im facettenreich aufgebauten Programm folgten ber\u00fchmte Ch\u00f6re. Die Herren begannen mit dem Priesterchor aus der \u201eZauberfl\u00f6te\u201c, es folgte der \u201eAbendsegen\u201c aus \u201eH\u00e4nsel und Gretel\u201c \u2013 klangsch\u00f6n gestaltet vom Opernchor. Dass er auf dem Klavier auch \u201egro\u00dfe Oper\u201c spielen kann, zeigte Roberto Secilla beim temperamentvoll und mitrei\u00dfend gesungenen \u201eVedi! Le fosche\u201c aus Verdis \u201eIl Trovatore\u201c und beim dramatischen \u201eVa pensiero\u201c, dem Gefangenenchor aus \u201eNabucco\u201c, den die S\u00e4ngerinnen und S\u00e4nger perfekt akzentuiert und sehr bewegend pr\u00e4sentierten. Zum Abschluss gab es pure Lebensfreude mit einem Hoch auf den K\u00f6nig Champagner aus der Operette \u201eDie Fledermaus\u201c, die 2027 Premiere in Wuppertal haben wird.<\/p>\n<p class=\"richtext text-em-55 !leading-serif mx-6 desktop:mx-0\">Den riesengro\u00dfen Applaus des begeisterten Publikums stoppte Burkhard Uhling-Preu\u00df vom Caritas-Hospizdienst mit seinen ausf\u00fchrlichen Dankesworten. Anschlie\u00dfend erklang \u201eM\u00e4del, fahr mit mir Schwebebahn\u201c als beschwingte Zugabe.<\/p>\n","protected":false},"excerpt":{"rendered":"Zw\u00f6lf S\u00e4nger und elf S\u00e4ngerinnen gestalteten ein mitrei\u00dfendes musikalisches Programm. Unter dem Titel \u201eAuf den Fl\u00fcgeln des Gesangs\u201c&hellip;\n","protected":false},"author":2,"featured_media":1139634,"comment_status":"","ping_status":"","sticky":false,"template":"","format":"standard","meta":{"footnotes":"","_share_on_mastodon":"0"},"categories":[1840],"tags":[5712,2529,19701,114126,31864,31865,36969,34837,3364,29,124230,239771,140211,30,159241,6331,1209,97,6910,68167,239772,2270,25722,4418],"class_list":["post-1139633","post","type-post","status-publish","format-standard","has-post-thumbnail","category-wuppertal","tag-benefizkonzert","tag-caritas","tag-chor","tag-chordirektor","tag-choere","tag-chorgesang","tag-chormitglieder","tag-chormusik","tag-de","tag-deutschland","tag-erklang","tag-fluegeln","tag-gefangenenchor","tag-germany","tag-gesangs","tag-lieder","tag-nordrhein-westfalen","tag-oper","tag-operette","tag-opernchor","tag-priesterchor","tag-saenger","tag-saengerinnen","tag-wuppertal"],"share_on_mastodon":{"url":"https:\/\/pubeurope.com\/@de\/116855443578236623","error":""},"_links":{"self":[{"href":"https:\/\/www.europesays.com\/de\/wp-json\/wp\/v2\/posts\/1139633","targetHints":{"allow":["GET"]}}],"collection":[{"href":"https:\/\/www.europesays.com\/de\/wp-json\/wp\/v2\/posts"}],"about":[{"href":"https:\/\/www.europesays.com\/de\/wp-json\/wp\/v2\/types\/post"}],"author":[{"embeddable":true,"href":"https:\/\/www.europesays.com\/de\/wp-json\/wp\/v2\/users\/2"}],"replies":[{"embeddable":true,"href":"https:\/\/www.europesays.com\/de\/wp-json\/wp\/v2\/comments?post=1139633"}],"version-history":[{"count":0,"href":"https:\/\/www.europesays.com\/de\/wp-json\/wp\/v2\/posts\/1139633\/revisions"}],"wp:featuredmedia":[{"embeddable":true,"href":"https:\/\/www.europesays.com\/de\/wp-json\/wp\/v2\/media\/1139634"}],"wp:attachment":[{"href":"https:\/\/www.europesays.com\/de\/wp-json\/wp\/v2\/media?parent=1139633"}],"wp:term":[{"taxonomy":"category","embeddable":true,"href":"https:\/\/www.europesays.com\/de\/wp-json\/wp\/v2\/categories?post=1139633"},{"taxonomy":"post_tag","embeddable":true,"href":"https:\/\/www.europesays.com\/de\/wp-json\/wp\/v2\/tags?post=1139633"}],"curies":[{"name":"wp","href":"https:\/\/api.w.org\/{rel}","templated":true}]}}