{"id":1139747,"date":"2026-07-03T10:57:17","date_gmt":"2026-07-03T10:57:17","guid":{"rendered":"https:\/\/www.europesays.com\/de\/1139747\/"},"modified":"2026-07-03T10:57:17","modified_gmt":"2026-07-03T10:57:17","slug":"nagelsmann-tritt-als-bundestrainer-zurueck-klopp-steht-bereit","status":"publish","type":"post","link":"https:\/\/www.europesays.com\/de\/1139747\/","title":{"rendered":"Nagelsmann tritt als Bundestrainer zur\u00fcck &#8211; Klopp steht bereit"},"content":{"rendered":"<p>            <img loading=\"lazy\" decoding=\"async\" class=\"ts-image\" src=\"https:\/\/www.europesays.com\/de\/wp-content\/uploads\/2026\/07\/nagelsmann-632.jpg\" alt=\"Julian Nagelsmann\" title=\"Julian Nagelsmann | AFP\"\/><\/p>\n<p>                    <strong>Eilmeldung<\/strong><\/p>\n<p class=\"metatextline\">Stand: 03.07.2026 \u2022 12:38 Uhr<\/p>\n<p class=\"article-head__shorttext\">\n        <strong>Nun also doch &#8211; Julian Nagelsmann tritt nach dem fr\u00fchen Aus bei der Weltmeisterschaft als Bundestrainer der deutschen Nationalelf zur\u00fcck. Als Nachfolger wird J\u00fcrgen Klopp gehandelt, mit dem der DFB nun in die Verhandlungen gehen will.<\/strong>\n    <\/p>\n<p class=\"textabsatz m-ten m-offset-one l-eight l-offset-two columns twelve\">Nach dem fr\u00fchen Ausscheiden des deutschen Teams bei der Fu\u00dfball-Weltmeisterschaft zieht Bundestrainer Julian Nagelsmann nun doch Konsequenzen und tritt von seinem Posten zur\u00fcck. Das best\u00e4tigte der Deutsche Fu\u00dfball-Bund (DFB).<\/p>\n<p class=\"textabsatz m-ten m-offset-one l-eight l-offset-two columns twelve\">In einer Erkl\u00e4rung dankte Nagelsmann dem Trainerteam und dem Verband. In dem Statement hie\u00df es:<\/p>\n<blockquote class=\"zitat\">\n<p>                    Ich habe in den vergangenen Tagen seit dem Ausscheiden viel nachgedacht und mich mit Vertrauten in meinem pers\u00f6nlichen Umfeld und im Verband ausgetauscht. Die Entscheidung ist mir alles andere als leichtgefallen. Mein oberstes Ziel war immer der Erfolg der Mannschaft. Sie hat nach so einer herben Entt\u00e4uschung die Chance auf einen unbelasteten Neuanfang verdient.<\/p>\n<\/blockquote>\n<p class=\"textabsatz m-ten m-offset-one l-eight l-offset-two columns twelve\">Einen besonderen Dank richtete Nagelsmann auch an die Fu\u00dfball-Fans und betonte: &#8222;Es tut mir von Herzen leid und weh, dass wir euch entt\u00e4uscht haben und euch keine weiteren Fu\u00dfballn\u00e4chte bei dieser WM bescheren konnten. Ihr h\u00e4ttet viel mehr verdient gehabt!&#8220;<\/p>\n<p>    Stundenlange Krisensitzung beim DFB<\/p>\n<p class=\"textabsatz m-ten m-offset-one l-eight l-offset-two columns twelve\">Der Schritt folgt einen Tag auf die Krisensitzung in der Zentrale des DFB, bei der der 38-J\u00e4hrige etwa drei Stunden lang Rede und Antwort zum WM-Aus stehen musste. Mit dabei: Pr\u00e4sident Bernd Neuendorf, Gesch\u00e4ftsf\u00fchrer Andreas Rettig, Sportdirektor Rudi V\u00f6ller sowie dem ersten Vizepr\u00e4sident des DFB und Chef der Bundesliga, Hans-Joachim Watzke.<\/p>\n<p class=\"textabsatz m-ten m-offset-one l-eight l-offset-two columns twelve\">Auch berieten heute der DFB-Aufsichtsrat und die Gesellschaftsversammlung \u00fcber Folgen des WM-Ausscheidens. Als weitere Konsequenz soll Sport-Gesch\u00e4ftsf\u00fchrer Andreas Rettig den DFB zum Jahresende hin verlassen. Der 63-J\u00e4hrige habe selbst erkl\u00e4rt, dass er seinen zum 31. Dezember 2026 auslaufenden Vertrag aus pers\u00f6nlichen Gr\u00fcnden nicht verl\u00e4ngern werde, hie\u00df es vom DFB. Keine Angaben machte der Verband zur Zukunft von Sportdirektor Rudi V\u00f6ller.<\/p>\n<p>    DFB will mit Klopp verhandeln<\/p>\n<p class=\"textabsatz m-ten m-offset-one l-eight l-offset-two columns twelve\">Deutschland war in der Nacht von Montag auf Dienstag im Sechzehntelfinale im Elfmeterschie\u00dfen an Paraguay gescheitert.<\/p>\n<p class=\"textabsatz m-ten m-offset-one l-eight l-offset-two columns twelve\">Direkt nach der Niederlage hatte Nagelsmann einen R\u00fccktritt als Bundestrainer noch ausgeschlossen. Sein Vertrag beim DFB galt noch bis 2028. Der ehemalige Bundesliga-Trainer von TSG Hoffenheim, RB Leipzig, und dem FC Bayern M\u00fcnchen hatte im September 2023 die Nachfolge von Hansi Flick angetreten.<\/p>\n<p class=\"textabsatz m-ten m-offset-one l-eight l-offset-two columns twelve\">Nun steht die Frage im Raum, wer auf Nagelsmann folgen k\u00f6nnte. Als ein m\u00f6glicher Kandidat wird J\u00fcrgen Klopp gehandelt, der derzeit als Experte f\u00fcr MagentaTV in Amerika im Einsatz ist. Der DFB best\u00e4tigte, Verhandlungen mit Klopp f\u00fchren zu wollen. J\u00fcrgen Klopp ist grunds\u00e4tzlich zur \u00dcbernahme des Bundestrainer-Amts bereit.<\/p>\n<p class=\"textabsatz m-ten m-offset-one l-eight l-offset-two columns twelve\">Weitere Informationen finden Sie <a href=\"https:\/\/www.dfb.de\/news\/julian-nagelsmann-verlaesst-den-dfb\" title=\"Nagelsmann tritt zur\u00fcck\" class=\"textlink--extern js-link-dialog\" rel=\"noopener noreferrer nofollow\" target=\"_blank\" data-type=\"external\">hier<\/a> bei der Sportschau.<\/p>\n","protected":false},"excerpt":{"rendered":"Eilmeldung Stand: 03.07.2026 \u2022 12:38 Uhr Nun also doch &#8211; Julian Nagelsmann tritt nach dem fr\u00fchen Aus bei&hellip;\n","protected":false},"author":2,"featured_media":1139748,"comment_status":"","ping_status":"","sticky":false,"template":"","format":"standard","meta":{"footnotes":"","_share_on_mastodon":"0"},"categories":[5],"tags":[1764,347,13,14,54232,15,12,10,8,9,11,59416],"class_list":["post-1139747","post","type-post","status-publish","format-standard","has-post-thumbnail","category-nachrichten","tag-eilmeldung","tag-fussball","tag-headlines","tag-nachrichten","tag-nagelsmann","tag-news","tag-schlagzeilen","tag-top-news","tag-top-meldungen","tag-topmeldungen","tag-topnews","tag-wm-2026"],"share_on_mastodon":{"url":"","error":""},"_links":{"self":[{"href":"https:\/\/www.europesays.com\/de\/wp-json\/wp\/v2\/posts\/1139747","targetHints":{"allow":["GET"]}}],"collection":[{"href":"https:\/\/www.europesays.com\/de\/wp-json\/wp\/v2\/posts"}],"about":[{"href":"https:\/\/www.europesays.com\/de\/wp-json\/wp\/v2\/types\/post"}],"author":[{"embeddable":true,"href":"https:\/\/www.europesays.com\/de\/wp-json\/wp\/v2\/users\/2"}],"replies":[{"embeddable":true,"href":"https:\/\/www.europesays.com\/de\/wp-json\/wp\/v2\/comments?post=1139747"}],"version-history":[{"count":0,"href":"https:\/\/www.europesays.com\/de\/wp-json\/wp\/v2\/posts\/1139747\/revisions"}],"wp:featuredmedia":[{"embeddable":true,"href":"https:\/\/www.europesays.com\/de\/wp-json\/wp\/v2\/media\/1139748"}],"wp:attachment":[{"href":"https:\/\/www.europesays.com\/de\/wp-json\/wp\/v2\/media?parent=1139747"}],"wp:term":[{"taxonomy":"category","embeddable":true,"href":"https:\/\/www.europesays.com\/de\/wp-json\/wp\/v2\/categories?post=1139747"},{"taxonomy":"post_tag","embeddable":true,"href":"https:\/\/www.europesays.com\/de\/wp-json\/wp\/v2\/tags?post=1139747"}],"curies":[{"name":"wp","href":"https:\/\/api.w.org\/{rel}","templated":true}]}}