{"id":1139769,"date":"2026-07-03T11:11:16","date_gmt":"2026-07-03T11:11:16","guid":{"rendered":"https:\/\/www.europesays.com\/de\/1139769\/"},"modified":"2026-07-03T11:11:16","modified_gmt":"2026-07-03T11:11:16","slug":"oepnv-ticker-in-karlsruhe-unfaelle-ausfaelle-und-verspaetungen-von-bus-und-bahn-im-ueberblick-8","status":"publish","type":"post","link":"https:\/\/www.europesays.com\/de\/1139769\/","title":{"rendered":"\u00d6PNV-Ticker in Karlsruhe: Unf\u00e4lle, Ausf\u00e4lle und Versp\u00e4tungen von Bus und Bahn im \u00dcberblick"},"content":{"rendered":"<p>            Freitag, 3. Juli<\/p>\n<p class=\"mb-6 text-xs-varying md:text-m lg:text-l font-serif group-[.font-sans]:font-sans \">\n    <strong class=\"font-bold\">Linien S1 und S11<\/strong><br \/>Auf den <strong class=\"font-bold\">Linien S1 und S11<\/strong> kommt es wegen Engp\u00e4ssen beim Fahrpersonal der AVG zu Fahrtausf\u00e4llen. Betroffen ist der Bereich zwischen<strong class=\"font-bold\"> Ettlingen Albgaubad<\/strong> und <strong class=\"font-bold\">Hochstetten<\/strong>.\u00a0Folgende Fahrten fallen aus:\n  <\/p>\n<ul rel=\"\" class=\"[&amp;&gt;li]:relative list-none  [&amp;&gt;li]:pl-[1.2em] [&amp;&gt;li]:marker:text-[0] [&amp;&gt;li]:relative [&amp;&gt;li]:before:absolute [&amp;&gt;li]:before:w-3 [&amp;&gt;li]:before:h-3 [&amp;&gt;li]:before:bg-brand [&amp;&gt;li]:before:left-0 [&amp;&gt;li]:before:rounded-full [&amp;&gt;li]:before:top-[8px] md:[&amp;&gt;li]:before:top-[9px] lg:[&amp;&gt;li]:before:top-[11px]  my-5\">\n<li class=\" mb-3 text-xs-varying md:text-m lg:text-l\">Ettlingen Stadt (12:34 Uhr) &#8211; Hochstetten (13:46 Uhr)<\/li>\n<li class=\" mb-3 text-xs-varying md:text-m lg:text-l\">Hochstetten (13:52 Uhr) &#8211; Ettlingen Stadt (14:58 Uhr)<\/li>\n<\/ul>\n<p>            Donnerstag, 25. Juni<\/p>\n<p class=\"mb-6 text-xs-varying md:text-m lg:text-l font-serif group-[.font-sans]:font-sans \">\n    <strong class=\"font-bold\">Linien S5 und S51<\/strong><br \/>Auf den <strong class=\"font-bold\">Linien S5 und S51<\/strong> kommt es wegen Engp\u00e4ssen beim Fahrpersonal der AVG zu Fahrtausf\u00e4llen. Betroffen ist der Bereich zwischen<strong class=\"font-bold\"> Pforzheim Hauptbahnhof\/ S\u00f6llingen Bf<\/strong> und <strong class=\"font-bold\">W\u00f6rth Badepark<\/strong>. Folgende Fahrten Fallen aus:\n  <\/p>\n<ul rel=\"\" class=\"[&amp;&gt;li]:relative list-none  [&amp;&gt;li]:pl-[1.2em] [&amp;&gt;li]:marker:text-[0] [&amp;&gt;li]:relative [&amp;&gt;li]:before:absolute [&amp;&gt;li]:before:w-3 [&amp;&gt;li]:before:h-3 [&amp;&gt;li]:before:bg-brand [&amp;&gt;li]:before:left-0 [&amp;&gt;li]:before:rounded-full [&amp;&gt;li]:before:top-[8px] md:[&amp;&gt;li]:before:top-[9px] lg:[&amp;&gt;li]:before:top-[11px]  my-5\">\n<li class=\" mb-3 text-xs-varying md:text-m lg:text-l\">Ka. Albtalbahnhof (05:16 Uhr) &#8211; W\u00f6rth Badepark (05:54 Uhr)<\/li>\n<li class=\" mb-3 text-xs-varying md:text-m lg:text-l\">KA Rheinbergstr. (05:52 Uhr) &#8211; S\u00f6llingen Bf (06:37 Uhr)<\/li>\n<li class=\" mb-3 text-xs-varying md:text-m lg:text-l\">S\u00f6llingen Bf (05:58 Uhr) &#8211; W\u00f6rth Badepark (07:05 Uhr)<\/li>\n<li class=\" mb-3 text-xs-varying md:text-m lg:text-l\">W\u00f6rth Badepark (06:01 Uhr) &#8211; Pforzheim Hbf (07:20 Uhr)<\/li>\n<li class=\" mb-3 text-xs-varying md:text-m lg:text-l\">S\u00f6llingen Bf (07:08 Uhr) &#8211; W\u00f6rth Badepark (08:15 Uhr)<\/li>\n<li class=\" mb-3 text-xs-varying md:text-m lg:text-l\">W\u00f6rth Badepark (07:15 Uhr) &#8211; S\u00f6llingen Bf (08:17 Uhr)<\/li>\n<li class=\" mb-3 text-xs-varying md:text-m lg:text-l\">W\u00f6rth Badepark (08:23 Uhr) &#8211; KA Lameypl. (08:49 Uhr)<\/li>\n<li class=\" mb-3 text-xs-varying md:text-m lg:text-l\">S\u00f6llingen Bf (08:38 Uhr) &#8211; KA Marktpl. (U) (09:15 Uhr)<\/li>\n<li class=\" mb-3 text-xs-varying md:text-m lg:text-l\">Pforzheim Hbf (09:46 Uhr) &#8211; W\u00f6rth Badepark (11:15 Uhr)<\/li>\n<li class=\" mb-3 text-xs-varying md:text-m lg:text-l\">W\u00f6rth Badepark (11:23 Uhr) &#8211; Ka. Rheinbergstra\u00dfe (11:42 Uhr)<\/li>\n<\/ul>\n<p class=\"mb-6 text-xs-varying md:text-m lg:text-l font-serif group-[.font-sans]:font-sans \">\n    <strong class=\"font-bold\">Linien S1 und S11<\/strong><br \/>Auf den<strong class=\"font-bold\"> Linien S1 und S11<\/strong> kommt es wegen Engp\u00e4ssen beim Fahrpersonal der AVG zu Fahrtausf\u00e4llen. Betroffen ist der Bereich zwischen <strong class=\"font-bold\">Bad Herrenalb Bahnhof<\/strong> und <strong class=\"font-bold\">Neureut Kirchfeld<\/strong>. Folgende Fahrten fallen aus:\n  <\/p>\n<ul rel=\"\" class=\"[&amp;&gt;li]:relative list-none  [&amp;&gt;li]:pl-[1.2em] [&amp;&gt;li]:marker:text-[0] [&amp;&gt;li]:relative [&amp;&gt;li]:before:absolute [&amp;&gt;li]:before:w-3 [&amp;&gt;li]:before:h-3 [&amp;&gt;li]:before:bg-brand [&amp;&gt;li]:before:left-0 [&amp;&gt;li]:before:rounded-full [&amp;&gt;li]:before:top-[8px] md:[&amp;&gt;li]:before:top-[9px] lg:[&amp;&gt;li]:before:top-[11px]  my-5\">\n<li class=\" mb-3 text-xs-varying md:text-m lg:text-l\">Ettlingen Stadt (05:18 Uhr) &#8211; Bad Herrenalb Bf (05:53 Uhr)<\/li>\n<li class=\" mb-3 text-xs-varying md:text-m lg:text-l\">Bad Herrenalb Bf (06:03 Uhr) &#8211; Neureut Kirchfeld (07:11 Uhr)<\/li>\n<li class=\" mb-3 text-xs-varying md:text-m lg:text-l\">Neureut Kirchfeld (07:30 Uhr) &#8211; Ettlingen Albgaubad (08:17 Uhr)<\/li>\n<\/ul>\n<p>            Mittwoch, 24. Juni<\/p>\n<p class=\"mb-6 text-xs-varying md:text-m lg:text-l font-serif group-[.font-sans]:font-sans \">\n    <strong class=\"font-bold\">Vom 24.\u201328. Juni: Ausf\u00e4lle wegen Hitze m\u00f6glich<\/strong><br \/>Aufgrund der <strong class=\"font-bold\">erh\u00f6hten Hitzebelastung<\/strong> heute und in den n\u00e4chsten Tagen ist laut den VBK mit vermehrten personalbedingten <strong class=\"font-bold\">Fahrtausf\u00e4llen im regionalen Busverkehr<\/strong> zu rechnen.\n  <\/p>\n<p class=\"mb-6 text-xs-varying md:text-m lg:text-l font-serif group-[.font-sans]:font-sans \">\n    <strong class=\"font-bold\">Linien S5 und S51<\/strong><br \/>Auf den <strong class=\"font-bold\">Linien S5 und S51<\/strong> kommt es wegen Engp\u00e4ssen beim Fahrpersonal der AVG zu Fahrtausf\u00e4llen. Betroffen ist der Bereich zwischen <strong class=\"font-bold\">S\u00f6llingen Bahnhof<\/strong> und <strong class=\"font-bold\">W\u00f6rth Badepark<\/strong>. Folgende Fahrten fallen aus:\n  <\/p>\n<ul rel=\"\" class=\"[&amp;&gt;li]:relative list-none  [&amp;&gt;li]:pl-[1.2em] [&amp;&gt;li]:marker:text-[0] [&amp;&gt;li]:relative [&amp;&gt;li]:before:absolute [&amp;&gt;li]:before:w-3 [&amp;&gt;li]:before:h-3 [&amp;&gt;li]:before:bg-brand [&amp;&gt;li]:before:left-0 [&amp;&gt;li]:before:rounded-full [&amp;&gt;li]:before:top-[8px] md:[&amp;&gt;li]:before:top-[9px] lg:[&amp;&gt;li]:before:top-[11px]  my-5\">\n<li class=\" mb-3 text-xs-varying md:text-m lg:text-l\">W\u00f6rth Badepark (07:35) &#8211; S\u00f6llingen Bf. (08:37)<\/li>\n<li class=\" mb-3 text-xs-varying md:text-m lg:text-l\">Ka Tullastrasse (08:07) &#8211; Ka. Albtalbahnhof (08:22)<\/li>\n<li class=\" mb-3 text-xs-varying md:text-m lg:text-l\">Ka. Albtalbahnhof (08:15) &#8211; Ka Tullastrasse (08:29)<\/li>\n<li class=\" mb-3 text-xs-varying md:text-m lg:text-l\">S\u00f6llingen Bf. (08:38) &#8211; Marktplatz (U) (09:06) setzt da ein<\/li>\n<li class=\" mb-3 text-xs-varying md:text-m lg:text-l\">S\u00f6llingen Bf. (08:48) &#8211; Tullastra\u00dfe (09:10)<\/li>\n<li class=\" mb-3 text-xs-varying md:text-m lg:text-l\">Ka Tullastrasse (09:46) &#8211; S\u00f6llingen (10:06)<\/li>\n<li class=\" mb-3 text-xs-varying md:text-m lg:text-l\">S\u00f6llingen (10:18) &#8211; Ka. Rheinbergstra\u00dfe (11:04)<\/li>\n<li class=\" mb-3 text-xs-varying md:text-m lg:text-l\">Ka. Rheinbergstra\u00dfe (10:43) &#8211; S\u00f6llingen (11:37)<\/li>\n<li class=\" mb-3 text-xs-varying md:text-m lg:text-l\">S\u00f6llingen (11:51) &#8211; W\u00f6rth Badepark (13:05)<\/li>\n<li class=\" mb-3 text-xs-varying md:text-m lg:text-l\">Ka. Rheinbergstra\u00dfe (11:52) &#8211; Ka Tullastrasse (12:16)<\/li>\n<li class=\" mb-3 text-xs-varying md:text-m lg:text-l\">W\u00f6rth Badepark (13:05) &#8211; S\u00f6llingen (14:09)<\/li>\n<li class=\" mb-3 text-xs-varying md:text-m lg:text-l\">S\u00f6llingen (14:18) &#8211; Ka. Rheinbergstra\u00dfe (15:04)<\/li>\n<\/ul>\n<p class=\"mb-6 text-xs-varying md:text-m lg:text-l font-serif group-[.font-sans]:font-sans \">\n    <strong class=\"font-bold\">Linie S4<\/strong><br \/>Auf der <strong class=\"font-bold\">Linie S4<\/strong> kommt es wegen Engp\u00e4ssen beim Fahrpersonal der AVG zu Fahrtausf\u00e4llen. Betroffen ist der Bereich zwischen <a href=\"https:\/\/www.ka-news.de\/karlsruhe\" target=\"_self\" class=\"underline \" rel=\"nofollow noopener\">Karlsruhe<\/a> Albtalbahnhof und Flehingen Bahnhof.\u00a0Folgende Fahrten fallen aus:\n  <\/p>\n<ul rel=\"\" class=\"[&amp;&gt;li]:relative list-none  [&amp;&gt;li]:pl-[1.2em] [&amp;&gt;li]:marker:text-[0] [&amp;&gt;li]:relative [&amp;&gt;li]:before:absolute [&amp;&gt;li]:before:w-3 [&amp;&gt;li]:before:h-3 [&amp;&gt;li]:before:bg-brand [&amp;&gt;li]:before:left-0 [&amp;&gt;li]:before:rounded-full [&amp;&gt;li]:before:top-[8px] md:[&amp;&gt;li]:before:top-[9px] lg:[&amp;&gt;li]:before:top-[11px]  my-5\">\n<li class=\" mb-3 text-xs-varying md:text-m lg:text-l\">Ka Tullastrasse (10:50) &#8211; Flehingen Bf (11:37)<\/li>\n<li class=\" mb-3 text-xs-varying md:text-m lg:text-l\">Flehingen Bf (12:20) &#8211; Ka. Albtalbahnhof (13:22)<\/li>\n<\/ul>\n<p class=\"mb-6 text-xs-varying md:text-m lg:text-l font-serif group-[.font-sans]:font-sans \">\n    <strong class=\"font-bold\">Linie S8 <\/strong><br \/>Auf der <strong class=\"font-bold\">Linie S8<\/strong> kommt es wegen Engp\u00e4ssen beim Fahrpersonal der AVG zu Fahrtausf\u00e4llen. Betroffen ist der Bereich zwischen <strong class=\"font-bold\">Karlsruhe Tullastra\u00dfe\/Alter Schlachthof und Freudenstadt Hauptbahnhof<\/strong>.\u00a0Folgende Fahrten fallen aus:\n  <\/p>\n<ul rel=\"\" class=\"[&amp;&gt;li]:relative list-none  [&amp;&gt;li]:pl-[1.2em] [&amp;&gt;li]:marker:text-[0] [&amp;&gt;li]:relative [&amp;&gt;li]:before:absolute [&amp;&gt;li]:before:w-3 [&amp;&gt;li]:before:h-3 [&amp;&gt;li]:before:bg-brand [&amp;&gt;li]:before:left-0 [&amp;&gt;li]:before:rounded-full [&amp;&gt;li]:before:top-[8px] md:[&amp;&gt;li]:before:top-[9px] lg:[&amp;&gt;li]:before:top-[11px]  my-5\">\n<li class=\" mb-3 text-xs-varying md:text-m lg:text-l\">Tullastra\u00dfe (05:21) &#8211; Freudenstadt Bf. (07:32)<\/li>\n<li class=\" mb-3 text-xs-varying md:text-m lg:text-l\">Freudenstadt Bf. (07:46) &#8211; Tullastra\u00dfe (10:00)<\/li>\n<\/ul>\n<p>            Dienstag, 23. Juni<\/p>\n<p class=\"mb-6 text-xs-varying md:text-m lg:text-l font-serif group-[.font-sans]:font-sans \">\n    <strong class=\"font-bold\">Linien S4, S5 und S51: Fahrleitungsst\u00f6rung<\/strong><br \/><strong class=\"font-bold\">Fahrleitungsst\u00f6rung<\/strong> im Bereich zwischen<strong class=\"font-bold\"> Karlsruhe Tullastra\u00dfe\/Alter Schlachthof und Karlsruhe-Durlach Bahnhof.<\/strong> Auf den <strong class=\"font-bold\">Linien S4, S5 und S51 <\/strong>kommt es demzufolge in beiden Richtungen zu Versp\u00e4tungen durch eingeschr\u00e4nkte Geschwindigkeit.<br \/>Weitere Informationen findet Ihr <strong class=\"font-bold\">hier<\/strong>: <a href=\"https:\/\/www.ka-news.de\/karlsruhe\/verkehr\/tempolimit-zwischen-karlsruhe-und-durlach-bremst-bahnlinien-aus-1-114521845\" target=\"_self\" class=\"underline \" rel=\"nofollow noopener\">Tempolimit zwischen Karlsruhe und Durlach<\/a>\n  <\/p>\n<p class=\"mb-6 text-xs-varying md:text-m lg:text-l font-serif group-[.font-sans]:font-sans \">\n    <strong class=\"font-bold\">Linien S1 und S11 <\/strong><br \/>Auf den <strong class=\"font-bold\">Linien S1 und S11<\/strong> kommt es wegen Engp\u00e4ssen beim Fahrpersonal der AVG zu Fahrtausf\u00e4llen. Betroffen ist der Bereich zwischen <strong class=\"font-bold\">Ettlingen Albgaubad<\/strong> und <strong class=\"font-bold\">Hochstetten<\/strong>. Folgende Fahrten fallen aus:\n  <\/p>\n<ul rel=\"\" class=\"[&amp;&gt;li]:relative list-none  [&amp;&gt;li]:pl-[1.2em] [&amp;&gt;li]:marker:text-[0] [&amp;&gt;li]:relative [&amp;&gt;li]:before:absolute [&amp;&gt;li]:before:w-3 [&amp;&gt;li]:before:h-3 [&amp;&gt;li]:before:bg-brand [&amp;&gt;li]:before:left-0 [&amp;&gt;li]:before:rounded-full [&amp;&gt;li]:before:top-[8px] md:[&amp;&gt;li]:before:top-[9px] lg:[&amp;&gt;li]:before:top-[11px]  my-5\">\n<li class=\" mb-3 text-xs-varying md:text-m lg:text-l\">Ettlingen Albgaubad (04:04 Uhr) &#8211; Ka Neureut\/Kirchfeld (04:51 Uhr)<\/li>\n<li class=\" mb-3 text-xs-varying md:text-m lg:text-l\">Ka Neureut\/Kirchfeld (05:25 Uhr) &#8211; Ettlingen Albgaubad (06:08 Uhr)<\/li>\n<li class=\" mb-3 text-xs-varying md:text-m lg:text-l\">Ettlingen Albgaubad (06:34 Uhr) &#8211; Hochstetten (07:46 Uhr)<\/li>\n<li class=\" mb-3 text-xs-varying md:text-m lg:text-l\">Hochstetten (07:52 Uhr) &#8211; Ettlingen Stadt (08:58 Uhr)<\/li>\n<\/ul>\n<p>            Montag, 22. Juni<\/p>\n<p class=\"mb-6 text-xs-varying md:text-m lg:text-l font-serif group-[.font-sans]:font-sans \">\n    <strong class=\"font-bold\">Linien S4, S5 und S51: Fahrleitungsst\u00f6rung<\/strong><br \/><strong class=\"font-bold\">Fahrleitungsst\u00f6rung<\/strong> im Bereich zwischen<strong class=\"font-bold\"> Karlsruhe Tullastra\u00dfe\/Alter Schlachthof und Karlsruhe-Durlach Bahnhof.<\/strong> Auf den <strong class=\"font-bold\">Linien S4, S5 und S51 <\/strong>kommt es demzufolge in beiden Richtungen zu Versp\u00e4tungen durch eingeschr\u00e4nkte Geschwindigkeit.\n  <\/p>\n<p class=\"mb-6 text-xs-varying md:text-m lg:text-l font-serif group-[.font-sans]:font-sans \">\n    <strong class=\"font-bold\">Linien S1 und S11: Bahn\u00fcbergangsst\u00f6rung<\/strong><br \/>Bahn\u00fcbergangsst\u00f6rung im Bereich Eggenstein. Auf den Linien S1 und S11 kommt es in beiden Richtungen zu Versp\u00e4tungen.\n  <\/p>\n<p class=\"mb-6 text-xs-varying md:text-m lg:text-l font-serif group-[.font-sans]:font-sans \">\n    <strong class=\"font-bold\">Linien S31 und S32: Weichenst\u00f6rung<\/strong><br \/><strong class=\"font-bold\">Weichenst\u00f6rung <\/strong>im Bereich zwischen <strong class=\"font-bold\">Bruchsal Stegwiesen und Ubstadt Ort. <\/strong>Die <strong class=\"font-bold\">Linien S31 und S32<\/strong> sind in diesem Streckenabschnitt unterbrochen. Ein Schienenersatzverkehr wird eingerichtet. <strong class=\"font-bold\">St\u00f6rungsende voraussichtlich um 08:30 Uhr.<\/strong>\n  <\/p>\n<p class=\"mb-6 text-xs-varying md:text-m lg:text-l font-serif group-[.font-sans]:font-sans \">\n    <strong class=\"font-bold\">Linie S5<\/strong><br \/>Auf der <strong class=\"font-bold\">Linie S5<\/strong> kommt es zu betriebsbedingten Fahrtausf\u00e4llen. Betroffen ist der Bereich zwischen <strong class=\"font-bold\">W\u00f6rth Badepark und S\u00f6llingen Bahnhof<\/strong>. Folgende Fahrten fallen aus:\n  <\/p>\n<ul rel=\"\" class=\"[&amp;&gt;li]:relative list-none  [&amp;&gt;li]:pl-[1.2em] [&amp;&gt;li]:marker:text-[0] [&amp;&gt;li]:relative [&amp;&gt;li]:before:absolute [&amp;&gt;li]:before:w-3 [&amp;&gt;li]:before:h-3 [&amp;&gt;li]:before:bg-brand [&amp;&gt;li]:before:left-0 [&amp;&gt;li]:before:rounded-full [&amp;&gt;li]:before:top-[8px] md:[&amp;&gt;li]:before:top-[9px] lg:[&amp;&gt;li]:before:top-[11px]  my-5\">\n<li class=\" mb-3 text-xs-varying md:text-m lg:text-l\">KA Albtalbahnhof (05:02 Uhr) &#8211; S\u00f6llingen Bahnhof (05:35 Uhr)<\/li>\n<li class=\" mb-3 text-xs-varying md:text-m lg:text-l\">W\u00f6rth Badepark (05:45 Uhr) &#8211; S\u00f6llingen Bahnhof (06:47 Uhr)<\/li>\n<li class=\" mb-3 text-xs-varying md:text-m lg:text-l\">S\u00f6llingen Bahnhof (05:58 Uhr) &#8211; W\u00f6rth Badepark (06:05 Uhr)<\/li>\n<li class=\" mb-3 text-xs-varying md:text-m lg:text-l\">W\u00f6rth Badepark (06:15 Uhr) &#8211; S\u00f6llingen Bahnhof (08:17 Uhr)<\/li>\n<li class=\" mb-3 text-xs-varying md:text-m lg:text-l\">S\u00f6llingen Bahnhof (07:18 Uhr) &#8211; KA Rheinbergstra\u00dfe (08:04 Uhr)<\/li>\n<li class=\" mb-3 text-xs-varying md:text-m lg:text-l\">S\u00f6llingen Bahnhof (08:38 Uhr) &#8211; KA Marktplatz (09:07 Uhr)<\/li>\n<\/ul>\n<p class=\"mb-6 text-xs-varying md:text-m lg:text-l font-serif group-[.font-sans]:font-sans \">\n    <strong class=\"font-bold\">Linie S4 <\/strong><br \/>Auf der <strong class=\"font-bold\">Linie S4<\/strong> kommt es zu betriebsbedingten Fahrtausf\u00e4llen. Betroffen ist der Bereich zwischen <strong class=\"font-bold\">Karlsruhe Albtalbahnhof und Heilbronn Pf\u00fchlpark<\/strong>. Folgende Fahrten fallen aus:\n  <\/p>\n<ul rel=\"\" class=\"[&amp;&gt;li]:relative list-none  [&amp;&gt;li]:pl-[1.2em] [&amp;&gt;li]:marker:text-[0] [&amp;&gt;li]:relative [&amp;&gt;li]:before:absolute [&amp;&gt;li]:before:w-3 [&amp;&gt;li]:before:h-3 [&amp;&gt;li]:before:bg-brand [&amp;&gt;li]:before:left-0 [&amp;&gt;li]:before:rounded-full [&amp;&gt;li]:before:top-[8px] md:[&amp;&gt;li]:before:top-[9px] lg:[&amp;&gt;li]:before:top-[11px]  my-5\">\n<li class=\" mb-3 text-xs-varying md:text-m lg:text-l\">KA Albtalbahnhof (05:35 Uhr) &#8211; Heilbronn Pf\u00fchlpark (07:30 Uhr)<\/li>\n<li class=\" mb-3 text-xs-varying md:text-m lg:text-l\">Heilbronn Pf\u00fchlpark (07:46 Uhr) &#8211; Heilbronn Willy-Brandt-Platz (07:56 Uhr)<\/li>\n<li class=\" mb-3 text-xs-varying md:text-m lg:text-l\">Heilbronn Willy-Brand-Platz (8:50 Uhr) &#8211; KA Albtalbahnhof (10:42 Uhr)<\/li>\n<\/ul>\n<p class=\"mb-6 text-xs-varying md:text-m lg:text-l font-serif group-[.font-sans]:font-sans \">\n    <strong class=\"font-bold\">Linie S8 <\/strong><br \/>Auf der <strong class=\"font-bold\">Linie S8<\/strong> kommt es zu betriebsbedingten Fahrtausf\u00e4llen. Betroffen ist der Bereich zwischen <strong class=\"font-bold\">Karlsruhe Tullastra\u00dfe\/Alter Schlachthof und Freudenstadt Hauptbahnhof.<\/strong> Folgende Fahrten fallen aus:\n  <\/p>\n<ul rel=\"\" class=\"[&amp;&gt;li]:relative list-none  [&amp;&gt;li]:pl-[1.2em] [&amp;&gt;li]:marker:text-[0] [&amp;&gt;li]:relative [&amp;&gt;li]:before:absolute [&amp;&gt;li]:before:w-3 [&amp;&gt;li]:before:h-3 [&amp;&gt;li]:before:bg-brand [&amp;&gt;li]:before:left-0 [&amp;&gt;li]:before:rounded-full [&amp;&gt;li]:before:top-[8px] md:[&amp;&gt;li]:before:top-[9px] lg:[&amp;&gt;li]:before:top-[11px]  my-5\">\n<li class=\" mb-3 text-xs-varying md:text-m lg:text-l\">KA Tullastra\u00dfe (05:17 Uhr) &#8211; Freudenstadt Bahnhof (07:32 Uhr)<\/li>\n<li class=\" mb-3 text-xs-varying md:text-m lg:text-l\">Freudenstadt Bahnhof (07:48 Uhr) &#8211; KA Tullastra\u00dfe (10:00 Uhr)<\/li>\n<\/ul>\n<p>            Montag, 8. Juni<\/p>\n<p class=\"mb-6 text-xs-varying md:text-m lg:text-l font-serif group-[.font-sans]:font-sans \">\n    <strong class=\"font-bold\">Linie S1<\/strong> <br \/>Auf der<strong class=\"font-bold\"> Linie S1<\/strong> kommt es betriebsbedingt zu einzelnen Fahrtausf\u00e4llen. Betroffen ist der Bereich zwischen<strong class=\"font-bold\"> Ettlingen Albgaubad<\/strong> und <strong class=\"font-bold\">Hochstetten<\/strong>. Folgende Fahrten fallen aus:\n  <\/p>\n<ul rel=\"\" class=\"[&amp;&gt;li]:relative list-none  [&amp;&gt;li]:pl-[1.2em] [&amp;&gt;li]:marker:text-[0] [&amp;&gt;li]:relative [&amp;&gt;li]:before:absolute [&amp;&gt;li]:before:w-3 [&amp;&gt;li]:before:h-3 [&amp;&gt;li]:before:bg-brand [&amp;&gt;li]:before:left-0 [&amp;&gt;li]:before:rounded-full [&amp;&gt;li]:before:top-[8px] md:[&amp;&gt;li]:before:top-[9px] lg:[&amp;&gt;li]:before:top-[11px]  my-5\">\n<li class=\" mb-3 text-xs-varying md:text-m lg:text-l\">Hochstetten (18:32 Uhr) &#8211; Ettlingen Albgaubad (19:42 Uhr)<\/li>\n<li class=\" mb-3 text-xs-varying md:text-m lg:text-l\">Ettlingen Albgaubad (19:54 Uhr) &#8211; Hochstetten (21:05 Uhr)<\/li>\n<\/ul>\n<p class=\"mb-6 text-xs-varying md:text-m lg:text-l font-serif group-[.font-sans]:font-sans \">\n    <strong class=\"font-bold\">Linie S5<\/strong><br \/>Auf der <strong class=\"font-bold\">Linie S5<\/strong> kommt es betriebsbedingt zu einzelnen Fahrtausf\u00e4llen. Betroffen ist der Bereich zwischen <strong class=\"font-bold\">Karlsruhe Albtalbahnhof<\/strong> und <strong class=\"font-bold\">S\u00f6llingen Bahnhof<\/strong>. Folgende Fahrten fallen aus:\n  <\/p>\n<ul rel=\"\" class=\"[&amp;&gt;li]:relative list-none  [&amp;&gt;li]:pl-[1.2em] [&amp;&gt;li]:marker:text-[0] [&amp;&gt;li]:relative [&amp;&gt;li]:before:absolute [&amp;&gt;li]:before:w-3 [&amp;&gt;li]:before:h-3 [&amp;&gt;li]:before:bg-brand [&amp;&gt;li]:before:left-0 [&amp;&gt;li]:before:rounded-full [&amp;&gt;li]:before:top-[8px] md:[&amp;&gt;li]:before:top-[9px] lg:[&amp;&gt;li]:before:top-[11px]  my-5\">\n<li class=\" mb-3 text-xs-varying md:text-m lg:text-l\">KA Albtalbahnhof (20:02 Uhr) &#8211; S\u00f6llingen Bf. (20:37 Uhr)<\/li>\n<li class=\" mb-3 text-xs-varying md:text-m lg:text-l\">S\u00f6llingen Bf. (20:57 Uhr) &#8211; KA Tullastra\u00dfe (21:20 Uhr)<\/li>\n<\/ul>\n<p class=\"mb-6 text-xs-varying md:text-m lg:text-l font-serif group-[.font-sans]:font-sans \">\n    <strong class=\"font-bold\">Linie S6 <\/strong><br \/>Auf der <strong class=\"font-bold\">Linie S6<\/strong> kommt es zu einzelnen Fahrtausf\u00e4llen. Betroffen ist der Bereich zwischen <strong class=\"font-bold\">Pforzheim Hauptbahnhof<\/strong> und<strong class=\"font-bold\"> Bad Wildbad Bahnhof<\/strong>. Folgende Fahrten fallen aus:\n  <\/p>\n<ul rel=\"\" class=\"[&amp;&gt;li]:relative list-none  [&amp;&gt;li]:pl-[1.2em] [&amp;&gt;li]:marker:text-[0] [&amp;&gt;li]:relative [&amp;&gt;li]:before:absolute [&amp;&gt;li]:before:w-3 [&amp;&gt;li]:before:h-3 [&amp;&gt;li]:before:bg-brand [&amp;&gt;li]:before:left-0 [&amp;&gt;li]:before:rounded-full [&amp;&gt;li]:before:top-[8px] md:[&amp;&gt;li]:before:top-[9px] lg:[&amp;&gt;li]:before:top-[11px]  my-5\">\n<li class=\" mb-3 text-xs-varying md:text-m lg:text-l\">Pforzheim (13:47 Uhr) &#8211; Bad Wildbad Bf. (14:18 Uhr)<\/li>\n<li class=\" mb-3 text-xs-varying md:text-m lg:text-l\">Bad Wildbad Bf. (15:39 Uhr) &#8211; Pforzheim (16:10 Uhr)<\/li>\n<li class=\" mb-3 text-xs-varying md:text-m lg:text-l\">Pforzheim (16:47 Uhr) &#8211; Bad Wildbad Bf. (17:18 Uhr)<\/li>\n<li class=\" mb-3 text-xs-varying md:text-m lg:text-l\">Bad Wildbad Bf. (17:39 Uhr) &#8211; Pforzheim (18:10 Uhr)<\/li>\n<li class=\" mb-3 text-xs-varying md:text-m lg:text-l\">Pforzheim (18:47 Uhr) &#8211; Bad Wildbad Bf. (19:18 Uhr)<\/li>\n<\/ul>\n<p>            Montag, 1. Juni<\/p>\n<p class=\"mb-6 text-xs-varying md:text-m lg:text-l font-serif group-[.font-sans]:font-sans \">\n    <strong class=\"font-bold\">Linie S5 und S52<\/strong><br \/>Auf den <strong class=\"font-bold\">Linien S5 und S52<\/strong> kommt es wegen Engp\u00e4ssen beim Fahrpersonal der AVG zu Fahrtausf\u00e4llen. Betroffen ist der Bereich zwischen<strong class=\"font-bold\"> W\u00f6rth Badepark und Pforzheim Hauptbahnhof<\/strong>.\u00a0Folgende Fahrten fallen aus:\n  <\/p>\n<ul rel=\"\" class=\"[&amp;&gt;li]:relative list-none  [&amp;&gt;li]:pl-[1.2em] [&amp;&gt;li]:marker:text-[0] [&amp;&gt;li]:relative [&amp;&gt;li]:before:absolute [&amp;&gt;li]:before:w-3 [&amp;&gt;li]:before:h-3 [&amp;&gt;li]:before:bg-brand [&amp;&gt;li]:before:left-0 [&amp;&gt;li]:before:rounded-full [&amp;&gt;li]:before:top-[8px] md:[&amp;&gt;li]:before:top-[9px] lg:[&amp;&gt;li]:before:top-[11px]  my-5\">\n<li class=\" mb-3 text-xs-varying md:text-m lg:text-l\">Wilferdingen Singen (06:49 Uhr) &#8211; Karlsruhe Hauptbahnhof Vorplatz (07:33 Uhr)<\/li>\n<li class=\" mb-3 text-xs-varying md:text-m lg:text-l\">Karlsruhe Hauptbahnhof Vorplatz (07:34 Uhr) &#8211; Karlsruhe Tullastr. 07:53 Uhr)<\/li>\n<li class=\" mb-3 text-xs-varying md:text-m lg:text-l\">Karlsruhe Tullastr. (05:22 Uhr) &#8211; Pforzheim Bahnhof (06:11 Uhr)<\/li>\n<li class=\" mb-3 text-xs-varying md:text-m lg:text-l\">Pforzheim Bahnhof (06:25 Uhr) &#8211; Karlsruhe Albtalbahnhof (07:25 Uhr)<\/li>\n<li class=\" mb-3 text-xs-varying md:text-m lg:text-l\">W\u00f6rth Badepark (05:25 Uhr) &#8211; Karlsruhe Rheinhafen (05:47 Uhr)<\/li>\n<li class=\" mb-3 text-xs-varying md:text-m lg:text-l\">Karlsruhe Rheinhafen (06:07 Uhr) &#8211; W\u00f6rth Badepark (06:33 Uhr)<\/li>\n<li class=\" mb-3 text-xs-varying md:text-m lg:text-l\">Karlsruhe Albtalbahnhof (08:52 Uhr) &#8211; Pforzheim Bahnhof (09:50 Uhr)<\/li>\n<li class=\" mb-3 text-xs-varying md:text-m lg:text-l\">Pforzheim Bahnhof (10:06 Uhr) &#8211; Karlsruhe Albtalbahnhof (11:05 Uhr)\u00a0<\/li>\n<\/ul>\n<p class=\"mb-6 text-xs-varying md:text-m lg:text-l font-serif group-[.font-sans]:font-sans \">\n    <strong class=\"font-bold\">Linie S4<\/strong> <br \/>Auf der<strong class=\"font-bold\"> Linie S4<\/strong> kommt es wegen Engp\u00e4ssen beim Fahrpersonal der AVG zu Fahrtausf\u00e4llen. Betroffen ist der Bereich zwischen <strong class=\"font-bold\">Karlsruhe Albtalbahnhof und Flehingen Bahnhof<\/strong>. Folgende Fahrten fallen aus:\n  <\/p>\n<ul rel=\"\" class=\"[&amp;&gt;li]:relative list-none  [&amp;&gt;li]:pl-[1.2em] [&amp;&gt;li]:marker:text-[0] [&amp;&gt;li]:relative [&amp;&gt;li]:before:absolute [&amp;&gt;li]:before:w-3 [&amp;&gt;li]:before:h-3 [&amp;&gt;li]:before:bg-brand [&amp;&gt;li]:before:left-0 [&amp;&gt;li]:before:rounded-full [&amp;&gt;li]:before:top-[8px] md:[&amp;&gt;li]:before:top-[9px] lg:[&amp;&gt;li]:before:top-[11px]  my-5\">\n<li class=\" mb-3 text-xs-varying md:text-m lg:text-l\">Karlsruhe Albtalbahnhof (07:35 Uhr) &#8211; Flehingen Bahnhof (08:37 Uhr)<\/li>\n<li class=\" mb-3 text-xs-varying md:text-m lg:text-l\">Flehingen Bahnhof (09:20 Uhr) &#8211; Karlsruhe Albtalbahnhof (10:26 Uhr)#<\/li>\n<\/ul>\n<p class=\"mb-6 text-xs-varying md:text-m lg:text-l font-serif group-[.font-sans]:font-sans \">\n    <strong class=\"font-bold\">Linie S7 <\/strong><br \/>Auf der <strong class=\"font-bold\">Linie S7<\/strong> kommt es wegen Engp\u00e4ssen beim Fahrpersonal der AVG zu Fahrtausf\u00e4llen. Betroffen ist der Bereich zwischen <strong class=\"font-bold\">Karlsruhe Albtalbahnhof und Baden-Baden Bahnhof<\/strong>. Folgende Fahrten fallen aus:\n  <\/p>\n<ul rel=\"\" class=\"[&amp;&gt;li]:relative list-none  [&amp;&gt;li]:pl-[1.2em] [&amp;&gt;li]:marker:text-[0] [&amp;&gt;li]:relative [&amp;&gt;li]:before:absolute [&amp;&gt;li]:before:w-3 [&amp;&gt;li]:before:h-3 [&amp;&gt;li]:before:bg-brand [&amp;&gt;li]:before:left-0 [&amp;&gt;li]:before:rounded-full [&amp;&gt;li]:before:top-[8px] md:[&amp;&gt;li]:before:top-[9px] lg:[&amp;&gt;li]:before:top-[11px]  my-5\">\n<li class=\" mb-3 text-xs-varying md:text-m lg:text-l\">Karlsruhe Tullastr. (05:53 Uhr) &#8211; BadenBaden (06:46 Uhr)<\/li>\n<li class=\" mb-3 text-xs-varying md:text-m lg:text-l\">BadenBaden (07:00 Uhr) &#8211; Karlsruhe Albtalbahnhof (07:31 Uhr)<\/li>\n<\/ul>\n<p class=\"mb-6 text-xs-varying md:text-m lg:text-l font-serif group-[.font-sans]:font-sans \">\n    <strong class=\"font-bold\">Linie S8 <\/strong><br \/>Auf der <strong class=\"font-bold\">Linie S8 <\/strong>kommt es wegen Engp\u00e4ssen beim Fahrpersonal der AVG zu Fahrtausf\u00e4llen. Betroffen ist der Bereich zwischen <strong class=\"font-bold\">Karlsruhe Tullastra\u00dfe\/Alter Schlachthof und Freudenstadt Hauptbahnhof<\/strong>. Folgende Fahrten fallen aus:\n  <\/p>\n<ul rel=\"\" class=\"[&amp;&gt;li]:relative list-none  [&amp;&gt;li]:pl-[1.2em] [&amp;&gt;li]:marker:text-[0] [&amp;&gt;li]:relative [&amp;&gt;li]:before:absolute [&amp;&gt;li]:before:w-3 [&amp;&gt;li]:before:h-3 [&amp;&gt;li]:before:bg-brand [&amp;&gt;li]:before:left-0 [&amp;&gt;li]:before:rounded-full [&amp;&gt;li]:before:top-[8px] md:[&amp;&gt;li]:before:top-[9px] lg:[&amp;&gt;li]:before:top-[11px]  my-5\">\n<li class=\" mb-3 text-xs-varying md:text-m lg:text-l\">Karlsruhe Tullastr. (05:20 Uhr) &#8211; Freudenstadt Bahnhof (07:32 Uhr)<\/li>\n<li class=\" mb-3 text-xs-varying md:text-m lg:text-l\">Freudenstadt Bahnhof (07:48 Uhr) &#8211; Karlsruhe Albtalbahnhof (09:45 Uhr)<\/li>\n<\/ul>\n<p>            Freitag, 29. Mai<\/p>\n<p class=\"mb-6 text-xs-varying md:text-m lg:text-l font-serif group-[.font-sans]:font-sans \">\n    <strong class=\"font-bold\">Linien S1 und S11<\/strong><br \/>Auf den<strong class=\"font-bold\"> Linien S1 und S11<\/strong> kommt es <strong class=\"font-bold\">zwischen Ettlingen Albgaubad und Bad Herrenalb Bahnhof<\/strong> zu einzelnen <strong class=\"font-bold\">Fahrtausf\u00e4llen<\/strong>. Grund daf\u00fcr ist ein <strong class=\"font-bold\">betriebsbedingter Ausfall bei der AVG.<\/strong> Folgende Fahrten sind betroffen (Stand 7.14 Uhr):\n  <\/p>\n<ul rel=\"\" class=\"[&amp;&gt;li]:relative list-none  [&amp;&gt;li]:pl-[1.2em] [&amp;&gt;li]:marker:text-[0] [&amp;&gt;li]:relative [&amp;&gt;li]:before:absolute [&amp;&gt;li]:before:w-3 [&amp;&gt;li]:before:h-3 [&amp;&gt;li]:before:bg-brand [&amp;&gt;li]:before:left-0 [&amp;&gt;li]:before:rounded-full [&amp;&gt;li]:before:top-[8px] md:[&amp;&gt;li]:before:top-[9px] lg:[&amp;&gt;li]:before:top-[11px]  my-5\">\n<li class=\" mb-3 text-xs-varying md:text-m lg:text-l\">Ettlingen Stadt (05:45 Uhr) &#8211; Haus Bethlehem (06:24 Uhr)<\/li>\n<li class=\" mb-3 text-xs-varying md:text-m lg:text-l\">Haus Bethlehem (06:31 Uhr) &#8211; Bad Herrenalb Bahnhof (07:35 Uhr)<\/li>\n<li class=\" mb-3 text-xs-varying md:text-m lg:text-l\">Bad Herrenalb Bahnhof (07:48 Uhr) &#8211; Tullastra\u00dfe Alter Schlachthof (08:49 Uhr)<br \/>\n\u00a0<\/li>\n<\/ul>\n<p>            Donnerstag, 28. Mai<\/p>\n<p class=\"mb-6 text-xs-varying md:text-m lg:text-l font-serif group-[.font-sans]:font-sans \">\n    <strong class=\"font-bold\">Linien S5, S51 und S52<\/strong><br \/>Auf den <strong class=\"font-bold\">Linien S5, S51 und S52<\/strong> kommt es <strong class=\"font-bold\">in beiden Richtungen<\/strong> zu<strong class=\"font-bold\"> Versp\u00e4tungen<\/strong>. Grund daf\u00fcr ist ein <strong class=\"font-bold\">Feuerwehreinsatz<\/strong> im Bereich <strong class=\"font-bold\">Karlsruhe West Bahnhof.<\/strong>\n  <\/p>\n<p>            Mittwoch, 27. Mai<\/p>\n<p class=\"mb-6 text-xs-varying md:text-m lg:text-l font-serif group-[.font-sans]:font-sans \">\n    <strong class=\"font-bold\">Linie S8<\/strong><br \/>Auf der<strong class=\"font-bold\"> Linie S8<\/strong> kommt es<strong class=\"font-bold\"> in beiden Richtungen<\/strong> zu<strong class=\"font-bold\"> Versp\u00e4tungen<\/strong>. Grund daf\u00fcr ist ein <strong class=\"font-bold\">Stellwerkausfall<\/strong> im Bereich <strong class=\"font-bold\">Gernsbach.<\/strong>\n  <\/p>\n<p>            Dienstag, 26. Mai<\/p>\n<p class=\"mb-6 text-xs-varying md:text-m lg:text-l font-serif group-[.font-sans]:font-sans \">\n    <strong class=\"font-bold\">Linie S5<\/strong><br \/>Auf der <strong class=\"font-bold\">Linie S5<\/strong> kommt es zwischen <strong class=\"font-bold\">Karlsruhe Rheinhafen und W\u00f6rth Badepark zu Fahrtausf\u00e4llen<\/strong>. Grund daf\u00fcr sind <strong class=\"font-bold\">Engp\u00e4sse beim Fahrpersonal der DB Regio.<\/strong> Folgende Fahrten sind betroffen:\n  <\/p>\n<ul rel=\"\" class=\"[&amp;&gt;li]:relative list-none  [&amp;&gt;li]:pl-[1.2em] [&amp;&gt;li]:marker:text-[0] [&amp;&gt;li]:relative [&amp;&gt;li]:before:absolute [&amp;&gt;li]:before:w-3 [&amp;&gt;li]:before:h-3 [&amp;&gt;li]:before:bg-brand [&amp;&gt;li]:before:left-0 [&amp;&gt;li]:before:rounded-full [&amp;&gt;li]:before:top-[8px] md:[&amp;&gt;li]:before:top-[9px] lg:[&amp;&gt;li]:before:top-[11px]  my-5\">\n<li class=\" mb-3 text-xs-varying md:text-m lg:text-l\">Knielingen Rheinbergstrasse (15:37 Uhr) &#8211; W\u00f6rth Badepark (15:53 Uhr)<\/li>\n<li class=\" mb-3 text-xs-varying md:text-m lg:text-l\">W\u00f6rth Badepark (16:05 Uhr) &#8211; Karlsruhe Rheinhafen(16:28 Uhr)<\/li>\n<li class=\" mb-3 text-xs-varying md:text-m lg:text-l\">Karlsruhe Rheinhafen (16:37 Uhr) &#8211; W\u00f6rth Bahnhof (16:56 Uhr)<\/li>\n<li class=\" mb-3 text-xs-varying md:text-m lg:text-l\">W\u00f6rth Bahnhof (17:02 Uhr) &#8211; Karlsruhe Rheinhafen (17:18 Uhr)<\/li>\n<li class=\" mb-3 text-xs-varying md:text-m lg:text-l\">Karlsruhe Rheinhafen (17:27 Uhr) &#8211; W\u00f6rth Badepark (17:53 Uhr)<\/li>\n<li class=\" mb-3 text-xs-varying md:text-m lg:text-l\">W\u00f6rth Badepark (18:05 Uhr) &#8211; Knielingen Rheinbergstrasse (18:20 Uhr)<\/li>\n<li class=\" mb-3 text-xs-varying md:text-m lg:text-l\">Knielingen Rheinbergstrasse (18:37 Uhr) &#8211; W\u00f6rth Badepark (18:53 Uhr)<\/li>\n<li class=\" mb-3 text-xs-varying md:text-m lg:text-l\">W\u00f6rth Badepark (19:05 Uhr) &#8211; Knielingen Rheinbergstrasse (19:20 Uhr)<\/li>\n<li class=\" mb-3 text-xs-varying md:text-m lg:text-l\">Knielingen Rheinbergstrasse (19:37 Uhr) &#8211; W\u00f6rth Badepark (19:53 Uhr)<\/li>\n<\/ul>\n<p class=\"mb-6 text-xs-varying md:text-m lg:text-l font-serif group-[.font-sans]:font-sans \">\n    <strong class=\"font-bold\">Linie S4<\/strong><br \/>Auf der <strong class=\"font-bold\">Linie S4<\/strong> kommt es zwischen <strong class=\"font-bold\">\u00d6hringen Cappel und Schwaigern West<\/strong> zu <strong class=\"font-bold\">Fahrtausf\u00e4llen<\/strong>. Grund daf\u00fcr sind <strong class=\"font-bold\">Engp\u00e4sse beim Fahrpersonal der DB Regio.<\/strong> Folgende Fahrten sind betroffen:\n  <\/p>\n<ul rel=\"\" class=\"[&amp;&gt;li]:relative list-none  [&amp;&gt;li]:pl-[1.2em] [&amp;&gt;li]:marker:text-[0] [&amp;&gt;li]:relative [&amp;&gt;li]:before:absolute [&amp;&gt;li]:before:w-3 [&amp;&gt;li]:before:h-3 [&amp;&gt;li]:before:bg-brand [&amp;&gt;li]:before:left-0 [&amp;&gt;li]:before:rounded-full [&amp;&gt;li]:before:top-[8px] md:[&amp;&gt;li]:before:top-[9px] lg:[&amp;&gt;li]:before:top-[11px]  my-5\">\n<li class=\" mb-3 text-xs-varying md:text-m lg:text-l\">Heilbronn Willy-Brandt-Platz (07:34 Uhr) &#8211; \u00d6hringen Cappel (08:20 Uhr)<\/li>\n<li class=\" mb-3 text-xs-varying md:text-m lg:text-l\">\u00d6hringen Cappel (08:33 Uhr) &#8211; Heilbronn Willy-Brandt-Platz (09:20 Uhr)<\/li>\n<\/ul>\n<p class=\"mb-6 text-xs-varying md:text-m lg:text-l font-serif group-[.font-sans]:font-sans \">\n    <strong class=\"font-bold\">Linien S5 und S7<\/strong><br \/>Auf den Linien <strong class=\"font-bold\">S5 und S7 <\/strong>kommt es zwischen <strong class=\"font-bold\">S\u00f6llingen Bahnhof und Karlsruhe Albtalbahnhof <\/strong>zu <strong class=\"font-bold\">Fahrtausf\u00e4llen.<\/strong> Grund daf\u00fcr sind <strong class=\"font-bold\">Engp\u00e4sse beim Fahrpersonal der AVG<\/strong>. Folgende Fahrten der S5 sind betroffen:\n  <\/p>\n<ul rel=\"\" class=\"[&amp;&gt;li]:relative list-none  [&amp;&gt;li]:pl-[1.2em] [&amp;&gt;li]:marker:text-[0] [&amp;&gt;li]:relative [&amp;&gt;li]:before:absolute [&amp;&gt;li]:before:w-3 [&amp;&gt;li]:before:h-3 [&amp;&gt;li]:before:bg-brand [&amp;&gt;li]:before:left-0 [&amp;&gt;li]:before:rounded-full [&amp;&gt;li]:before:top-[8px] md:[&amp;&gt;li]:before:top-[9px] lg:[&amp;&gt;li]:before:top-[11px]  my-5\">\n<li class=\" mb-3 text-xs-varying md:text-m lg:text-l\">Karlsruhe Albtalbahnhof (09:39 Uhr) &#8211; S\u00f6llingen Bahnhof (10:12 Uhr)<\/li>\n<li class=\" mb-3 text-xs-varying md:text-m lg:text-l\">S\u00f6llingen Bahnhof (10:56 Uhr) &#8211; Karlsruhe Albtalbahnhof (11:33 Uhr)<\/li>\n<\/ul>\n<p class=\"mb-6 text-xs-varying md:text-m lg:text-l font-serif group-[.font-sans]:font-sans \">\n    <strong class=\"font-bold\">Linie 73<\/strong><br \/>Auf der<strong class=\"font-bold\"> Linie 73 <\/strong>kommt es zwischen <strong class=\"font-bold\">Neureut Kirchfeld Nord und Karlsruhe Europaplatz<\/strong> zu <strong class=\"font-bold\">einzelnen Fahrtausf\u00e4llen<\/strong>. Grund daf\u00fcr ist eine <strong class=\"font-bold\">Fahrzeugst\u00f6rung<\/strong>.\n  <\/p>\n<p class=\"mb-6 text-xs-varying md:text-m lg:text-l font-serif group-[.font-sans]:font-sans \">\n    <strong class=\"font-bold\">Linien S1 und S11<\/strong><br \/>Auf den<strong class=\"font-bold\"> Linien S1 und S11 <\/strong>kommt es zwischen <strong class=\"font-bold\">Karlsruhe Haus Bethlehem und Ittersbach Rathaus<\/strong> zu <strong class=\"font-bold\">Fahrtausf\u00e4llen<\/strong>. Grund daf\u00fcr sind <strong class=\"font-bold\">Engp\u00e4sse beim Fahrpersonal der AVG<\/strong>. Folgende Fahrten sind betroffen:\n  <\/p>\n<ul rel=\"\" class=\"[&amp;&gt;li]:relative list-none  [&amp;&gt;li]:pl-[1.2em] [&amp;&gt;li]:marker:text-[0] [&amp;&gt;li]:relative [&amp;&gt;li]:before:absolute [&amp;&gt;li]:before:w-3 [&amp;&gt;li]:before:h-3 [&amp;&gt;li]:before:bg-brand [&amp;&gt;li]:before:left-0 [&amp;&gt;li]:before:rounded-full [&amp;&gt;li]:before:top-[8px] md:[&amp;&gt;li]:before:top-[9px] lg:[&amp;&gt;li]:before:top-[11px]  my-5\">\n<li class=\" mb-3 text-xs-varying md:text-m lg:text-l\">Bad Herrenalb (06:03 Uhr) &#8211; KA Haus Bethlehem (07:04 Uhr)<\/li>\n<li class=\" mb-3 text-xs-varying md:text-m lg:text-l\">KA Haus Bethlehem (07:11 Uhr) &#8211; Ittersbach Rathaus (08:15 Uhr)<\/li>\n<li class=\" mb-3 text-xs-varying md:text-m lg:text-l\">Ittersbach Rathaus (08:21 Uhr) &#8211; KA Haus Bethlehem ( 09:24 Uhr)<\/li>\n<li class=\" mb-3 text-xs-varying md:text-m lg:text-l\">KA Haus Bethlehem (09:31 Uhr) &#8211; Ettlingen Stadt (10:08 Uhr)<\/li>\n<li class=\" mb-3 text-xs-varying md:text-m lg:text-l\">Ettlingen Stadt (10:45 Uhr) &#8211; KA Haus Bethlehem (11:24 Uhr)<\/li>\n<li class=\" mb-3 text-xs-varying md:text-m lg:text-l\">KA Haus Bethlehem (11:31 Uhr) &#8211; Ettlingen Stadt (12:08 Uhr)<\/li>\n<li class=\" mb-3 text-xs-varying md:text-m lg:text-l\">Ettlingen Stadt (12:48 Uhr) &#8211; Ittersbach Rathaus (13:15 Uhr)<\/li>\n<li class=\" mb-3 text-xs-varying md:text-m lg:text-l\">Ittersbach Rathaus (13:21 Uhr) &#8211; Ettlingen Stadt (13:45 Uhr)<\/li>\n<\/ul>\n<p>            Dienstag, 19. Mai<\/p>\n<p class=\"mb-6 text-xs-varying md:text-m lg:text-l font-serif group-[.font-sans]:font-sans \">\n    <strong class=\"font-bold\">Linien S5 und S51<\/strong><br \/>Auf den<strong class=\"font-bold\"> Linien S5 <\/strong>und <strong class=\"font-bold\">S51 <\/strong>kommt es <strong class=\"font-bold\">in beiden Richtungen zu Versp\u00e4tungen<\/strong>. Grund daf\u00fcr ist eine <strong class=\"font-bold\">Weichenst\u00f6rung<\/strong> im Bereich Berghausen Bahnhof.\n  <\/p>\n<p>            Montag, 11. Mai<\/p>\n<p class=\"mb-6 text-xs-varying md:text-m lg:text-l font-serif group-[.font-sans]:font-sans \">\n    Eine neue <strong class=\"font-bold\">Dauerbaustelle am Entenfang<\/strong> schr\u00e4nkt den Karlsruher Nahverkehr massiv ein. Mehrere Linien werden in den n\u00e4chsten Wochen dauerhaft umgeleitet. Hier gibt es weitere Informationen: <a href=\"https:\/\/www.ka-news.de\/karlsruhe\/verkehr\/baustellen-entenfang-fuehren-zu-sev-und-umleitungen-im-oepnv-karlsruhe-bis-sommer-13-5-26-113977670\" target=\"_self\" class=\"underline \" rel=\"nofollow noopener\">Neue Dauerbaustelle am Entenfang.<\/a>\n  <\/p>\n<p class=\"mb-6 text-xs-varying md:text-m lg:text-l font-serif group-[.font-sans]:font-sans \">\n    <strong class=\"font-bold\">Linie S2<\/strong><br \/><a href=\"https:\/\/www.ka-news.de\/karlsruhe\/blaulicht\/trunkenheitsfahrt-verursacht-unfall-und-stoppt-linie-s2-in-karlsruhe-114197422\" target=\"_self\" class=\"underline \" rel=\"nofollow noopener\">Fremdunfall im Bereich Abzweig <strong class=\"font-bold\">Bahnhof Hagsfeld<\/strong> zwischen Rintheim Sinsheimer Stra\u00dfe und Sp\u00f6ck Richard-Hecht-Schule <strong class=\"font-bold\">in beiden Richtungen.<\/strong><\/a> Betroffene Linie:<strong class=\"font-bold\"> S2 f\u00e4hrt Umleitung zum Hirtenweg.\u00a0<\/strong> Ein <strong class=\"font-bold\">Schienenersatzverkehr ist zwischen Hirtenweg und Sp\u00f6ck<\/strong> eingesetzt. St\u00f6rungsende zirka 7.30 Uhr.\n  <\/p>\n<p class=\"mb-6 text-xs-varying md:text-m lg:text-l font-serif group-[.font-sans]:font-sans \">\n    <strong class=\"font-bold\">Linie S5<\/strong><br \/>Auf der<strong class=\"font-bold\"> Linie S5<\/strong> kommt es betriebsbedingt zu einzelnen Fahrtausf\u00e4llen. Betroffen ist der Bereich zwischen <strong class=\"font-bold\">W\u00f6rth Badepark<\/strong> und <strong class=\"font-bold\">S\u00f6llingen Bahnhof<\/strong>. Folgende Fahrten fallen aus:\n  <\/p>\n<ul rel=\"\" class=\"[&amp;&gt;li]:relative list-none  [&amp;&gt;li]:pl-[1.2em] [&amp;&gt;li]:marker:text-[0] [&amp;&gt;li]:relative [&amp;&gt;li]:before:absolute [&amp;&gt;li]:before:w-3 [&amp;&gt;li]:before:h-3 [&amp;&gt;li]:before:bg-brand [&amp;&gt;li]:before:left-0 [&amp;&gt;li]:before:rounded-full [&amp;&gt;li]:before:top-[8px] md:[&amp;&gt;li]:before:top-[9px] lg:[&amp;&gt;li]:before:top-[11px]  my-5\">\n<li class=\" mb-3 text-xs-varying md:text-m lg:text-l\">04:22 Uhr Albtalbahnhof &#8211; 04:56 Uhr S\u00f6llingen Bf<\/li>\n<li class=\" mb-3 text-xs-varying md:text-m lg:text-l\">05:01 Uhr S\u00f6llingen Bf &#8211; 05:55 Uhr W\u00f6rth Badepark<\/li>\n<li class=\" mb-3 text-xs-varying md:text-m lg:text-l\">05:31 Uhr Rheinbergstra\u00dfe Karlsruhe &#8211; 06:17 Uhr S\u00f6llingen Bf8<\/li>\n<li class=\" mb-3 text-xs-varying md:text-m lg:text-l\">4963 06:01 Uhr W\u00f6rth Badepark &#8211; 07:20 Uhr Pforzheim Hbf8<\/li>\n<li class=\" mb-3 text-xs-varying md:text-m lg:text-l\">4814 07:09 Uhr S\u00f6llingen Bf &#8211; 07:37 Uhr Karlsruhe Marktplatz<\/li>\n<li class=\" mb-3 text-xs-varying md:text-m lg:text-l\">08:23 Uhr W\u00f6rth Badepark &#8211; 08:40 Uhr Rheinbergstra\u00dfe Karlsruhe<\/li>\n<\/ul>\n<p class=\"mb-6 text-xs-varying md:text-m lg:text-l font-serif group-[.font-sans]:font-sans \">\n    <strong class=\"font-bold\">Linie S6<\/strong><br \/>Auf der <strong class=\"font-bold\">Linie S6<\/strong> kommt es betriebsbedingt zu einzelnen Fahrtausf\u00e4llen. Betroffen ist der Bereich zwischen <strong class=\"font-bold\">Pforzheim Hauptbahnhof<\/strong> und<strong class=\"font-bold\"> Bad Wildbad Kurpark<\/strong>. Folgende Fahrten fallen aus:\n  <\/p>\n<ul rel=\"\" class=\"[&amp;&gt;li]:relative list-none  [&amp;&gt;li]:pl-[1.2em] [&amp;&gt;li]:marker:text-[0] [&amp;&gt;li]:relative [&amp;&gt;li]:before:absolute [&amp;&gt;li]:before:w-3 [&amp;&gt;li]:before:h-3 [&amp;&gt;li]:before:bg-brand [&amp;&gt;li]:before:left-0 [&amp;&gt;li]:before:rounded-full [&amp;&gt;li]:before:top-[8px] md:[&amp;&gt;li]:before:top-[9px] lg:[&amp;&gt;li]:before:top-[11px]  my-5\">\n<li class=\" mb-3 text-xs-varying md:text-m lg:text-l\">07:47 Uhr Pforzheim Hbf &#8211; 08:22 Uhr Bad Wildbad Kurpark<\/li>\n<li class=\" mb-3 text-xs-varying md:text-m lg:text-l\">08:32 Uhr Bad Wildbad Kurpark &#8211; 09:08 Uhr Pforzheim Hbf<\/li>\n<\/ul>\n<p>            Freitag, 8. Mai<\/p>\n<p class=\"mb-6 text-xs-varying md:text-m lg:text-l font-serif group-[.font-sans]:font-sans \">\n    <strong class=\"font-bold\">Linie S7 <\/strong><br \/>Auf der Linie <strong class=\"font-bold\">S7<\/strong> kommt es wegen<strong class=\"font-bold\"> Engp\u00e4ssen beim Fahrpersonal <\/strong>der AVG zu <strong class=\"font-bold\">Fahrtausf\u00e4llen<\/strong>. Betroffen ist der Bereich zwischen Karlsruhe Albtalbahnhof und Achern Bahnhof.\u00a0Folgende Fahrten sind von einem (Teil-)Ausfall betroffen:\n  <\/p>\n<ul rel=\"\" class=\"[&amp;&gt;li]:relative list-none  [&amp;&gt;li]:pl-[1.2em] [&amp;&gt;li]:marker:text-[0] [&amp;&gt;li]:relative [&amp;&gt;li]:before:absolute [&amp;&gt;li]:before:w-3 [&amp;&gt;li]:before:h-3 [&amp;&gt;li]:before:bg-brand [&amp;&gt;li]:before:left-0 [&amp;&gt;li]:before:rounded-full [&amp;&gt;li]:before:top-[8px] md:[&amp;&gt;li]:before:top-[9px] lg:[&amp;&gt;li]:before:top-[11px]  my-5\">\n<li class=\" mb-3 text-xs-varying md:text-m lg:text-l\">Karlsruhe Albtalbahnhof (07:37 Uhr) &#8211; Achern (08:27 Uhr)<\/li>\n<li class=\" mb-3 text-xs-varying md:text-m lg:text-l\">Achern (08:33 Uhr) &#8211; Karlsruhe Tullastra\u00dfe (09:40 Uhr)<\/li>\n<li class=\" mb-3 text-xs-varying md:text-m lg:text-l\">Karlsruhe Tullastra\u00dfe (10:17 Uhr) &#8211; Karlsruhe Albtalbahnhof (10:32 Uhr)<\/li>\n<\/ul>\n<p>            Dienstag, 5. Mai<\/p>\n<p class=\"mb-6 text-xs-varying md:text-m lg:text-l font-serif group-[.font-sans]:font-sans \">\n    Aktuell gibt es keine Einschr\u00e4nkungen auf den Stra\u00dfenbahnlinien in <a href=\"https:\/\/www.ka-news.de\/promis\/karlsruhe-kulturlandschaft-technologieregion-und-residenz-des-rechts-die-faecherstadt-im-ueberblick-art-2783253\" target=\"_self\" class=\"underline \" rel=\"nofollow noopener\">Karlsruhe<\/a>. (Stand 7.03 Uhr)\n  <\/p>\n<p>            Montag, 4. Mai<\/p>\n<p class=\"mb-6 text-xs-varying md:text-m lg:text-l font-serif group-[.font-sans]:font-sans \">\n    Aktuell gibt es keine Einschr\u00e4nkungen auf den Stra\u00dfenbahnlinien in Karlsruhe. (Stand 7.02 Uhr)\n  <\/p>\n<p>            Montag, 20. April<\/p>\n<p class=\"mb-6 text-xs-varying md:text-m lg:text-l font-serif group-[.font-sans]:font-sans \">\n    <strong class=\"font-bold\">Linien S8 und S81<\/strong><br \/>Die Linien S8 und S81 sind<strong class=\"font-bold\"> seit Montagfr\u00fch<\/strong> von einem <strong class=\"font-bold\">Stellwerkausfall in Baiersbronn<\/strong> betroffen. Ein <strong class=\"font-bold\">Schienenersatzverkehr zwischen Forbach Bahnhof und Freudenstadt Hauptbahnhof<\/strong> wurde mit mehreren Bussen eingerichtet. Laut KVV-Ticker wird das <strong class=\"font-bold\">St\u00f6rungsende im Laufe des Dienstags erwartet<\/strong>.\n  <\/p>\n<p class=\"mb-6 text-xs-varying md:text-m lg:text-l font-serif group-[.font-sans]:font-sans \">\n    <strong class=\"font-bold\">Linie S2<\/strong><br \/>Aufgrund des <a href=\"https:\/\/www.ka-news.de\/karlsruhe\/verkehr\/umleitung-bei-der-s2-in-karlsruhe-wegen-wasserrohrbruch-21-4-26-114018974\" target=\"_self\" class=\"underline \" rel=\"nofollow noopener\">Wasserrohrbruchs im Bereich der Essenweinstra\u00dfe<\/a> in Karlsruhe am vergangenen Wochenende wird die<strong class=\"font-bold\"> Linie S2 weiterhin umgeleitet<\/strong>. Das <strong class=\"font-bold\">St\u00f6rungsende ist aktuell noch unbekannt.<\/strong>\n  <\/p>\n<p>            Freitag, 17. April<\/p>\n<p class=\"mb-6 text-xs-varying md:text-m lg:text-l font-serif group-[.font-sans]:font-sans \">\n    Aktuell gibt es keine Einschr\u00e4nkungen auf den Stra\u00dfenbahnlinien in Karlsruhe. (Stand 7.12 Uhr)\n  <\/p>\n<p>            Donnerstag, 16. April<\/p>\n<p class=\"mb-6 text-xs-varying md:text-m lg:text-l font-serif group-[.font-sans]:font-sans \">\n    Aktuell gibt es keine Einschr\u00e4nkungen auf den Stra\u00dfenbahnlinien in Karlsruhe. (Stand 7.03 Uhr)\n  <\/p>\n<p>            Mittwoch, 15. April<\/p>\n<p class=\"mb-6 text-xs-varying md:text-m lg:text-l font-serif group-[.font-sans]:font-sans \">\n    Aktuell gibt es keine Einschr\u00e4nkungen auf den Stra\u00dfenbahnlinien in Karlsruhe. (Stand 7.11 Uhr)\n  <\/p>\n<p>            Dienstag, 14. April<\/p>\n<p class=\"mb-6 text-xs-varying md:text-m lg:text-l font-serif group-[.font-sans]:font-sans \">\n    Aktuell gibt es keine Einschr\u00e4nkungen auf den Stra\u00dfenbahnlinien in Karlsruhe. (Stand 7.11 Uhr)\n  <\/p>\n<p>            Montag, 13. April<\/p>\n<p class=\"mb-6 text-xs-varying md:text-m lg:text-l font-serif group-[.font-sans]:font-sans \">\n    Aktuell gibt es keine Einschr\u00e4nkungen auf den Stra\u00dfenbahnlinien in Karlsruhe. (Stand 7.15 Uhr)\n  <\/p>\n<p>            Freitag, 9. April<\/p>\n<p class=\"mb-6 text-xs-varying md:text-m lg:text-l font-serif group-[.font-sans]:font-sans \">\n    <strong class=\"font-bold\">Linie S5:<\/strong> <br \/>Auf der<strong class=\"font-bold\"> Linie S5<\/strong> kommt es wegen eines\u00a0betriebsbedingten Ausfalls bei der AVG zu einzelnen Fahrtausf\u00e4llen. Betroffen ist der Bereich zwischen<strong class=\"font-bold\"> W\u00f6rth Badepark<\/strong> und <strong class=\"font-bold\">Durlach Turmberg. <\/strong>Folgende Fahrten Fallen aus:\n  <\/p>\n<ul rel=\"\" class=\"[&amp;&gt;li]:relative list-none  [&amp;&gt;li]:pl-[1.2em] [&amp;&gt;li]:marker:text-[0] [&amp;&gt;li]:relative [&amp;&gt;li]:before:absolute [&amp;&gt;li]:before:w-3 [&amp;&gt;li]:before:h-3 [&amp;&gt;li]:before:bg-brand [&amp;&gt;li]:before:left-0 [&amp;&gt;li]:before:rounded-full [&amp;&gt;li]:before:top-[8px] md:[&amp;&gt;li]:before:top-[9px] lg:[&amp;&gt;li]:before:top-[11px]  my-5\">\n<li class=\" mb-3 text-xs-varying md:text-m lg:text-l\">Karlsruhe Rheinhafen (03:54 Uhr) &#8211; Durlach Turmberg (04:19 Uhr)<\/li>\n<li class=\" mb-3 text-xs-varying md:text-m lg:text-l\">4796 Durlach Turmberg (04:32 Uhr) &#8211; W\u00f6rth Badepark (05:21 Uhr)<\/li>\n<li class=\" mb-3 text-xs-varying md:text-m lg:text-l\">W\u00f6rth Badepark (05:45 Uhr) &#8211; Durlach Turmberg (06:34 Uhr)<\/li>\n<li class=\" mb-3 text-xs-varying md:text-m lg:text-l\">Durlach Turmberg (06:42 Uhr) &#8211; Starckstra\u00dfe (07:08 Uhr)<br \/>\n\u00a0<\/li>\n<\/ul>\n<p class=\"mb-6 text-xs-varying md:text-m lg:text-l font-serif group-[.font-sans]:font-sans \">\n    <strong class=\"font-bold\">Linie S6: <\/strong><br \/>Auf der <strong class=\"font-bold\">Linie S6<\/strong> kommt es wegen eines\u00a0betriebsbedingten Ausfalls bei der AVG zu einzelnen Fahrtausf\u00e4llen. Betroffen ist der Bereich zwischen <strong class=\"font-bold\">Pforzheim Hauptbahnhof<\/strong> und <strong class=\"font-bold\">Bad Wildbad Kurpark<\/strong>. Folgende Fahrten fallen aus:\n  <\/p>\n<ul rel=\"\" class=\"[&amp;&gt;li]:relative list-none  [&amp;&gt;li]:pl-[1.2em] [&amp;&gt;li]:marker:text-[0] [&amp;&gt;li]:relative [&amp;&gt;li]:before:absolute [&amp;&gt;li]:before:w-3 [&amp;&gt;li]:before:h-3 [&amp;&gt;li]:before:bg-brand [&amp;&gt;li]:before:left-0 [&amp;&gt;li]:before:rounded-full [&amp;&gt;li]:before:top-[8px] md:[&amp;&gt;li]:before:top-[9px] lg:[&amp;&gt;li]:before:top-[11px]  my-5\">\n<li class=\" mb-3 text-xs-varying md:text-m lg:text-l\">Pforzheim Hbf\u00a0(06:45 Uhr) &#8211; Bad Wildbad Kurpark (07:22 Uhr)<\/li>\n<li class=\" mb-3 text-xs-varying md:text-m lg:text-l\">Bad Wildbad Kurpark (07:35 Uhr) &#8211; Pforzheim Hbf (08:10 Uhr)<\/li>\n<\/ul>\n<p>            Mittwoch, 8. April<\/p>\n<p class=\"mb-6 text-xs-varying md:text-m lg:text-l font-serif group-[.font-sans]:font-sans \">\n    <strong class=\"font-bold\">Linien 47 und 55: <\/strong><br \/>Auf den <strong class=\"font-bold\">Linien 47 und 55<\/strong> kommt es zu einzelnen Fahrtausf\u00e4llen. Grund daf\u00fcr ist ein <strong class=\"font-bold\">Falschparker<\/strong>, wie die Verkehrsbetriebe Karlsruhe (VBK) auf ihrem Verkehrsticker mitteilen. Betroffen ist der Bereich zwischen<strong class=\"font-bold\"> Karlsruhe S\u00fcdendschule<\/strong> und <strong class=\"font-bold\">Stupferich Rathaus.<\/strong>\n  <\/p>\n<p>            Dienstag, 7. April<\/p>\n<p class=\"mb-6 text-xs-varying md:text-m lg:text-l font-serif group-[.font-sans]:font-sans \">\n    <strong class=\"font-bold\">Linie S4: <\/strong><br \/>Auf der <strong class=\"font-bold\">Linie 4<\/strong> kommt es wegen einer Fahrzeugst\u00f6rung zu einzelnen Fahrtausf\u00e4llen. Betroffen ist der Bereich zwischen <strong class=\"font-bold\">Karlsruhe Karlstor<\/strong> und <strong class=\"font-bold\">Waldstadt Europ\u00e4ische Schule.<\/strong>\n  <\/p>\n<p class=\"mb-6 text-xs-varying md:text-m lg:text-l font-serif group-[.font-sans]:font-sans \">\n    Wegen Sanierungsarbeiten auf der <strong class=\"font-bold\">Killisfeldstra\u00dfe in Durlach<\/strong> werden ab Dienstag die <strong class=\"font-bold\">Buslinien 42 und 107<\/strong> umgeleitet. <a href=\"https:\/\/www.ka-news.de\/karlsruhe\/verkehr\/karlsruhe-vollsperrung-der-killisfeldstrasse-das-gilt-fuer-autofahrer-und-oepnv-16-4-26-113848938\" target=\"_self\" class=\"underline \" rel=\"nofollow noopener\">Weitere Informationen zu den Umleitungen findet Ihr <strong class=\"font-bold\">hier<\/strong><\/a><strong class=\"font-bold\">.<\/strong>\n  <\/p>\n<p>            Donnerstag, 2. April<\/p>\n<p class=\"mb-6 text-xs-varying md:text-m lg:text-l font-serif group-[.font-sans]:font-sans \">\n    <strong class=\"font-bold\">Linien S52, S7 und S8:<\/strong><br \/>Auf den Linien <strong class=\"font-bold\">S52, S7<\/strong> und <strong class=\"font-bold\">S8<\/strong> kommt es in<strong class=\"font-bold\"> beiden Richtungen<\/strong> zu <strong class=\"font-bold\">Versp\u00e4tungen<\/strong>. Grund daf\u00fcr sind <strong class=\"font-bold\">Menschen im Gleisbereich<\/strong> im Bereich Karlsruhe Hauptbahnhof.\n  <\/p>\n","protected":false},"excerpt":{"rendered":"Freitag, 3. Juli Linien S1 und S11Auf den Linien S1 und S11 kommt es wegen Engp\u00e4ssen beim Fahrpersonal&hellip;\n","protected":false},"author":2,"featured_media":1119998,"comment_status":"","ping_status":"","sticky":false,"template":"","format":"standard","meta":{"footnotes":"","_share_on_mastodon":"0"},"categories":[1844],"tags":[1325,2161,1634,3364,29,31190,129266,144295,12245,30,8903,10469,63083,26148],"class_list":["post-1139769","post","type-post","status-publish","format-standard","has-post-thumbnail","category-karlsruhe","tag-ausfall","tag-avg","tag-baden-wuerttemberg","tag-de","tag-deutschland","tag-ettlingen","tag-fahrpersonal","tag-fahrtausfall","tag-freudenstadt","tag-germany","tag-karlsruhe","tag-pforzheim","tag-schlachthof","tag-woerth"],"share_on_mastodon":{"url":"https:\/\/pubeurope.com\/@de\/116855746485632966","error":""},"_links":{"self":[{"href":"https:\/\/www.europesays.com\/de\/wp-json\/wp\/v2\/posts\/1139769","targetHints":{"allow":["GET"]}}],"collection":[{"href":"https:\/\/www.europesays.com\/de\/wp-json\/wp\/v2\/posts"}],"about":[{"href":"https:\/\/www.europesays.com\/de\/wp-json\/wp\/v2\/types\/post"}],"author":[{"embeddable":true,"href":"https:\/\/www.europesays.com\/de\/wp-json\/wp\/v2\/users\/2"}],"replies":[{"embeddable":true,"href":"https:\/\/www.europesays.com\/de\/wp-json\/wp\/v2\/comments?post=1139769"}],"version-history":[{"count":0,"href":"https:\/\/www.europesays.com\/de\/wp-json\/wp\/v2\/posts\/1139769\/revisions"}],"wp:featuredmedia":[{"embeddable":true,"href":"https:\/\/www.europesays.com\/de\/wp-json\/wp\/v2\/media\/1119998"}],"wp:attachment":[{"href":"https:\/\/www.europesays.com\/de\/wp-json\/wp\/v2\/media?parent=1139769"}],"wp:term":[{"taxonomy":"category","embeddable":true,"href":"https:\/\/www.europesays.com\/de\/wp-json\/wp\/v2\/categories?post=1139769"},{"taxonomy":"post_tag","embeddable":true,"href":"https:\/\/www.europesays.com\/de\/wp-json\/wp\/v2\/tags?post=1139769"}],"curies":[{"name":"wp","href":"https:\/\/api.w.org\/{rel}","templated":true}]}}