{"id":1139830,"date":"2026-07-03T11:46:20","date_gmt":"2026-07-03T11:46:20","guid":{"rendered":"https:\/\/www.europesays.com\/de\/1139830\/"},"modified":"2026-07-03T11:46:20","modified_gmt":"2026-07-03T11:46:20","slug":"mann-sticht-in-essen-auf-obdachlose-ein-jetzt-klicken-die-handschellen","status":"publish","type":"post","link":"https:\/\/www.europesays.com\/de\/1139830\/","title":{"rendered":"Mann sticht in Essen auf Obdachlose ein \u2013 jetzt klicken die Handschellen"},"content":{"rendered":"<p>Am Abend des 1. Juli kam es zu einem schweren Angriff in Essen. An der U-Bahnhaltestelle Viehofer Platz im Stadtkern attackierte ein zun\u00e4chst unbekannter T\u00e4ter eine 58-j\u00e4hrige wohnungslose Frau. Der T\u00e4ter ging mit einer Stichwaffe auf sein Opfer los. Die Frau erlitt bei der Tat <a href=\"https:\/\/www.derwesten.de\/region\/attacke-messer-essen-obdachlos-frau-polizei-id302093834.html\" rel=\"nofollow noopener\" target=\"_blank\">mehrere Stich- und Schnittverletzungen<\/a>.<\/p>\n<p>Nach der Tat nahm eine Mordkommission umgehend die Arbeit auf. Die Ermittler konzentrierten sich bei der Suche nach dem T\u00e4ter auf die Auswertung von Beweismitteln. Dabei spielte umfangreiches Videomaterial aus dem Umfeld der U-Bahnhaltestelle eine zentrale Rolle.<\/p>\n<blockquote class=\"wp-block-quote is-style-default is-layout-flow wp-block-quote-is-layout-flow\" style=\"padding-right:var(--wp--preset--spacing--60);padding-left:var(--wp--preset--spacing--60)\"><p> \ud83d\udccc So handelst du bei einem Angriff oder einer K\u00f6rperverletzung als Zeuge:  <\/p>\n<ul class=\"wp-block-list has-small-font-size\">\n<li>Eigene Sicherheit zuerst. Bringe dich nicht selbst in Gefahr. Halte Abstand, wenn die Situation bedrohlich ist.<\/li>\n<li>W\u00e4hl sofort den Notruf (110 und\/oder 112).<\/li>\n<li>Sprich andere Zeugen an.<\/li>\n<li>Unterst\u00fctze Betroffene.<\/li>\n<li>Leiste erste Hilfe.<\/li>\n<li>Beobachte eher. Pr\u00e4ge dir das Gesicht des T\u00e4ters, die Fluchtrichtung, seine Kleidung, Fahrzeuge oder andere wichtige Merkmale ein.<\/li>\n<li>Stehe als Zeuge zur Verf\u00fcgung.<\/li>\n<\/ul>\n<\/blockquote>\n<p>\t\t Videomaterial f\u00fchrt zu Tatverd\u00e4chtigem <\/p>\n<p>Die intensive Sichtung der Aufnahmen brachte den Ermittlern den entscheidenden Hinweis. Durch die Bilder konnte ein 26-j\u00e4hriger t\u00fcrkischer Staatsangeh\u00f6riger als Tatverd\u00e4chtiger identifiziert werden. Die Polizei leitete daraufhin die n\u00e4chsten rechtlichen Schritte ein.<\/p>\n<p>Auf Antrag der Staatsanwaltschaft Essen befasste sich das Amtsgericht Essen mit dem Fall. Ein Richter erlie\u00df am 2. Juli einen Untersuchungshaftbefehl gegen den 26-J\u00e4hrigen. Die Polizei konnte den Tatverd\u00e4chtigen noch am selben Abend festnehmen.<\/p>\n<p>Mehr News:<\/p>\n<p>  Ermittlungen laufen weiter <\/p>\n<p>Trotz der schnellen Festnahme nach dem Angriff in Essen sind noch nicht alle Fragen gekl\u00e4rt. Die genauen Hintergr\u00fcnde der Tat sind weiterhin Gegenstand der polizeilichen Ermittlungen. Die Mordkommission arbeitet daran, das Motiv f\u00fcr die Attacke auf die 58-J\u00e4hrige zu kl\u00e4ren.<\/p>\n<p>Zu einem \u00e4hnlichen Vorfall kam es bereits Ende Juni in der Stadt. Eine Auseinandersetzung <a href=\"https:\/\/www.derwesten.de\/staedte\/essen\/essen-innenstadt-messer-polizei-waffe-id302092397.html\" rel=\"nofollow noopener\" target=\"_blank\">geriet v\u00f6llig au\u00dfer Kontrolle<\/a>.<\/p>\n","protected":false},"excerpt":{"rendered":"Am Abend des 1. Juli kam es zu einem schweren Angriff in Essen. An der U-Bahnhaltestelle Viehofer Platz&hellip;\n","protected":false},"author":2,"featured_media":1009655,"comment_status":"","ping_status":"","sticky":false,"template":"","format":"standard","meta":{"footnotes":"","_share_on_mastodon":"0"},"categories":[1834],"tags":[4572,3364,29,3688,30,1209],"class_list":["post-1139830","post","type-post","status-publish","format-standard","has-post-thumbnail","category-essen","tag-polizei-essen","tag-de","tag-deutschland","tag-essen","tag-germany","tag-nordrhein-westfalen"],"share_on_mastodon":{"url":"","error":""},"_links":{"self":[{"href":"https:\/\/www.europesays.com\/de\/wp-json\/wp\/v2\/posts\/1139830","targetHints":{"allow":["GET"]}}],"collection":[{"href":"https:\/\/www.europesays.com\/de\/wp-json\/wp\/v2\/posts"}],"about":[{"href":"https:\/\/www.europesays.com\/de\/wp-json\/wp\/v2\/types\/post"}],"author":[{"embeddable":true,"href":"https:\/\/www.europesays.com\/de\/wp-json\/wp\/v2\/users\/2"}],"replies":[{"embeddable":true,"href":"https:\/\/www.europesays.com\/de\/wp-json\/wp\/v2\/comments?post=1139830"}],"version-history":[{"count":0,"href":"https:\/\/www.europesays.com\/de\/wp-json\/wp\/v2\/posts\/1139830\/revisions"}],"wp:featuredmedia":[{"embeddable":true,"href":"https:\/\/www.europesays.com\/de\/wp-json\/wp\/v2\/media\/1009655"}],"wp:attachment":[{"href":"https:\/\/www.europesays.com\/de\/wp-json\/wp\/v2\/media?parent=1139830"}],"wp:term":[{"taxonomy":"category","embeddable":true,"href":"https:\/\/www.europesays.com\/de\/wp-json\/wp\/v2\/categories?post=1139830"},{"taxonomy":"post_tag","embeddable":true,"href":"https:\/\/www.europesays.com\/de\/wp-json\/wp\/v2\/tags?post=1139830"}],"curies":[{"name":"wp","href":"https:\/\/api.w.org\/{rel}","templated":true}]}}