{"id":1139873,"date":"2026-07-03T12:13:27","date_gmt":"2026-07-03T12:13:27","guid":{"rendered":"https:\/\/www.europesays.com\/de\/1139873\/"},"modified":"2026-07-03T12:13:27","modified_gmt":"2026-07-03T12:13:27","slug":"rtl-plant-dschungelcamp-neuerung-2027-laengste-staffel-ever","status":"publish","type":"post","link":"https:\/\/www.europesays.com\/de\/1139873\/","title":{"rendered":"RTL plant Dschungelcamp-Neuerung 2027: &#8222;L\u00e4ngste Staffel ever&#8220;"},"content":{"rendered":"<p>Rekord im australischen Busch <\/p>\n<p>RTL plant Dschungelcamp-Neuerung<\/p>\n<p>03.07.2026 &#8211; 11:42 UhrLesedauer: 2 Min.<\/p>\n<p><a href=\"#focus-0\" class=\"transition-colors block text-current relative\" data-sctrack=\"FocusGalleryImage.Reference\"><img fetchpriority=\"high\" data-testid=\"Opener.Image\"   loading=\"eager\" src=\"https:\/\/www.europesays.com\/de\/wp-content\/uploads\/2026\/07\/jan-koeppen-und-sonja-zietlow-sie-moderieren-das-dschungelcamp.jpg\" alt=\"Jan K\u00f6ppen und Sonja Zietlow: Sie moderieren das Dschungelcamp.\" title=\"Jan K\u00f6ppen und Sonja Zietlow: Sie moderieren das Dschungelcamp.\" width=\"1580\" height=\"889\" class=\"bg-[url:var(--lqipURL)] bg-cover bg-center flex h-full w-full max-w-full\" style=\"--lqipURL:url('https:\/\/images.t-online.de\/2026\/02\/3KhkgUMeN1xD\/176x69:1580x889\/fit-in\/150x0\/filters:blur(25)\/jan-koeppen-und-sonja-zietlow-sie-moderieren-das-dschungelcamp.jpg')\" decoding=\"async\"\/><img loading=\"lazy\" src=\"https:\/\/www.t-online.de\/s\/paper\/_next\/static\/media\/zoom-in.f7dae02f.svg\" alt=\"Vergr\u00f6\u00dfern des Bildes\" title=\"Vergr\u00f6\u00dfern des Bildes\" class=\"block h-[calc(var(--height)_\/_16_*_1rem)] w-[calc(var(--width)_\/_16_*_1rem)] max-w-none absolute right-8 bottom-8 rounded-4 bg-snow p-8\" style=\"--width:32;--height:32\" decoding=\"async\"\/><\/a><\/p>\n<p>Jan K\u00f6ppen und Sonja Zietlow: Sie moderieren das Dschungelcamp. (Quelle: RTL)<\/p>\n<p><img loading=\"lazy\" src=\"https:\/\/www.t-online.de\/s\/paper\/_next\/static\/media\/audio-volume.6689034c.svg\" alt=\"\" title=\"\" class=\"block h-[calc(var(--height)_\/_16_*_1rem)] w-[calc(var(--width)_\/_16_*_1rem)] max-w-none group-hover:brightness-0 group-hover:invert\" style=\"--width:16;--height:16\" decoding=\"async\"\/>Vorlesen<\/p>\n<p>Aktuelle Zeit:0:00Gesamtdauer:0:00<\/p>\n<p>1x<\/p>\n<p class=\"text-center\">Jetzt neu bei t-online:<\/p>\n<p class=\"text-center\">Schriftgr\u00f6\u00dfe anpassen!<\/p>\n<p><img loading=\"lazy\" src=\"https:\/\/www.t-online.de\/s\/paper\/_next\/static\/media\/font-sizes.32942e33.svg\" alt=\"\" title=\"\" class=\"block h-[calc(var(--height)_\/_16_*_1rem)] w-[calc(var(--width)_\/_16_*_1rem)] max-w-none group-hover:hidden group-aria-expanded:hidden\" style=\"--width:16;--height:16\" decoding=\"async\"\/><img loading=\"lazy\" src=\"https:\/\/www.t-online.de\/s\/paper\/_next\/static\/media\/font-sizes-dark-mode.e382645c.svg\" alt=\"\" title=\"\" class=\"block h-[calc(var(--height)_\/_16_*_1rem)] w-[calc(var(--width)_\/_16_*_1rem)] max-w-none hidden group-hover:block group-aria-expanded:block\" style=\"--width:16;--height:16\" decoding=\"async\"\/><img loading=\"lazy\" src=\"https:\/\/www.t-online.de\/s\/paper\/_next\/static\/media\/sharing-menu-icon.1eb71368.svg\" alt=\"\" title=\"\" class=\"block h-[calc(var(--height)_\/_16_*_1rem)] w-[calc(var(--width)_\/_16_*_1rem)] max-w-none group-hover:brightness-0 group-hover:invert\" style=\"--width:16;--height:16\" decoding=\"async\"\/>Artikel teilen<\/p>\n<p class=\"font-bold text-18 leading-17 user-text-lg:text-22 user-text-xl:text-24\">Seit Jahren geh\u00f6rt das Dschungelcamp zu den gr\u00f6\u00dften TV-Ereignissen des Jahres. Nun hat RTL offiziell angek\u00fcndigt, die Staffel 2027 l\u00e4nger zu machen als je zuvor.<\/p>\n<p class=\"text-18 leading-17 user-text-lg:text-22 user-text-xl:text-24\">Beim Screenforce Festival 2026 hat RTL seine Programmpl\u00e4ne f\u00fcr die kommende Saison vorgestellt. Dabei fiel eine Ank\u00fcndigung besonders auf: Das Dschungelcamp soll 2027 so lange laufen wie noch nie. RTL sprach offiziell von der &#8222;l\u00e4ngsten Staffel ever&#8220;, wie unter anderem &#8222;TV Movie&#8220; berichtete.<\/p>\n<p class=\"text-18 leading-17 user-text-lg:text-22 user-text-xl:text-24\">Wie viele Tage genau geplant sind, lie\u00df der Sender offen. Zum Vergleich: Die Staffel 2026 lief 17 Tage, vom 23. Januar bis zum 8. Februar. M\u00f6glicherweise stehen 2017 dann drei Wochen &#8222;Ich bin ein Star \u2013 Holt mich hier raus!&#8220; an.<\/p>\n<ul class=\"text-18 leading-17 block pl-24 *:pb-16 *:before:inline-block *:before:size-8 *:before:bg-magenta *:before:mt-0 *:before:mr-12 *:before:mb-2 *:before:-ml-[20px]\">\n<li><strong class=\"font-bold\">&#8222;Wer h\u00e4tte das gedacht?&#8220;:<\/strong> <a href=\"https:\/\/www.t-online.de\/unterhaltung\/tv\/kolumne-janna-halbroth\/id_101120310\/dschungelcamp-2026-gil-ofarim-ist-koenig-und-jetzt-.html\" class=\"transition-colors cursor-pointer no-underline md:hover:text-magenta md:focus:text-magenta border-b border-solid border-current text-salemsfur md:hover:border-magenta\" data-tracking=\"{&quot;action&quot;:&quot;click&quot;,&quot;category&quot;:&quot;intextLink&quot;,&quot;label&quot;:&quot;\/unterhaltung\/tv\/kolumne-janna-halbroth\/id_101120310\/dschungelcamp-2026-gil-ofarim-ist-koenig-und-jetzt-.html&quot;}\" data-sctrack=\"BodyAnchor\" rel=\"nofollow noopener\" target=\"_blank\">Gr\u00f6\u00dfte Entt\u00e4uschung der Dschungel-Geschichte<\/a><\/li>\n<\/ul>\n<p class=\"text-18 leading-17 user-text-lg:text-22 user-text-xl:text-24\">Aber nicht nur das Dschungelcamp soll im kommenden Jahr einen Rekord aufstellen. Die Tanzshow &#8222;Let&#8217;s Dance&#8220; steht vor einer Jubil\u00e4umsausgabe zum 20. Geburtstag. Konkrete Details nannte der Sender bislang nicht. Doch auch dieses Format soll in seine l\u00e4ngste Staffel gehen.<\/p>\n<p><img loading=\"lazy\" src=\"https:\/\/www.t-online.de\/s\/paper\/_next\/static\/media\/video-carousel-play.6f25714b.svg\" alt=\"\" title=\"\" class=\"block h-[calc(var(--height)_\/_16_*_1rem)] w-[calc(var(--width)_\/_16_*_1rem)] max-w-none undefined\" style=\"--height:12\" decoding=\"async\"\/><\/p>\n<p>Viel Neues bei RTL<\/p>\n<p class=\"text-18 leading-17 user-text-lg:text-22 user-text-xl:text-24\">\u00dcberdies pr\u00e4sentierte RTL beim Screenforce Festival eine Reihe neuer Formate. Dem Branchenmagazin &#8222;dwdl.de&#8220; zufolge beispielsweise &#8222;Gladiators \u2013 Die Show der Giganten&#8220;. Die Produktion startet am 4. September freitags im RTL-Programm, bei Prime Video sind alle Folgen bereits ab dem 6. August abrufbar. Angek\u00fcndigt wurde au\u00dferdem die Comedyserie &#8222;Goethe vs. Schiller&#8220;, die von der Freundschaft und Rivalit\u00e4t der beiden Dichter erz\u00e4hlt. <a href=\"https:\/\/www.t-online.de\/themen\/moritz-bleibtreu\/\" class=\"transition-colors cursor-pointer no-underline md:hover:text-magenta md:focus:text-magenta border-b border-solid border-current text-salemsfur md:hover:border-magenta\" data-tracking=\"{&quot;action&quot;:&quot;click&quot;,&quot;category&quot;:&quot;intextLink&quot;,&quot;label&quot;:&quot;\/themen\/moritz-bleibtreu\/&quot;}\" data-sctrack=\"BodyAnchor\" rel=\"nofollow noopener\" target=\"_blank\">Moritz Bleibtreu<\/a> spielt Goethe, David Kross verk\u00f6rpert Schiller. Auch Jasmin Schwiers und <a href=\"https:\/\/www.t-online.de\/themen\/heike-makatsch\/\" class=\"transition-colors cursor-pointer no-underline md:hover:text-magenta md:focus:text-magenta border-b border-solid border-current text-salemsfur md:hover:border-magenta\" data-tracking=\"{&quot;action&quot;:&quot;click&quot;,&quot;category&quot;:&quot;intextLink&quot;,&quot;label&quot;:&quot;\/themen\/heike-makatsch\/&quot;}\" data-sctrack=\"BodyAnchor\" rel=\"nofollow noopener\" target=\"_blank\">Heike Makatsch<\/a> geh\u00f6ren zum Cast.<\/p>\n<p class=\"text-18 leading-17 user-text-lg:text-22 user-text-xl:text-24\">Beim Streamingdienst RTL+ kommen drei neue Realityformate hinzu: &#8222;Virgin <a href=\"https:\/\/www.t-online.de\/themen\/island\/\" class=\"transition-colors cursor-pointer no-underline md:hover:text-magenta md:focus:text-magenta border-b border-solid border-current text-salemsfur md:hover:border-magenta\" data-tracking=\"{&quot;action&quot;:&quot;click&quot;,&quot;category&quot;:&quot;intextLink&quot;,&quot;label&quot;:&quot;\/themen\/island\/&quot;}\" data-sctrack=\"BodyAnchor\" rel=\"nofollow noopener\" target=\"_blank\">Island<\/a> \u2013 Unber\u00fchrt im Paradies&#8220;, &#8222;Bad Boyfriends \u2013 Jetzt wird abgerechnet&#8220; mit Charlotte Engelhardt und Calvin Kleinen sowie &#8222;Prominent verwandt&#8220;. Realitysendungen wie &#8222;Das Sommerhaus der Stars&#8220;, &#8222;Temptation Island&#8220;, &#8222;Temptation Island VIP&#8220;, &#8222;Are You The One \u2013 Realitystars in Love&#8220; und &#8222;Stranger Sins&#8220; gehen in neue Staffeln.<\/p>\n","protected":false},"excerpt":{"rendered":"Rekord im australischen Busch RTL plant Dschungelcamp-Neuerung 03.07.2026 &#8211; 11:42 UhrLesedauer: 2 Min. Jan K\u00f6ppen und Sonja Zietlow:&hellip;\n","protected":false},"author":2,"featured_media":1139874,"comment_status":"","ping_status":"","sticky":false,"template":"","format":"standard","meta":{"footnotes":"","_share_on_mastodon":"0"},"categories":[1773],"tags":[722,17161,29,214,30,12196,100247,639,640,471,1780,884,215],"class_list":["post-1139873","post","type-post","status-publish","format-standard","has-post-thumbnail","category-serien","tag-722","tag-17161","tag-deutschland","tag-entertainment","tag-germany","tag-ich-bin-ein-star-holt-mich-hier-raus","tag-jan-koeppen","tag-lets-dance","tag-rtl","tag-serien","tag-series","tag-sonja-zietlow","tag-unterhaltung"],"share_on_mastodon":{"url":"https:\/\/pubeurope.com\/@de\/116855992985489284","error":""},"_links":{"self":[{"href":"https:\/\/www.europesays.com\/de\/wp-json\/wp\/v2\/posts\/1139873","targetHints":{"allow":["GET"]}}],"collection":[{"href":"https:\/\/www.europesays.com\/de\/wp-json\/wp\/v2\/posts"}],"about":[{"href":"https:\/\/www.europesays.com\/de\/wp-json\/wp\/v2\/types\/post"}],"author":[{"embeddable":true,"href":"https:\/\/www.europesays.com\/de\/wp-json\/wp\/v2\/users\/2"}],"replies":[{"embeddable":true,"href":"https:\/\/www.europesays.com\/de\/wp-json\/wp\/v2\/comments?post=1139873"}],"version-history":[{"count":0,"href":"https:\/\/www.europesays.com\/de\/wp-json\/wp\/v2\/posts\/1139873\/revisions"}],"wp:featuredmedia":[{"embeddable":true,"href":"https:\/\/www.europesays.com\/de\/wp-json\/wp\/v2\/media\/1139874"}],"wp:attachment":[{"href":"https:\/\/www.europesays.com\/de\/wp-json\/wp\/v2\/media?parent=1139873"}],"wp:term":[{"taxonomy":"category","embeddable":true,"href":"https:\/\/www.europesays.com\/de\/wp-json\/wp\/v2\/categories?post=1139873"},{"taxonomy":"post_tag","embeddable":true,"href":"https:\/\/www.europesays.com\/de\/wp-json\/wp\/v2\/tags?post=1139873"}],"curies":[{"name":"wp","href":"https:\/\/api.w.org\/{rel}","templated":true}]}}