{"id":1139885,"date":"2026-07-03T12:19:13","date_gmt":"2026-07-03T12:19:13","guid":{"rendered":"https:\/\/www.europesays.com\/de\/1139885\/"},"modified":"2026-07-03T12:19:13","modified_gmt":"2026-07-03T12:19:13","slug":"microsoft-stellt-offenbar-surface-laptop-go-und-surface-go-ein","status":"publish","type":"post","link":"https:\/\/www.europesays.com\/de\/1139885\/","title":{"rendered":"Microsoft stellt offenbar Surface Laptop Go und Surface Go ein"},"content":{"rendered":"<p>Microsoft stellt offenbar die beiden Baureihen Surface Laptop Go und Surface Go ein. Sie w\u00fcrden sich damit in eine lange Liste von fallengelassenen Ger\u00e4teserien einreihen: Surface Studio, Surface Laptop Studio, Surface Duo, Surface Hub, Surface Book, Surface Headphones und Surface Earbuds.<\/p>\n<p>        Weiterlesen nach der Anzeige<\/p>\n<p>Der Surface Laptop Go verschwindet bereits seit einiger Zeit aus dem deutschen Handel. Aus der letzten 3er-Generation ist nur noch <a class=\"pvg-icon-link\" data-teaser-tracking-content=\"textlink-pvg\" data-teaser-tracking-id=\"textlink-pvg-pvg_a3026013-1\" data-teaser-tracking-name=\"pvg_a3026013: Microsoft Surface Laptop Go 3, Salbei, Core i5-1235U, 16GB RAM, 256GB SSD, DE (XKQ-00035)\" data-teaser-tracking-rank=\"11353238: Microsoft stellt offenbar Surface Laptop Go und\u2026\" href=\"https:\/\/preisvergleich.heise.de\/microsoft-surface-laptop-go-3-salbei-xkq-00035-a3026013.html?cs_id=1206858352&amp;ccpid=hocid-newsticker\" rel=\"external noopener nofollow\" target=\"_blank\">eine Variante bei einem einzelnen H\u00e4ndler verf\u00fcgbar<\/a>. Aber auch dieses Ger\u00e4t ist mit Intels Alder-Lake-Prozessor Core i5-1235U technisch veraltet. Das Tablet Surface Go 4 ist zumindest bisher noch <a class=\"pvg-icon-link\" data-teaser-tracking-content=\"textlink-pvg\" data-teaser-tracking-id=\"textlink-pvg-pvg_unbekannt-2\" data-teaser-tracking-name=\"pvg_unbekannt: unbekannt\" data-teaser-tracking-rank=\"11353238: Microsoft stellt offenbar Surface Laptop Go und\u2026\" href=\"https:\/\/preisvergleich.heise.de\/?fs=surface+go+4&amp;hloc=at&amp;hloc=de&amp;cs_id=1206858352&amp;ccpid=hocid-newsticker\" rel=\"external noopener nofollow\" target=\"_blank\">bei zahlreichen H\u00e4ndlern verf\u00fcgbar<\/a>.<\/p>\n<p>Die im Microsoft-Umfeld gut vernetzte <a href=\"https:\/\/www.windowscentral.com\/hardware\/surface\/surface-go-and-surface-laptop-go-are-dead-microsofts-budget-surface-pcs-are-the-last-to-be-cut-from-its-portfolio\" rel=\"external noopener nofollow\" target=\"_blank\">Webseite Windows Central<\/a> hat sich das Aus von eigenen Quellen best\u00e4tigen lassen. Einen weiteren Hinweis liefert <a href=\"https:\/\/www.microsoft.com\/de-de\/surface\" rel=\"external noopener nofollow\" target=\"_blank\">Microsofts Surface-Webseite<\/a>, die nur noch drei Ger\u00e4teklassen auflistet: das Topmodell Surface Laptop Ultra, den normalen Surface Laptop und das High-End-Tablet Surface Pro.<\/p>\n<p>M\u00f6gliche Folge der Speicherkrise<\/p>\n<p>Die Go-Ger\u00e4te sind die g\u00fcnstigsten Notebooks und Tablets von Microsoft. Das Surface Go soll insbesondere im Unternehmenseinsatz beliebt gewesen sein. Ausschlaggebend f\u00fcr das Aus k\u00f6nnten die hohen Speicherpreise f\u00fcr RAM und NAND-Flash sein. Im Surface Laptop Go 3 befanden sich bis zu 16 GByte LPDDR5-RAM und eine 256-GByte-SSD. Das Surface Go 4 hat 8 GByte LPDDR5 und bis zu 256 GByte Universal Flash Storage (UFS).<\/p>\n<p>Der Surface Laptop Go lebt derweil gewisserma\u00dfen als 13-Zoll-Version des normalen Surface Laptops weiter, allerdings mit besserer Ausstattung. Dazu z\u00e4hlen eine h\u00f6here Bildschirmaufl\u00f6sung und eine beleuchtete Tastatur. Der Startpreis liegt allerdings bei fast 1000 Euro.<\/p>\n<p>        Weiterlesen nach der Anzeige<\/p>\n<p>      Empfohlener redaktioneller Inhalt<\/p>\n<p class=\"opt-in__description\">\n    Mit Ihrer Zustimmung wird hier ein externer Preisvergleich (heise Preisvergleich) geladen.\n  <\/p>\n<p>        Preisvergleich jetzt laden\n      <\/p>\n<p>(<a class=\"redakteurskuerzel__link\" href=\"https:\/\/www.heise.de\/news\/mailto:mma@heise.de\" title=\"Mark Mantel\" rel=\"nofollow noopener\" target=\"_blank\">mma<\/a>)<\/p>\n<p>\n      Dieser Link ist leider nicht mehr g\u00fcltig.\n    <\/p>\n<p>Links zu verschenkten Artikeln werden ung\u00fcltig,<br \/>\n      wenn diese \u00e4lter als 7\u00a0Tage sind oder zu oft aufgerufen wurden.\n    <\/p>\n<p><strong>Sie ben\u00f6tigen ein heise+ Paket, um diesen Artikel zu lesen. Jetzt eine Woche unverbindlich testen \u2013 ohne Verpflichtung!<\/strong><\/p>\n","protected":false},"excerpt":{"rendered":"Microsoft stellt offenbar die beiden Baureihen Surface Laptop Go und Surface Go ein. Sie w\u00fcrden sich damit in&hellip;\n","protected":false},"author":2,"featured_media":1139886,"comment_status":"","ping_status":"","sticky":false,"template":"","format":"standard","meta":{"footnotes":"","_share_on_mastodon":"0"},"categories":[135],"tags":[29,30,11172,19229,196,199,252,190,189,28359,194,191,193,192],"class_list":["post-1139885","post","type-post","status-publish","format-standard","has-post-thumbnail","category-wissenschaft-technik","tag-deutschland","tag-germany","tag-hardware","tag-intel","tag-it","tag-microsoft","tag-notebooks","tag-science","tag-science-technology","tag-tablets","tag-technik","tag-technology","tag-wissenschaft","tag-wissenschaft-technik"],"share_on_mastodon":{"url":"https:\/\/pubeurope.com\/@de\/116856013977725323","error":""},"_links":{"self":[{"href":"https:\/\/www.europesays.com\/de\/wp-json\/wp\/v2\/posts\/1139885","targetHints":{"allow":["GET"]}}],"collection":[{"href":"https:\/\/www.europesays.com\/de\/wp-json\/wp\/v2\/posts"}],"about":[{"href":"https:\/\/www.europesays.com\/de\/wp-json\/wp\/v2\/types\/post"}],"author":[{"embeddable":true,"href":"https:\/\/www.europesays.com\/de\/wp-json\/wp\/v2\/users\/2"}],"replies":[{"embeddable":true,"href":"https:\/\/www.europesays.com\/de\/wp-json\/wp\/v2\/comments?post=1139885"}],"version-history":[{"count":0,"href":"https:\/\/www.europesays.com\/de\/wp-json\/wp\/v2\/posts\/1139885\/revisions"}],"wp:featuredmedia":[{"embeddable":true,"href":"https:\/\/www.europesays.com\/de\/wp-json\/wp\/v2\/media\/1139886"}],"wp:attachment":[{"href":"https:\/\/www.europesays.com\/de\/wp-json\/wp\/v2\/media?parent=1139885"}],"wp:term":[{"taxonomy":"category","embeddable":true,"href":"https:\/\/www.europesays.com\/de\/wp-json\/wp\/v2\/categories?post=1139885"},{"taxonomy":"post_tag","embeddable":true,"href":"https:\/\/www.europesays.com\/de\/wp-json\/wp\/v2\/tags?post=1139885"}],"curies":[{"name":"wp","href":"https:\/\/api.w.org\/{rel}","templated":true}]}}