{"id":1140030,"date":"2026-07-03T13:43:15","date_gmt":"2026-07-03T13:43:15","guid":{"rendered":"https:\/\/www.europesays.com\/de\/1140030\/"},"modified":"2026-07-03T13:43:15","modified_gmt":"2026-07-03T13:43:15","slug":"soeder-tochter-gloria-sophie-weint-im-tv-demuetigungen-die-meine-seele-durchgemacht-hat-unterhaltung","status":"publish","type":"post","link":"https:\/\/www.europesays.com\/de\/1140030\/","title":{"rendered":"S\u00f6der-Tochter Gloria-Sophie weint im TV: \u201eDem\u00fctigungen, die meine Seele durchgemacht hat\u201c | Unterhaltung"},"content":{"rendered":"<p><b>Sie ist Tochter eines der m\u00e4chtigsten Politiker des Landes, Doktorandin, Model, Autorin \u2013 und will \u201eendlich nicht mehr nur die Tochter von Markus S\u00f6der sein\u201c. Jetzt spricht Gloria-Sophie Burkandt so offen wie nie \u00fcber Dem\u00fctigungen, Zweifel und ihren Wunsch, aus dem Schatten des Vaters zu treten. Wie sie sich in M\u00fcnchen und New York ein eigenes Leben aufbaut, welche Rolle der Name ihrer Mutter spielt und was sie wirklich von ihrem Vater erwartet \u2013 das alles lesen Sie mit BILDplus. <\/b><\/p>\n","protected":false},"excerpt":{"rendered":"Sie ist Tochter eines der m\u00e4chtigsten Politiker des Landes, Doktorandin, Model, Autorin \u2013 und will \u201eendlich nicht mehr&hellip;\n","protected":false},"author":2,"featured_media":1140031,"comment_status":"","ping_status":"","sticky":false,"template":"","format":"standard","meta":{"footnotes":"","_share_on_mastodon":"0"},"categories":[155],"tags":[14233,774,29,214,30,944,10031,18827,227858,29238,12468,215],"class_list":["post-1140030","post","type-post","status-publish","format-standard","has-post-thumbnail","category-unterhaltung","tag-connor-sarah","tag-csu","tag-deutschland","tag-entertainment","tag-germany","tag-new-york","tag-pooth-verona","tag-soeder-markus","tag-team-deep","tag-terenzi-marc","tag-tochter","tag-unterhaltung"],"share_on_mastodon":{"url":"https:\/\/pubeurope.com\/@de\/116856344642915495","error":""},"_links":{"self":[{"href":"https:\/\/www.europesays.com\/de\/wp-json\/wp\/v2\/posts\/1140030","targetHints":{"allow":["GET"]}}],"collection":[{"href":"https:\/\/www.europesays.com\/de\/wp-json\/wp\/v2\/posts"}],"about":[{"href":"https:\/\/www.europesays.com\/de\/wp-json\/wp\/v2\/types\/post"}],"author":[{"embeddable":true,"href":"https:\/\/www.europesays.com\/de\/wp-json\/wp\/v2\/users\/2"}],"replies":[{"embeddable":true,"href":"https:\/\/www.europesays.com\/de\/wp-json\/wp\/v2\/comments?post=1140030"}],"version-history":[{"count":0,"href":"https:\/\/www.europesays.com\/de\/wp-json\/wp\/v2\/posts\/1140030\/revisions"}],"wp:featuredmedia":[{"embeddable":true,"href":"https:\/\/www.europesays.com\/de\/wp-json\/wp\/v2\/media\/1140031"}],"wp:attachment":[{"href":"https:\/\/www.europesays.com\/de\/wp-json\/wp\/v2\/media?parent=1140030"}],"wp:term":[{"taxonomy":"category","embeddable":true,"href":"https:\/\/www.europesays.com\/de\/wp-json\/wp\/v2\/categories?post=1140030"},{"taxonomy":"post_tag","embeddable":true,"href":"https:\/\/www.europesays.com\/de\/wp-json\/wp\/v2\/tags?post=1140030"}],"curies":[{"name":"wp","href":"https:\/\/api.w.org\/{rel}","templated":true}]}}