{"id":1140042,"date":"2026-07-03T13:50:44","date_gmt":"2026-07-03T13:50:44","guid":{"rendered":"https:\/\/www.europesays.com\/de\/1140042\/"},"modified":"2026-07-03T13:50:44","modified_gmt":"2026-07-03T13:50:44","slug":"empfang-im-weissen-saal-euregio-aktuell","status":"publish","type":"post","link":"https:\/\/www.europesays.com\/de\/1140042\/","title":{"rendered":"Empfang im Wei\u00dfen Saal &#8211; Euregio Aktuell"},"content":{"rendered":"<p>Im Rahmen eines Empfangs im Wei\u00dfen Saal des Rathauses am Dienstag, 30. Juni, wurden die Mitglieder der Bezirksvertretung Aachen-Mitte, die w\u00e4hrend oder mit Ablauf der 18. Wahlperiode aus der Bezirksvertretung ausgeschieden sind, verabschiedet.<\/p>\n<p class=\"wp-block-paragraph\">Bezirksb\u00fcrgermeisterin Melanie Pe\u00f1alosa dankte den ehemaligen Mitgliedern f\u00fcr ihren langj\u00e4hrigen Einsatz und Ihr Engagement f\u00fcr die Menschen im Stadtbezirk\u00a0\u201eKommunalpolitik lebt nicht von gro\u00dfen Reden oder Schlagzeilen. Sie lebt von Menschen wie euch, die bereit sind, Verantwortung zu \u00fcbernehmen. Wer jahrzehntelang Kommunalpolitik gemacht habt wie ihr, besitzt F\u00e4higkeiten, die eigentlich olympisch sind. Ihr konntet allein am R\u00e4uspern h\u00f6ren, wer gleich etwas sagen m\u00f6chte und ob es eine l\u00e4ngere Vorlesung wird.\u201c<\/p>\n<p class=\"wp-block-paragraph\">Insgesamt wurden 16 Bezirksvertretungsmitglieder verabschiedet, die sich in den vergangenen Jahren, teilweise Jahrzehnten, ma\u00dfgeblich in die kommunalpolitische Arbeit eingebracht haben. Besonderer Dank galt dabei den ausgeschiedenen Mitgliedern, die zum Teil \u00fcber mehrere Wahlperioden als Bezirksb\u00fcrgermeister und stellvertretende Bezirksb\u00fcrgermeisterin Verantwortung \u00fcbernommen haben.<\/p>\n<p class=\"wp-block-paragraph\">Als Zeichen der Anerkennung und des Dankes \u00fcberreichte Bezirksb\u00fcrgermeisterin Pe\u00f1alosa den ehemaligen Bezirksvertretungsmitgliedern ein kleines Pr\u00e4sent.<\/p>\n<p class=\"wp-block-paragraph\"><strong>Die ausgeschiedenen Mitglieder in alphabetischer Reihenfolge:<\/strong><\/p>\n<p class=\"wp-block-paragraph\">Diepelt, Marlies,<br \/>Dimitri, Gabriel<br \/>Dolan, Birdal<br \/>Ferrari, Achim<br \/>Frieders, Jan<br \/>Haass, Snjezana<br \/>Jacobs, Olaf<br \/>Jacoby, Klaus-Dieter<br \/>Klopstein, Lasse<br \/>Lassay, Dr. Elisabeth<br \/>Mohr, Markus<br \/>Moselage, Joachim<br \/>Nalbach, Jasper<br \/>Otten, Dr. Ralf<br \/>Radke, Nicolai Vincent<br \/>Wallraven, Bernd<\/p>\n","protected":false},"excerpt":{"rendered":"Im Rahmen eines Empfangs im Wei\u00dfen Saal des Rathauses am Dienstag, 30. Juni, wurden die Mitglieder der Bezirksvertretung&hellip;\n","protected":false},"author":2,"featured_media":1140043,"comment_status":"","ping_status":"","sticky":false,"template":"","format":"standard","meta":{"footnotes":"","_share_on_mastodon":"0"},"categories":[1853],"tags":[1424,239891,3364,29,35206,548,663,3934,30,13,2839,14,15,1209,12,239892],"class_list":["post-1140042","post","type-post","status-publish","format-standard","has-post-thumbnail","category-aachen","tag-aachen","tag-bezirksvertretung-aachen-mitte","tag-de","tag-deutschland","tag-empfang","tag-eu","tag-europa","tag-europe","tag-germany","tag-headlines","tag-kommunalpolitik","tag-nachrichten","tag-news","tag-nordrhein-westfalen","tag-schlagzeilen","tag-weisser-saal"],"share_on_mastodon":{"url":"https:\/\/pubeurope.com\/@de\/116856371828115640","error":""},"_links":{"self":[{"href":"https:\/\/www.europesays.com\/de\/wp-json\/wp\/v2\/posts\/1140042","targetHints":{"allow":["GET"]}}],"collection":[{"href":"https:\/\/www.europesays.com\/de\/wp-json\/wp\/v2\/posts"}],"about":[{"href":"https:\/\/www.europesays.com\/de\/wp-json\/wp\/v2\/types\/post"}],"author":[{"embeddable":true,"href":"https:\/\/www.europesays.com\/de\/wp-json\/wp\/v2\/users\/2"}],"replies":[{"embeddable":true,"href":"https:\/\/www.europesays.com\/de\/wp-json\/wp\/v2\/comments?post=1140042"}],"version-history":[{"count":0,"href":"https:\/\/www.europesays.com\/de\/wp-json\/wp\/v2\/posts\/1140042\/revisions"}],"wp:featuredmedia":[{"embeddable":true,"href":"https:\/\/www.europesays.com\/de\/wp-json\/wp\/v2\/media\/1140043"}],"wp:attachment":[{"href":"https:\/\/www.europesays.com\/de\/wp-json\/wp\/v2\/media?parent=1140042"}],"wp:term":[{"taxonomy":"category","embeddable":true,"href":"https:\/\/www.europesays.com\/de\/wp-json\/wp\/v2\/categories?post=1140042"},{"taxonomy":"post_tag","embeddable":true,"href":"https:\/\/www.europesays.com\/de\/wp-json\/wp\/v2\/tags?post=1140042"}],"curies":[{"name":"wp","href":"https:\/\/api.w.org\/{rel}","templated":true}]}}