{"id":1140120,"date":"2026-07-03T14:37:33","date_gmt":"2026-07-03T14:37:33","guid":{"rendered":"https:\/\/www.europesays.com\/de\/1140120\/"},"modified":"2026-07-03T14:37:33","modified_gmt":"2026-07-03T14:37:33","slug":"gladbach-noah-pesch-wechselt-zu-rot-weiss-essen-in-die-dritte-liga","status":"publish","type":"post","link":"https:\/\/www.europesays.com\/de\/1140120\/","title":{"rendered":"Gladbach: Noah Pesch wechselt zu Rot-Weiss Essen in die Dritte Liga"},"content":{"rendered":"<p class=\"text_ohne_einzug richtext text-em-55 !leading-serif mx-6 desktop:mx-0\">In den vergangenen Wochen hat Borussia <a href=\"https:\/\/rp-online.de\/thema\/moenchengladbach\/\" rel=\"nofollow noopener\" target=\"_blank\">M\u00f6nchengladbach<\/a> in Shio Fukuda (Karlsruher SC) und Jan Urbich (Eintracht Braunschweig) bereits zwei Offensiv-Talente abgegeben, die in der kommenden Saison in Gladbach keine gro\u00dfe Aussicht auf Spielzeit bei den Profis gehabt h\u00e4tten. In Noah Pesch ist nun ein dritter Angreifer hinzugekommen: Der 21-J\u00e4hrige wechselt in die Dritte Liga zu <a href=\"https:\/\/rp-online.de\/thema\/rot-weiss-essen\/\" rel=\"nofollow noopener\" target=\"_blank\">Rot-Weiss Essen<\/a>.<\/p>\n<p class=\"richtext text-em-55 !leading-serif mx-6 desktop:mx-0\">\u201eNoah hat in seinem ersten Jahr bei uns in der Regionalliga gezeigt, was f\u00fcr ein guter Fu\u00dfballer er ist. Nicht umsonst ist er als Spieler der Saison in der Regionalliga West ausgezeichnet worden. Auch bei seiner Leihe nach <a href=\"https:\/\/rp-online.de\/thema\/magdeburg\/\" rel=\"nofollow noopener\" target=\"_blank\">Magdeburg<\/a> hat er gezeigt, dass er das R\u00fcstzeug f\u00fcr eine nachhaltige Karriere im Profifu\u00dfball hat\u201c, wird Borussias Sportchef Rouven Schr\u00f6der in der Mitteilung des Klubs zitiert.<\/p>\n<p class=\"richtext text-em-55 !leading-serif mx-6 desktop:mx-0\">Pesch war im Sommer 2024 aus der U19 Bayer Leverkusens nach Gladbach gekommen und hatte gleich in seinem ersten Jahr in der U23 mit einer starken Torquote auf sich aufmerksam gemacht. Der verdiente Lohn war sein Bundesliga-Deb\u00fct im Fr\u00fchjahr 2025 im Heimspiel gegen den <a href=\"https:\/\/rp-online.de\/thema\/1-fsv-mainz-05\/\" rel=\"nofollow noopener\" target=\"_blank\">1. FSV Mainz 05<\/a>.<\/p>\n<p>Pesch: Spieler der Saison 2024\/25 in der Regionalliga West      <\/p>\n<p class=\"richtext text-em-55 !leading-serif mx-6 desktop:mx-0\">In der Regionalliga West brachte es Pesch auf 20 Tore und neun Vorlagen in 30 Partien. Am Saisonende wurde er vom Westdeutschen Fu\u00dfballverband (WDFV) zum Spieler der Saison gek\u00fcrt. In der vergangenen Spielzeit war er an den Zweitligisten <a href=\"https:\/\/rp-online.de\/thema\/1-fc-magdeburg\/\" rel=\"nofollow noopener\" target=\"_blank\">1. FC Magdeburg<\/a> verliehen, f\u00fcr den er 21-mal zum Einsatz kam und drei Tore sowie eine Vorlage beisteuerte.<\/p>\n<p class=\"richtext text-em-55 !leading-serif mx-6 desktop:mx-0\">Pesch verabschiedet sich nun endg\u00fcltig aus Gladbach, doch schon in wenigen Wochen wird es ein Wiedersehen geben: Am Samstag, 25. Juli, sind die Borussen zu einem Testspiel bei Peschs neuem Arbeitgeber zu Gast. \u201eWir w\u00fcnschen ihm viel Erfolg bei Rot-Weiss <a href=\"https:\/\/rp-online.de\/thema\/essen\/\" rel=\"nofollow noopener\" target=\"_blank\">Essen<\/a> und freuen uns darauf, ihn schon beim Testspiel in dieser Sommervorbereitung wiederzusehen\u201c, sagt Schr\u00f6der.<\/p>\n<p class=\"richtext text-em-55 !leading-serif mx-6 desktop:mx-0\">Gladbachs Sportchef ist damit einen Schritt weiter in seinem Bem\u00fchen, den Kader f\u00fcr die kommende Saison zu verkleinern. Neben den bereits erw\u00e4hnten Fukuda und Urbich hatte der Klub in der vergangenen Woche bereits Mittelfeldspieler Niklas Swider an den Drittligisten Viktoria K\u00f6ln verliehen.<\/p>\n<p class=\"richtext text-em-55 !leading-serif mx-6 desktop:mx-0\">Nach Pesch k\u00f6nnte nun noch ein Abgang von Grant-Leon Ranos folgen, der ebenfalls kaum Aussicht auf Spielzeit bei den Profis hat. Er w\u00e4re der vierte Offensivspieler aus den hinteren Reihen des Gladbacher Kaders, der den Klub verl\u00e4sst.<\/p>\n","protected":false},"excerpt":{"rendered":"In den vergangenen Wochen hat Borussia M\u00f6nchengladbach in Shio Fukuda (Karlsruher SC) und Jan Urbich (Eintracht Braunschweig) bereits&hellip;\n","protected":false},"author":2,"featured_media":1140121,"comment_status":"","ping_status":"","sticky":false,"template":"","format":"standard","meta":{"footnotes":"","_share_on_mastodon":"0"},"categories":[1834],"tags":[9835,299,3364,29,3688,30,14337,13762,4455,79913,1209,26921,3459,23319,122230,9387,24996,23320],"class_list":["post-1140120","post","type-post","status-publish","format-standard","has-post-thumbnail","category-essen","tag-borussia","tag-bundesliga","tag-de","tag-deutschland","tag-essen","tag-germany","tag-gladbach","tag-liga","tag-moenchengladbach","tag-noah","tag-nordrhein-westfalen","tag-pesch","tag-regionalliga","tag-rot","tag-rouven-schroeder","tag-saison","tag-saisonende","tag-weiss"],"share_on_mastodon":{"url":"https:\/\/pubeurope.com\/@de\/116856560254792349","error":""},"_links":{"self":[{"href":"https:\/\/www.europesays.com\/de\/wp-json\/wp\/v2\/posts\/1140120","targetHints":{"allow":["GET"]}}],"collection":[{"href":"https:\/\/www.europesays.com\/de\/wp-json\/wp\/v2\/posts"}],"about":[{"href":"https:\/\/www.europesays.com\/de\/wp-json\/wp\/v2\/types\/post"}],"author":[{"embeddable":true,"href":"https:\/\/www.europesays.com\/de\/wp-json\/wp\/v2\/users\/2"}],"replies":[{"embeddable":true,"href":"https:\/\/www.europesays.com\/de\/wp-json\/wp\/v2\/comments?post=1140120"}],"version-history":[{"count":0,"href":"https:\/\/www.europesays.com\/de\/wp-json\/wp\/v2\/posts\/1140120\/revisions"}],"wp:featuredmedia":[{"embeddable":true,"href":"https:\/\/www.europesays.com\/de\/wp-json\/wp\/v2\/media\/1140121"}],"wp:attachment":[{"href":"https:\/\/www.europesays.com\/de\/wp-json\/wp\/v2\/media?parent=1140120"}],"wp:term":[{"taxonomy":"category","embeddable":true,"href":"https:\/\/www.europesays.com\/de\/wp-json\/wp\/v2\/categories?post=1140120"},{"taxonomy":"post_tag","embeddable":true,"href":"https:\/\/www.europesays.com\/de\/wp-json\/wp\/v2\/tags?post=1140120"}],"curies":[{"name":"wp","href":"https:\/\/api.w.org\/{rel}","templated":true}]}}