{"id":1140135,"date":"2026-07-03T14:45:23","date_gmt":"2026-07-03T14:45:23","guid":{"rendered":"https:\/\/www.europesays.com\/de\/1140135\/"},"modified":"2026-07-03T14:45:23","modified_gmt":"2026-07-03T14:45:23","slug":"linken-politikerin-akbulut-strafbefehl-nach-zug-streit-in-stuttgart","status":"publish","type":"post","link":"https:\/\/www.europesays.com\/de\/1140135\/","title":{"rendered":"Linken-Politikerin Akbulut: Strafbefehl nach Zug-Streit in Stuttgart"},"content":{"rendered":"<p class=\"text_ohne_einzug richtext text-em-55 !leading-serif mx-6 desktop:mx-0\">Die Bundestagsabgeordnete G\u00f6kay Akbulut berichtet, sie sei in einem Zug angegriffen worden. Kurz darauf wird auch gegen die Politikerin ermittelt. Nun gibt es eine erste Entscheidung.<\/p>\n<p class=\"richtext text-em-55 !leading-serif mx-6 desktop:mx-0\">Eine Auseinandersetzung zwischen der Linken-Bundestagsabgeordneten G\u00f6kay Akbulut und Mitreisenden in einem Zug von <a href=\"https:\/\/rp-online.de\/thema\/heidelberg\/\" rel=\"nofollow noopener\" target=\"_blank\">Heidelberg<\/a> nach Stuttgart im Januar 2025 hat nun ein juristisches Nachspiel f\u00fcr die Politikerin. Das Amtsgericht Stuttgart erlie\u00df einem Sprecher zufolge einen Strafbefehl gegen Akbulut. Demnach muss die Mannheimer Abgeordnete unter anderem wegen versuchter gef\u00e4hrlicher K\u00f6rperverletzung und Beleidigung eine Geldstrafe in H\u00f6he von 120 Tagess\u00e4tzen zu je 430 Euro bezahlen. Zuvor hatte der SWR berichtet.<\/p>\n<p class=\"richtext text-em-55 !leading-serif mx-6 desktop:mx-0\">Dem Gerichtssprecher zufolge ist der Strafbefehl noch nicht rechtskr\u00e4ftig. Akbulut habe Einspruch eingelegt \u2013 allerdings nur gegen die H\u00f6he der einzelnen Tagess\u00e4tze. Eine Anfrage an das B\u00fcro der Bundestagsabgeordneten blieb zun\u00e4chst unbeantwortet.<\/p>\n<p>Flasche auf Mitreisende geworfen?      <\/p>\n<p class=\"richtext text-em-55 !leading-serif mx-6 desktop:mx-0\">Die Linken-Politikerin hatte Ende Januar 2025 auf ihrem Instagram-Kanal geschrieben, sie sei in einem Zug beleidigt und angegriffen worden. Ihr sei von einem Mann eine Bierflasche gegen den Kopf geworfen worden, zudem sei sie rassistisch beleidigt und sexuell bel\u00e4stigt worden, schrieb Akbulut.<\/p>\n<p class=\"richtext text-em-55 !leading-serif mx-6 desktop:mx-0\">Kurz darauf hatte es Zweifel an der Darstellung gegeben. Die \u201eStuttgarter Zeitung\u201c berichtete, dass Akbulut zuvor ebenfalls Mitreisende beleidigt haben soll. Die Zeitung zitierte unter anderem zwei Augenzeugen, die beschreiben, Akbulut habe eine Flasche in Richtung einer Gruppe Fu\u00dfballfans geworfen, woraufhin ein Gegenstand zur\u00fcckgeworfen worden sei. Die Staatsanwaltschaft hatte daraufhin auch gegen die Politikerin ermittelt.<\/p>\n<p class=\"richtext text-em-55 !leading-serif mx-6 desktop:mx-0\">Akbulut ist seit 2017 Mitglied des Bundestags und hat ihren Wahlkreis in <a href=\"https:\/\/rp-online.de\/thema\/mannheim\/\" rel=\"nofollow noopener\" target=\"_blank\">Mannheim<\/a>. Sie wurde 1982 in der T\u00fcrkei geboren und wuchs in Deutschland auf.<\/p>\n","protected":false},"excerpt":{"rendered":"Die Bundestagsabgeordnete G\u00f6kay Akbulut berichtet, sie sei in einem Zug angegriffen worden. Kurz darauf wird auch gegen die&hellip;\n","protected":false},"author":2,"featured_media":1140136,"comment_status":"","ping_status":"","sticky":false,"template":"","format":"standard","meta":{"footnotes":"","_share_on_mastodon":"0"},"categories":[1830],"tags":[14948,239908,1634,71398,60682,3364,29,14807,30,52246,67177,6622,43706,2127,1441,2036],"class_list":["post-1140135","post","type-post","status-publish","format-standard","has-post-thumbnail","category-stuttgart","tag-abgeordnete","tag-akbulut","tag-baden-wuerttemberg","tag-bundestags","tag-bundestagsabgeordnete","tag-de","tag-deutschland","tag-ermittelt","tag-germany","tag-goekay","tag-linken","tag-politikerin","tag-strafbefehl","tag-streit","tag-stuttgart","tag-zug"],"share_on_mastodon":{"url":"https:\/\/pubeurope.com\/@de\/116856588479705582","error":""},"_links":{"self":[{"href":"https:\/\/www.europesays.com\/de\/wp-json\/wp\/v2\/posts\/1140135","targetHints":{"allow":["GET"]}}],"collection":[{"href":"https:\/\/www.europesays.com\/de\/wp-json\/wp\/v2\/posts"}],"about":[{"href":"https:\/\/www.europesays.com\/de\/wp-json\/wp\/v2\/types\/post"}],"author":[{"embeddable":true,"href":"https:\/\/www.europesays.com\/de\/wp-json\/wp\/v2\/users\/2"}],"replies":[{"embeddable":true,"href":"https:\/\/www.europesays.com\/de\/wp-json\/wp\/v2\/comments?post=1140135"}],"version-history":[{"count":0,"href":"https:\/\/www.europesays.com\/de\/wp-json\/wp\/v2\/posts\/1140135\/revisions"}],"wp:featuredmedia":[{"embeddable":true,"href":"https:\/\/www.europesays.com\/de\/wp-json\/wp\/v2\/media\/1140136"}],"wp:attachment":[{"href":"https:\/\/www.europesays.com\/de\/wp-json\/wp\/v2\/media?parent=1140135"}],"wp:term":[{"taxonomy":"category","embeddable":true,"href":"https:\/\/www.europesays.com\/de\/wp-json\/wp\/v2\/categories?post=1140135"},{"taxonomy":"post_tag","embeddable":true,"href":"https:\/\/www.europesays.com\/de\/wp-json\/wp\/v2\/tags?post=1140135"}],"curies":[{"name":"wp","href":"https:\/\/api.w.org\/{rel}","templated":true}]}}