{"id":1140156,"date":"2026-07-03T14:56:21","date_gmt":"2026-07-03T14:56:21","guid":{"rendered":"https:\/\/www.europesays.com\/de\/1140156\/"},"modified":"2026-07-03T14:56:21","modified_gmt":"2026-07-03T14:56:21","slug":"berlin-emmanuel-17-starb-beim-baden-in-der-krummen-lanke-regional","status":"publish","type":"post","link":"https:\/\/www.europesays.com\/de\/1140156\/","title":{"rendered":"Berlin: Emmanuel (17) starb beim Baden in der Krummen Lanke | Regional"},"content":{"rendered":"<p><a class=\"skip-content skip-content--link\" href=\"#in-content-skip-link-target-v-0-0\">TTS-Player \u00fcberspringen\u21b5<\/a><a id=\"in-content-skip-link-target-v-0-0\" class=\"skip-content--target-link-hidden skip-content skip-content--target-link\" href=\"#in-content-skip-link-target-v-0-0\">Artikel weiterlesen<\/a><\/p>\n<p data-780e759e=\"0-1312\">Berlin \u2013 <b>Er wollte sich mit seinen Freunden bei 34 Grad im See abk\u00fchlen und ging einfach unter. Emmanuel T. (17) aus Moabit ertrank vermutlich nach einem Kreislaufkollaps. Seine Familie bittet um Spenden f\u00fcr seine Beerdigung.<\/b><\/p>\n<p data-780e759e=\"0-1312\">Emmanuel T. spielte Fu\u00dfball und Basketball, war athletisch, ein guter Schwimmer. Am Donnerstag vergangener Woche fuhr der Elftkl\u00e4ssler der Sophie-Scholl-Oberschule (Sch\u00f6neberg) zusammen mit f\u00fcnfzehn Klassenkameraden nach dem Unterricht an die Krumme Lanke in Berlin-Zehlendorf. Die Sonne stand senkrecht am Himmel. <\/p>\n<p><img decoding=\"async\" width=\"992\" height=\"558\" alt=\"Die Badestelle an der Krummen Lanke, hier geschah das Ungl\u00fcck\" loading=\"lazy\" src=\"https:\/\/www.europesays.com\/de\/wp-content\/uploads\/2026\/07\/1296b9b7e2aa758fe0bfd6f6122506c8,d3f065f0.jpeg\"   class=\"landscape\"\/><\/p>\n<p class=\"fig__caption__text\">Die Badestelle an der Krummen Lanke, hier geschah das Ungl\u00fcck<\/p>\n<p>Foto: Olaf Wagner<\/p>\n<p data-780e759e=\"0-1312\">Die Gruppe tauchte ins glitzernde Wasser ein. Emmanuel verschwand unter der Oberfl\u00e4che. Trotz verzweifelter Suche konnten seine Freunde ihn nicht finden. Um 13.52 Uhr riefen sie die <a href=\"https:\/\/www.bild.de\/themen\/organisationen\/feuerwehr\/politik-nachrichten-news-fotos-videos-20421624.bild.html\" class=\"text-link\" rel=\"nofollow noopener\" target=\"_blank\">Feuerwehr<\/a>. Kurz bevor die Beamten eintrafen, sahen sie ihn treibend im Wasser. Im Rettungswagen konnte der Junge noch reanimiert werden, er starb sp\u00e4ter im Krankenhaus.<\/p>\n<p>\u201eDas kam v\u00f6llig unerwartet\u201c<\/p>\n<p data-780e759e=\"0-1312\">Seine alleinerziehende Mutter, seine zwei Schwestern, die Freunde stehen unter Schock. Schwester Daniella T. (19) ringt um Worte. \u201eWir k\u00f6nnen es wirklich noch nicht glauben\u201c, sagt sie fast tonlos zu BILD. \u201eDas kam v\u00f6llig unerwartet.\u201c Emmanuel sei ein trainierter Sportler gewesen. \u201eWir haben die vage Vermutung, dass er Kreislaufprobleme gehabt haben k\u00f6nnte. Das hatte er \u00f6fters bei starker <a href=\"https:\/\/www.bild.de\/news\/wetter\/hitzewelle\/thema-hitzewelle-alle-infos-80747866.bild.html\" class=\"text-link\" rel=\"nofollow noopener\" target=\"_blank\">Hitze<\/a>. Er bekam dann auch Nasenbluten.\u201c Eine chronische Erkrankung sei nicht bekannt gewesen. Ein Obduktionsergebnis steht aus.<\/p>\n<p><img decoding=\"async\" width=\"992\" height=\"1178\" alt=\"Er hatte hart f\u00fcr die Pr\u00fcfungen gelernt. Emmanuel T. vor dem Eingang der Schule mit seinem MSA-Zeugnis\" loading=\"lazy\" src=\"https:\/\/www.europesays.com\/de\/wp-content\/uploads\/2026\/07\/7cd753c32ca26d2e4dd8a825a6891754,e0b2899f.jpeg\"   class=\"portrait\"\/><\/p>\n<p class=\"fig__caption__text\">Er hatte hart f\u00fcr die Pr\u00fcfungen gelernt. Emmanuel T. vor dem Eingang der Schule mit seinem MSA-Zeugnis<\/p>\n<p>Foto: privat<\/p>\n<p data-780e759e=\"1313-2187\">Beim Onlineportal Gofundme sammelt <a href=\"https:\/\/www.gofundme.com\/f\/spenden-fur-die-beerdigung-von-emmanuel\" target=\"_blank\" rel=\"nofollow noopener\" class=\"text-link\">die Familie Spenden<\/a> in zwei Aktionen. Es \u201estehen auch hohe Beerdigungskosten bevor, die wir als Familie leider nicht so aufbringen k\u00f6nnen\u201c, schreibt sie. \u201eDaher w\u00fcrde uns jeder einzelne Betrag in dieser schweren Zeit helfen.\u201c <\/p>\n<p data-780e759e=\"1313-2187\">Daniella T. berichtet, Emmanuel wollte Abitur machen. \u201eEr war ein sehr gutherziger und fr\u00f6hlicher Mensch. Eine Person, bei der man sich wohlf\u00fchlt. Er hat sich mit allen Menschen verstanden. Eine reine Seele.\u201c<\/p>\n<p><img decoding=\"async\" width=\"992\" height=\"558\" alt=\"Ein Altar wurde in der Sophie-Scholl-Oberschule in Sch\u00f6neberg als Gedenkort aufgebaut\" loading=\"lazy\" src=\"https:\/\/www.europesays.com\/de\/wp-content\/uploads\/2026\/07\/277cdc6250556bbe911fb1124ebabd25,24adc8e5.jpeg\"   class=\"landscape\"\/><\/p>\n<p class=\"fig__caption__text\">Ein Altar wurde in der Sophie-Scholl-Oberschule in Sch\u00f6neberg aufgebaut<\/p>\n<p>Foto: privat<\/p>\n<p data-780e759e=\"1313-2187\">Wei\u00dfe Rosen, Lilien und Glockenblumen stehen auf einem Altar in der Schule, s\u00e4umen Fotos von ihm. Davor wei\u00dfe Kerzen und zwei Engelsfiguren. Es gibt au\u00dferdem einen Briefkasten, in dem Mitsch\u00fcler einen letzten Gru\u00df an ihren verstorbenen Freund hinterlassen k\u00f6nnen.<\/p>\n","protected":false},"excerpt":{"rendered":"TTS-Player \u00fcberspringen\u21b5Artikel weiterlesen Berlin \u2013 Er wollte sich mit seinen Freunden bei 34 Grad im See abk\u00fchlen und&hellip;\n","protected":false},"author":2,"featured_media":1140157,"comment_status":"","ping_status":"","sticky":false,"template":"","format":"standard","meta":{"footnotes":"","_share_on_mastodon":"0"},"categories":[1825],"tags":[53948,42685,296,29,985,30,121,1978,9403],"class_list":["post-1140156","post","type-post","status-publish","format-standard","has-post-thumbnail","category-berlin","tag-badesee","tag-badeunfall","tag-berlin","tag-deutschland","tag-feuerwehr","tag-germany","tag-polizei","tag-schueler","tag-zehlendorf"],"share_on_mastodon":{"url":"https:\/\/pubeurope.com\/@de\/116856633376014944","error":""},"_links":{"self":[{"href":"https:\/\/www.europesays.com\/de\/wp-json\/wp\/v2\/posts\/1140156","targetHints":{"allow":["GET"]}}],"collection":[{"href":"https:\/\/www.europesays.com\/de\/wp-json\/wp\/v2\/posts"}],"about":[{"href":"https:\/\/www.europesays.com\/de\/wp-json\/wp\/v2\/types\/post"}],"author":[{"embeddable":true,"href":"https:\/\/www.europesays.com\/de\/wp-json\/wp\/v2\/users\/2"}],"replies":[{"embeddable":true,"href":"https:\/\/www.europesays.com\/de\/wp-json\/wp\/v2\/comments?post=1140156"}],"version-history":[{"count":0,"href":"https:\/\/www.europesays.com\/de\/wp-json\/wp\/v2\/posts\/1140156\/revisions"}],"wp:featuredmedia":[{"embeddable":true,"href":"https:\/\/www.europesays.com\/de\/wp-json\/wp\/v2\/media\/1140157"}],"wp:attachment":[{"href":"https:\/\/www.europesays.com\/de\/wp-json\/wp\/v2\/media?parent=1140156"}],"wp:term":[{"taxonomy":"category","embeddable":true,"href":"https:\/\/www.europesays.com\/de\/wp-json\/wp\/v2\/categories?post=1140156"},{"taxonomy":"post_tag","embeddable":true,"href":"https:\/\/www.europesays.com\/de\/wp-json\/wp\/v2\/tags?post=1140156"}],"curies":[{"name":"wp","href":"https:\/\/api.w.org\/{rel}","templated":true}]}}