{"id":1140214,"date":"2026-07-03T15:28:17","date_gmt":"2026-07-03T15:28:17","guid":{"rendered":"https:\/\/www.europesays.com\/de\/1140214\/"},"modified":"2026-07-03T15:28:17","modified_gmt":"2026-07-03T15:28:17","slug":"koeln-und-muenster-bezirksregierungen-verbieten-wasserentnahme-aus-fluessen-panorama","status":"publish","type":"post","link":"https:\/\/www.europesays.com\/de\/1140214\/","title":{"rendered":"K\u00f6ln und M\u00fcnster &#8211; Bezirksregierungen verbieten Wasserentnahme aus Fl\u00fcssen &#8211; Panorama"},"content":{"rendered":"<p data-manual=\"paragraph\" data-schema-org-speakable=\"true\" class=\"css-1eosz7k\">K\u00f6ln\/M\u00fcnster (dpa\/lnw) &#8211; Aufgrund niedriger Pegelst\u00e4nde haben die Bezirksregierungen K\u00f6ln und M\u00fcnster die Wasserentnahme aus mehreren Fl\u00fcssen verboten. Ausl\u00f6ser daf\u00fcr sind ausbleibender Regen und die Hitzetage der zur\u00fcckliegenden Wochen.<\/p>\n<p data-manual=\"paragraph\" data-schema-org-speakable=\"true\" class=\"css-1eosz7k\">Die Verf\u00fcgungen gelten f\u00fcr die Fl\u00fcsse Sieg, Agger, Rur und Erft im Regierungsbezirk K\u00f6ln, f\u00fcr die Wupper in den Regierungsbezirken K\u00f6ln und D\u00fcsseldorf sowie f\u00fcr die Ems auf den Gebieten der Kreise Steinfurt, Warendorf und der Stadt M\u00fcnster.<\/p>\n<p><img decoding=\"async\" src=\"https:\/\/www.europesays.com\/de\/wp-content\/uploads\/2026\/07\/d4105d06-66af-42f8-aba8-b6a0b102fe1d.jpg\"   alt=\"Die Bezirksregierungen untersagen die Entnahme von Wasser. (Archivbild)\" loading=\"lazy\" class=\"css-8atqhb\"\/>Die Bezirksregierungen untersagen die Entnahme von Wasser. (Archivbild) Thomas Banneyer\/dpa<\/p>\n<p data-manual=\"paragraph\" data-schema-org-speakable=\"true\" class=\"css-1eosz7k\">Laut der Bezirksregierung K\u00f6ln liegen die Wasserst\u00e4nde derzeit auf einem Niveau, das sonst erst im Sp\u00e4tsommer erreicht wird. In der Folge gilt das Verbot vorerst vom 6. Juli bis zum 30. September.<\/p>\n<p>Allgemeinverf\u00fcgungen gelten vorerst bis zum Herbst<\/p>\n<p data-manual=\"paragraph\" data-schema-org-speakable=\"true\" class=\"css-1eosz7k\">Das Verbot der Bezirksregierung M\u00fcnster gilt bereits ab Samstag, den 4. Juli. Man rechne damit, dass die Ems ab Oktober wieder ausreichend <a href=\"https:\/\/www.sueddeutsche.de\/thema\/Wasser\" rel=\"nofollow noopener\" target=\"_blank\">Wasser<\/a> f\u00fchren werde. Bis dahin werde man fortlaufend pr\u00fcfen, ob eine Aufhebung oder \u00c4nderung der Allgemeinverf\u00fcgung m\u00f6glich sei.<\/p>\n<p data-manual=\"paragraph\" data-schema-org-speakable=\"true\" class=\"css-1eosz7k\">In allen F\u00e4llen ist das Sch\u00f6pfen von Wasser mit Handgef\u00e4\u00dfen und das direkte Tr\u00e4nken von Vieh weiterhin erlaubt. Bei Verst\u00f6\u00dfen drohen Bu\u00dfgelder bis zu 50.000 Euro.<\/p>\n<p data-manual=\"paragraph\" data-schema-org-speakable=\"true\" class=\"css-1eosz7k\">\u00a9 dpa-infocom, dpa:260703-930-329959\/1<\/p>\n","protected":false},"excerpt":{"rendered":"K\u00f6ln\/M\u00fcnster (dpa\/lnw) &#8211; Aufgrund niedriger Pegelst\u00e4nde haben die Bezirksregierungen K\u00f6ln und M\u00fcnster die Wasserentnahme aus mehreren Fl\u00fcssen verboten.&hellip;\n","protected":false},"author":2,"featured_media":1140215,"comment_status":"","ping_status":"","sticky":false,"template":"","format":"standard","meta":{"footnotes":"","_share_on_mastodon":"0"},"categories":[1843],"tags":[149308,3364,29,17989,49875,30,11607,8970,6237,1209,1974,149,4106,1973,591],"class_list":["post-1140214","post","type-post","status-publish","format-standard","has-post-thumbnail","category-muenster","tag-bezirksregierung-muenster","tag-de","tag-deutschland","tag-extremwetter","tag-fluesse","tag-germany","tag-hitze","tag-muenster","tag-natur","tag-nordrhein-westfalen","tag-panorama","tag-sueddeutsche-zeitung","tag-wasser","tag-wetter","tag-wissen"],"share_on_mastodon":{"url":"https:\/\/pubeurope.com\/@de\/116856758978148857","error":""},"_links":{"self":[{"href":"https:\/\/www.europesays.com\/de\/wp-json\/wp\/v2\/posts\/1140214","targetHints":{"allow":["GET"]}}],"collection":[{"href":"https:\/\/www.europesays.com\/de\/wp-json\/wp\/v2\/posts"}],"about":[{"href":"https:\/\/www.europesays.com\/de\/wp-json\/wp\/v2\/types\/post"}],"author":[{"embeddable":true,"href":"https:\/\/www.europesays.com\/de\/wp-json\/wp\/v2\/users\/2"}],"replies":[{"embeddable":true,"href":"https:\/\/www.europesays.com\/de\/wp-json\/wp\/v2\/comments?post=1140214"}],"version-history":[{"count":0,"href":"https:\/\/www.europesays.com\/de\/wp-json\/wp\/v2\/posts\/1140214\/revisions"}],"wp:featuredmedia":[{"embeddable":true,"href":"https:\/\/www.europesays.com\/de\/wp-json\/wp\/v2\/media\/1140215"}],"wp:attachment":[{"href":"https:\/\/www.europesays.com\/de\/wp-json\/wp\/v2\/media?parent=1140214"}],"wp:term":[{"taxonomy":"category","embeddable":true,"href":"https:\/\/www.europesays.com\/de\/wp-json\/wp\/v2\/categories?post=1140214"},{"taxonomy":"post_tag","embeddable":true,"href":"https:\/\/www.europesays.com\/de\/wp-json\/wp\/v2\/tags?post=1140214"}],"curies":[{"name":"wp","href":"https:\/\/api.w.org\/{rel}","templated":true}]}}