{"id":1140252,"date":"2026-07-03T15:50:26","date_gmt":"2026-07-03T15:50:26","guid":{"rendered":"https:\/\/www.europesays.com\/de\/1140252\/"},"modified":"2026-07-03T15:50:26","modified_gmt":"2026-07-03T15:50:26","slug":"duisburg-chefarzt-wegen-missbrauch-angeklagt-2","status":"publish","type":"post","link":"https:\/\/www.europesays.com\/de\/1140252\/","title":{"rendered":"Duisburg: Chefarzt wegen Missbrauch angeklagt"},"content":{"rendered":"<p class=\"text_ohne_einzug richtext text-em-55 !leading-serif mx-6 desktop:mx-0\">Im B\u00fcro des Chefarztes sollte eigentlich ein ganz besonderes Vertrauensverh\u00e4ltnis gelten. Hierher, auf die Etage der Kinder- und Jugendpsychiatrie im Bertha Krankenhaus in Duisburg-Rheinhausen, kommen junge Menschen, denen es nicht gut geht. Sie sind depressiv, leiden unter einer Schizophrenie, verletzen sich selbst oder k\u00e4mpfen mit \u00c4ngsten. F\u00fcr einige junge Patientinnen soll dieser Raum zum Ort von sexuellem Missbrauch geworden sein, immer wieder, \u00fcber Jahre hinweg.<\/p>\n","protected":false},"excerpt":{"rendered":"Im B\u00fcro des Chefarztes sollte eigentlich ein ganz besonderes Vertrauensverh\u00e4ltnis gelten. Hierher, auf die Etage der Kinder- und&hellip;\n","protected":false},"author":2,"featured_media":1140253,"comment_status":"","ping_status":"","sticky":false,"template":"","format":"standard","meta":{"footnotes":"","_share_on_mastodon":"0"},"categories":[1838],"tags":[12724,1999,1187,1625,193405,21290,3364,29,3715,7465,44728,30,1635,193404,3860,1920,8703,96333,1209,36109,4968],"class_list":["post-1140252","post","type-post","status-publish","format-standard","has-post-thumbnail","category-duisburg","tag-2fduisburg","tag-anklage","tag-arzt","tag-buero","tag-buerotuer","tag-chefarzt","tag-de","tag-deutschland","tag-duisburg","tag-duisburger","tag-ehemaligen","tag-germany","tag-jugend","tag-jugendpsychiatrie","tag-maedchen","tag-missbrauch","tag-missbrauchsvorwuerfe","tag-missbraucht","tag-nordrhein-westfalen","tag-patientinnen","tag-vorwuerfe"],"share_on_mastodon":{"url":"https:\/\/pubeurope.com\/@de\/116856843583193844","error":""},"_links":{"self":[{"href":"https:\/\/www.europesays.com\/de\/wp-json\/wp\/v2\/posts\/1140252","targetHints":{"allow":["GET"]}}],"collection":[{"href":"https:\/\/www.europesays.com\/de\/wp-json\/wp\/v2\/posts"}],"about":[{"href":"https:\/\/www.europesays.com\/de\/wp-json\/wp\/v2\/types\/post"}],"author":[{"embeddable":true,"href":"https:\/\/www.europesays.com\/de\/wp-json\/wp\/v2\/users\/2"}],"replies":[{"embeddable":true,"href":"https:\/\/www.europesays.com\/de\/wp-json\/wp\/v2\/comments?post=1140252"}],"version-history":[{"count":0,"href":"https:\/\/www.europesays.com\/de\/wp-json\/wp\/v2\/posts\/1140252\/revisions"}],"wp:featuredmedia":[{"embeddable":true,"href":"https:\/\/www.europesays.com\/de\/wp-json\/wp\/v2\/media\/1140253"}],"wp:attachment":[{"href":"https:\/\/www.europesays.com\/de\/wp-json\/wp\/v2\/media?parent=1140252"}],"wp:term":[{"taxonomy":"category","embeddable":true,"href":"https:\/\/www.europesays.com\/de\/wp-json\/wp\/v2\/categories?post=1140252"},{"taxonomy":"post_tag","embeddable":true,"href":"https:\/\/www.europesays.com\/de\/wp-json\/wp\/v2\/tags?post=1140252"}],"curies":[{"name":"wp","href":"https:\/\/api.w.org\/{rel}","templated":true}]}}