{"id":1140364,"date":"2026-07-03T16:52:21","date_gmt":"2026-07-03T16:52:21","guid":{"rendered":"https:\/\/www.europesays.com\/de\/1140364\/"},"modified":"2026-07-03T16:52:21","modified_gmt":"2026-07-03T16:52:21","slug":"bezirksregierungen-verbieten-wasserentnahme-aus-fluessen-nrw","status":"publish","type":"post","link":"https:\/\/www.europesays.com\/de\/1140364\/","title":{"rendered":"Bezirksregierungen verbieten Wasserentnahme aus Fl\u00fcssen | NRW"},"content":{"rendered":"<p>Wegen niedriger Pegelst\u00e4nde ist die Wasserentnahme aus mehreren Fl\u00fcssen vor\u00fcbergehend untersagt worden. Bei Verst\u00f6\u00dfen drohen hohe Bu\u00dfgelder.<\/p>\n<p id=\"absatz1\" class=\"em_text\">Aufgrund niedriger Pegelst\u00e4nde haben die Bezirksregierungen K\u00f6ln und M\u00fcnster die Wasserentnahme aus mehreren Fl\u00fcssen verboten. Ausl\u00f6ser daf\u00fcr sind ausbleibender Regen und die Hitzetage der zur\u00fcckliegenden Wochen.<\/p>\n<p id=\"absatz2\" class=\"em_text\">Die Verf\u00fcgungen gelten f\u00fcr die Fl\u00fcsse Sieg, Agger, Rur und Erft im Regierungsbezirk K\u00f6ln, f\u00fcr die Wupper in den Regierungsbezirken K\u00f6ln und D\u00fcsseldorf sowie f\u00fcr die Ems auf den Gebieten der Kreise Steinfurt, Warendorf und der Stadt M\u00fcnster.<\/p>\n<p id=\"absatz4\" class=\"em_text\">Laut der Bezirksregierung K\u00f6ln liegen die Wasserst\u00e4nde derzeit auf einem Niveau, das sonst erst im Sp\u00e4tsommer erreicht wird. In der Folge gilt das Verbot vorerst vom 6. Juli bis zum 30. September.<\/p>\n<p>Allgemeinverf\u00fcgungen gelten vorerst bis zum Herbst<\/p>\n<p><a class=\"link-img\" href=\"https:\/\/www.mt.de\/_em_daten\/_cache\/image\/1xRG40QnZPblJGUERFT2htK3BoVmI1Z0o2TEJ1M1JtOWIzZ29jUzZxdkR1aXBLblVPMS9BbkgvRzJ3b0VYdTY1QzNNdVFyMmpVdGtNOEdKTVpFbEJCVzBqeGkvN0xoeVo5TmsxVjdxMzhoS0xMZmg0YkM5WjNSRVZoNGVnc3B0cGc\/260703-1628-urn-newsml-dpa-com-20090101-260703-935-1456078.webp\" data-fancybox=\"images\" data-caption=\"Die Bezirksregierungen untersagen die Entnahme von Wasser. (Archivbild) - \u00a9 Thomas Banneyer\/dpa\" rel=\"nofollow noopener\" target=\"_blank\"><br \/>\n<img decoding=\"async\"  src=\"https:\/\/www.europesays.com\/de\/wp-content\/uploads\/2026\/07\/260703-1628-urn-newsml-dpa-com-20090101-260703-935-1456078.webp\" loading=\"lazy\" width=\"1000\" alt=\"Die Bezirksregierungen untersagen die Entnahme von Wasser. (Archivbild) - \u00a9 Thomas Banneyer\/dpa\"\/><\/p>\n<p><\/a><\/p>\n<p>Die Bezirksregierungen untersagen die Entnahme von Wasser. (Archivbild) &#8211; \u00a9 Thomas Banneyer\/dpa<\/p>\n<p id=\"absatz6\" class=\"em_text\">Das Verbot der Bezirksregierung M\u00fcnster gilt bereits ab Samstag, den 4. Juli. Man rechne damit, dass die Ems ab Oktober wieder ausreichend Wasser f\u00fchren werde. Bis dahin werde man fortlaufend pr\u00fcfen, ob eine Aufhebung oder \u00c4nderung der Allgemeinverf\u00fcgung m\u00f6glich sei.<\/p>\n<p id=\"absatz7\" class=\"em_text\">In allen F\u00e4llen ist das Sch\u00f6pfen von Wasser mit Handgef\u00e4\u00dfen und das direkte Tr\u00e4nken von Vieh weiterhin erlaubt. Bei Verst\u00f6\u00dfen drohen Bu\u00dfgelder bis zu 50.000 Euro. <\/p>\n","protected":false},"excerpt":{"rendered":"Wegen niedriger Pegelst\u00e4nde ist die Wasserentnahme aus mehreren Fl\u00fcssen vor\u00fcbergehend untersagt worden. Bei Verst\u00f6\u00dfen drohen hohe Bu\u00dfgelder. Aufgrund&hellip;\n","protected":false},"author":2,"featured_media":1140365,"comment_status":"","ping_status":"","sticky":false,"template":"","format":"standard","meta":{"footnotes":"","_share_on_mastodon":"0"},"categories":[1843],"tags":[66490,11860,3364,29,3405,28880,39719,30,60973,1420,8970,1209,82834,37659,69453,23428],"class_list":["post-1140364","post","type-post","status-publish","format-standard","has-post-thumbnail","category-muenster","tag-agger","tag-bezirksregierung","tag-de","tag-deutschland","tag-duesseldorf","tag-ems","tag-erft","tag-germany","tag-hitzetag","tag-koeln","tag-muenster","tag-nordrhein-westfalen","tag-pegelstand","tag-rur","tag-wasserentnahme","tag-wupper"],"share_on_mastodon":{"url":"https:\/\/pubeurope.com\/@de\/116857089091326173","error":""},"_links":{"self":[{"href":"https:\/\/www.europesays.com\/de\/wp-json\/wp\/v2\/posts\/1140364","targetHints":{"allow":["GET"]}}],"collection":[{"href":"https:\/\/www.europesays.com\/de\/wp-json\/wp\/v2\/posts"}],"about":[{"href":"https:\/\/www.europesays.com\/de\/wp-json\/wp\/v2\/types\/post"}],"author":[{"embeddable":true,"href":"https:\/\/www.europesays.com\/de\/wp-json\/wp\/v2\/users\/2"}],"replies":[{"embeddable":true,"href":"https:\/\/www.europesays.com\/de\/wp-json\/wp\/v2\/comments?post=1140364"}],"version-history":[{"count":0,"href":"https:\/\/www.europesays.com\/de\/wp-json\/wp\/v2\/posts\/1140364\/revisions"}],"wp:featuredmedia":[{"embeddable":true,"href":"https:\/\/www.europesays.com\/de\/wp-json\/wp\/v2\/media\/1140365"}],"wp:attachment":[{"href":"https:\/\/www.europesays.com\/de\/wp-json\/wp\/v2\/media?parent=1140364"}],"wp:term":[{"taxonomy":"category","embeddable":true,"href":"https:\/\/www.europesays.com\/de\/wp-json\/wp\/v2\/categories?post=1140364"},{"taxonomy":"post_tag","embeddable":true,"href":"https:\/\/www.europesays.com\/de\/wp-json\/wp\/v2\/tags?post=1140364"}],"curies":[{"name":"wp","href":"https:\/\/api.w.org\/{rel}","templated":true}]}}