{"id":1140435,"date":"2026-07-03T17:31:15","date_gmt":"2026-07-03T17:31:15","guid":{"rendered":"https:\/\/www.europesays.com\/de\/1140435\/"},"modified":"2026-07-03T17:31:15","modified_gmt":"2026-07-03T17:31:15","slug":"pol-s-nach-unfall-davongefahren-zeugen-gesucht-blicklokal","status":"publish","type":"post","link":"https:\/\/www.europesays.com\/de\/1140435\/","title":{"rendered":"POL-S: Nach Unfall davongefahren \u2013 Zeugen gesucht \u2013 BlickLokal"},"content":{"rendered":"<p><a data-category=\"citylink-story-view\" data-action=\"click\" data-label=\"Citylink in Meldungsansicht\" class=\"story-city event-trigger\" href=\"https:\/\/www.presseportal.de\/regional\/Stuttgart-Zuffenhausen\" title=\"News aus Stuttgart-Zuffenhausen\" rel=\"nofollow noopener\" target=\"_blank\">Stuttgart-Zuffenhausen<\/a> (ots)<\/p>\n<p>Die Polizei sucht Zeugen einer Unfallflucht, die sich am Freitag (03.07.2026) am Zuffenh\u00e4user Kelterplatz ereignet hat. Ein bislang unbekannter Fahrer befuhr gegen 7.30 Uhr den Zuffenh\u00e4user Kelterplatz in Richtung Zuffenhausen. Auf H\u00f6he der dortigen Bus- und Stadtbahnhaltestelle stie\u00df er mit einem 11-j\u00e4hrigen M\u00e4dchen zusammen, welches in diesem Moment zu Fu\u00df die Stra\u00dfe \u00fcberquerte. Die 11-J\u00e4hrige zog sich dabei leichte Verletzungen zu. Der Unbekannte setzte seine Fahrt fort, ohne sich um den Unfall oder das M\u00e4dchen zu k\u00fcmmern. Bei dem Fahrzeug des Unbekannten soll es sich um einen silbernen VW gehandelt haben. Zeugen werden gebeten, sich unter der Rufnummer +4971189903700 beim Polizeirevier 7 Ludwigsburger Stra\u00dfe zu melden.<\/p>\n<p class=\"contact-headline\">R\u00fcckfragen bitte an:<\/p>\n<p class=\"contact-text\">Polizeipr\u00e4sidium Stuttgart<br \/>Pressestelle<br \/>Telefon: 0711 \/ 8990 \u2013 1111<br \/>E-Mail: <a href=\"https:\/\/www.blicklokal.de\/pol-s-nach-unfall-davongefahren-zeugen-gesucht-21\/mailto:stuttgart.pressestelle@polizei.bwl.de\" class=\"uri-mailto\" rel=\"nofollow noopener\" target=\"_blank\">stuttgart.pressestelle@polizei.bwl.de<\/a><br \/>B\u00fcrozeiten: Montag bis Freitag 06.30 Uhr bis 18.00 Uhr<\/p>\n<p>Au\u00dferhalb der B\u00fcrozeiten:<br \/>Telefon: 0711 8990-3333<br \/>E-Mail: <a href=\"https:\/\/www.blicklokal.de\/pol-s-nach-unfall-davongefahren-zeugen-gesucht-21\/mailto:stuttgart.pp@polizei.bwl.de\" class=\"uri-mailto\" rel=\"nofollow noopener\" target=\"_blank\">stuttgart.pp@polizei.bwl.de<\/a><\/p>\n<p><a target=\"_blank\" class=\"uri-ext outbound\" rel=\"noopener nofollow\" href=\"https:\/\/ppstuttgart.polizei-bw.de\/\">https:\/\/ppstuttgart.polizei-bw.de\/<\/a><\/p>\n<p class=\"originator\">Original-Content von: Polizeipr\u00e4sidium Stuttgart, \u00fcbermittelt durch news aktuell<\/p>\n","protected":false},"excerpt":{"rendered":"Stuttgart-Zuffenhausen (ots) Die Polizei sucht Zeugen einer Unfallflucht, die sich am Freitag (03.07.2026) am Zuffenh\u00e4user Kelterplatz ereignet hat.&hellip;\n","protected":false},"author":2,"featured_media":1116175,"comment_status":"","ping_status":"","sticky":false,"template":"","format":"standard","meta":{"footnotes":"","_share_on_mastodon":"0"},"categories":[1830],"tags":[40332,40331,12277,1634,40330,40337,3364,29,4447,30,40333,14,15,40335,40329,40334,23879,1441,3866,40336,40328],"class_list":["post-1140435","post","type-post","status-publish","format-standard","has-post-thumbnail","category-stuttgart","tag-anzeigenblatt-main-tauber","tag-anzeigenblatt-neckar-odenwald","tag-anzeigenwerbung","tag-baden-wuerttemberg","tag-beilagenwerbung-wertheim","tag-blicklokal","tag-de","tag-deutschland","tag-events","tag-germany","tag-kleinanzeigen-main-tauber","tag-nachrichten","tag-news","tag-printwerbung-main-tauber","tag-prospektbeilage-tauberbischofsheim","tag-prospektverteilung-tauberbischofsheim","tag-rothenburg-ob-der-tauber","tag-stuttgart","tag-veranstaltungen","tag-wertheim","tag-wochenzeitung-main-tauber"],"share_on_mastodon":{"url":"https:\/\/pubeurope.com\/@de\/116857240708228386","error":""},"_links":{"self":[{"href":"https:\/\/www.europesays.com\/de\/wp-json\/wp\/v2\/posts\/1140435","targetHints":{"allow":["GET"]}}],"collection":[{"href":"https:\/\/www.europesays.com\/de\/wp-json\/wp\/v2\/posts"}],"about":[{"href":"https:\/\/www.europesays.com\/de\/wp-json\/wp\/v2\/types\/post"}],"author":[{"embeddable":true,"href":"https:\/\/www.europesays.com\/de\/wp-json\/wp\/v2\/users\/2"}],"replies":[{"embeddable":true,"href":"https:\/\/www.europesays.com\/de\/wp-json\/wp\/v2\/comments?post=1140435"}],"version-history":[{"count":0,"href":"https:\/\/www.europesays.com\/de\/wp-json\/wp\/v2\/posts\/1140435\/revisions"}],"wp:featuredmedia":[{"embeddable":true,"href":"https:\/\/www.europesays.com\/de\/wp-json\/wp\/v2\/media\/1116175"}],"wp:attachment":[{"href":"https:\/\/www.europesays.com\/de\/wp-json\/wp\/v2\/media?parent=1140435"}],"wp:term":[{"taxonomy":"category","embeddable":true,"href":"https:\/\/www.europesays.com\/de\/wp-json\/wp\/v2\/categories?post=1140435"},{"taxonomy":"post_tag","embeddable":true,"href":"https:\/\/www.europesays.com\/de\/wp-json\/wp\/v2\/tags?post=1140435"}],"curies":[{"name":"wp","href":"https:\/\/api.w.org\/{rel}","templated":true}]}}