{"id":1140490,"date":"2026-07-03T18:02:31","date_gmt":"2026-07-03T18:02:31","guid":{"rendered":"https:\/\/www.europesays.com\/de\/1140490\/"},"modified":"2026-07-03T18:02:31","modified_gmt":"2026-07-03T18:02:31","slug":"aachen-13-jaehriger-im-krankenhaus-polizei-warnt-vor-blackout-challenge","status":"publish","type":"post","link":"https:\/\/www.europesays.com\/de\/1140490\/","title":{"rendered":"Aachen: 13-J\u00e4hriger im Krankenhaus\u00a0\u2013 Polizei warnt vor \u201eBlackout-Challenge\u201c"},"content":{"rendered":"<p>Die Idee dazu stammt aus dem Internet, f\u00fcr einen Jungen aus der Region Aachen endete sie fast t\u00f6dlich: Gemeinsam mit einem anderen Sch\u00fcler hatte der 13-J\u00e4hrige versucht, durch gegenseitiges W\u00fcrgen bewusstlos zu werden.<\/p>\n<p class=\"is-first-paragraph\" data-external=\"Article.FirstParagraph\">Die \u201eBlackout-Challenge\u201c ist eine lebensgef\u00e4hrliche Internet-Mutprobe. Ein aktueller Fall l\u00e4sst die Polizei in Aachen nun erneut vor ihr und anderen hochriskanten Social-Media-Trends warnen. \u201eLikes, Klicks und Reichweite sind niemals wichtiger als die eigene Gesundheit oder das eigene Leben\u201c, <a class=\"is-link c-block-items__link is-external c-link--rich-text-renderer\" href=\"https:\/\/www.presseportal.de\/blaulicht\/pm\/11559\/6307702\" target=\"_blank\" title=\"Link wird in einem neuen Tab ge\u00f6ffnet\" rel=\"nofollow noopener\" data-internal-tracking-enabled=\"true\" data-internal-tracking=\"{&quot;action&quot;:&quot;click&quot;,&quot;label&quot;:&quot;link&quot;,&quot;name&quot;:&quot;Inline Element&quot;,&quot;data&quot;:{&quot;source&quot;:&quot;&quot;,&quot;target&quot;:&quot;https:\/\/www.presseportal.de\/blaulicht\/pm\/11559\/6307702&quot;,&quot;trackingName&quot;:&quot;&quot;,&quot;trackingLabel&quot;:&quot;&quot;}}\">hie\u00df es in einem Aufruf der Beh\u00f6rde.<\/a><\/p>\n<p>Anlass f\u00fcr die Warnung ist der Fall eines 13 Jahre alten Jungen, der den Angaben zufolge in dieser Woche bei der \u201eBlackout-Challenge\u201c verletzt worden war. <\/p>\n<p>Gemeinsam mit einem anderen Sch\u00fcler habe er versucht, durch gegenseitiges W\u00fcrgen eine kurze Bewusstlosigkeit auszul\u00f6sen. Der Teenager sei dabei tats\u00e4chlich ohnm\u00e4chtig geworden, gest\u00fcrzt und mit dem Kopf aufgeschlagen. \u201eEr musste medizinisch versorgt und in ein Krankenhaus gebracht werden\u201c, so die Aachener Polizei.<\/p>\n<p>Teilnehmer versuchen bei der \u201eBlackout-Challenge\u201c, durch Luftanhalten, W\u00fcrgen oder Strangulieren eine Ohnmacht herbeizuf\u00fchren. Videos davon sollen danach in sozialen Netzwerken Klicks und Likes generieren. In Deutschland und auch weltweit ist es bereits zu mehreren schweren Unf\u00e4llen im Zusammenhang mit derartigen Challenges gekommen. 2021 etwa <a class=\"is-link c-block-items__link c-link--rich-text-renderer\" href=\"https:\/\/www.welt.de\/vermischtes\/article224838619\/Blackout-Challenge-Italien-geht-nach-Tod-von-Zehnjaehriger-gegen-Tiktok-vor.html\" data-internal-tracking-enabled=\"true\" data-internal-tracking=\"{&quot;action&quot;:&quot;click&quot;,&quot;label&quot;:&quot;link&quot;,&quot;name&quot;:&quot;Inline Element&quot;,&quot;data&quot;:{&quot;source&quot;:&quot;&quot;,&quot;target&quot;:&quot;https:\/\/www.welt.de\/vermischtes\/article224838619\/Blackout-Challenge-Italien-geht-nach-Tod-von-Zehnjaehriger-gegen-Tiktok-vor.html&quot;,&quot;trackingName&quot;:&quot;&quot;,&quot;trackingLabel&quot;:&quot;&quot;}}\" rel=\"nofollow noopener\" target=\"_blank\">starb im italienischen Palermo eine Zehnj\u00e4hrige,<\/a> nachdem sie mutma\u00dflich an der \u201eBlackout Challenge\u201c teilgenommen hatte.<\/p>\n<p>Die Polizei in Aachen unterstrich, dass die Teilnahme an derartigen Trends t\u00f6dlich enden k\u00f6nne. Ebenso k\u00f6nne sie strafbar sein. Auch im konkreten Fall ermittle nun die Kriminalpolizei.<\/p>\n<p>dpa\/krott<\/p>\n","protected":false},"excerpt":{"rendered":"Die Idee dazu stammt aus dem Internet, f\u00fcr einen Jungen aus der Region Aachen endete sie fast t\u00f6dlich:&hellip;\n","protected":false},"author":2,"featured_media":1140491,"comment_status":"","ping_status":"","sticky":false,"template":"","format":"standard","meta":{"footnotes":"","_share_on_mastodon":"0"},"categories":[1853],"tags":[1424,3364,29,548,663,3934,30,239959,13,177029,14,15,110,1209,12,152136,45,151],"class_list":["post-1140490","post","type-post","status-publish","format-standard","has-post-thumbnail","category-aachen","tag-aachen","tag-de","tag-deutschland","tag-eu","tag-europa","tag-europe","tag-germany","tag-handy-sucht","tag-headlines","tag-mutproben-ks","tag-nachrichten","tag-news","tag-newsteam","tag-nordrhein-westfalen","tag-schlagzeilen","tag-soziale-netzwerke-ks","tag-texttospeech","tag-tiktok"],"share_on_mastodon":{"url":"https:\/\/pubeurope.com\/@de\/116857362794769627","error":""},"_links":{"self":[{"href":"https:\/\/www.europesays.com\/de\/wp-json\/wp\/v2\/posts\/1140490","targetHints":{"allow":["GET"]}}],"collection":[{"href":"https:\/\/www.europesays.com\/de\/wp-json\/wp\/v2\/posts"}],"about":[{"href":"https:\/\/www.europesays.com\/de\/wp-json\/wp\/v2\/types\/post"}],"author":[{"embeddable":true,"href":"https:\/\/www.europesays.com\/de\/wp-json\/wp\/v2\/users\/2"}],"replies":[{"embeddable":true,"href":"https:\/\/www.europesays.com\/de\/wp-json\/wp\/v2\/comments?post=1140490"}],"version-history":[{"count":0,"href":"https:\/\/www.europesays.com\/de\/wp-json\/wp\/v2\/posts\/1140490\/revisions"}],"wp:featuredmedia":[{"embeddable":true,"href":"https:\/\/www.europesays.com\/de\/wp-json\/wp\/v2\/media\/1140491"}],"wp:attachment":[{"href":"https:\/\/www.europesays.com\/de\/wp-json\/wp\/v2\/media?parent=1140490"}],"wp:term":[{"taxonomy":"category","embeddable":true,"href":"https:\/\/www.europesays.com\/de\/wp-json\/wp\/v2\/categories?post=1140490"},{"taxonomy":"post_tag","embeddable":true,"href":"https:\/\/www.europesays.com\/de\/wp-json\/wp\/v2\/tags?post=1140490"}],"curies":[{"name":"wp","href":"https:\/\/api.w.org\/{rel}","templated":true}]}}