{"id":1140550,"date":"2026-07-03T18:41:20","date_gmt":"2026-07-03T18:41:20","guid":{"rendered":"https:\/\/www.europesays.com\/de\/1140550\/"},"modified":"2026-07-03T18:41:20","modified_gmt":"2026-07-03T18:41:20","slug":"hannover-kitas-werden-haeufiger-ziel-von-einbrechern","status":"publish","type":"post","link":"https:\/\/www.europesays.com\/de\/1140550\/","title":{"rendered":"Hannover: Kitas werden h\u00e4ufiger Ziel von Einbrechern"},"content":{"rendered":"<p>\n                Stand: 03.07.2026 20:00 Uhr<\/p>\n<p class=\"preface\">Zerschlagene Fenster, aufgerissene Schr\u00e4nke, Schmierereien an der Wand. Immer h\u00e4ufiger geraten Kitas und Schulen ins Visier von Einbrechern. F\u00fcr die Kinder und das Personal ist das be\u00e4ngstigend.<\/p>\n<p class=\"textauthor\">von Gino Egbers<\/p>\n<p class=\"\">Martin Trautz ist fassungslos. Bereits zum vierten Mal wurde in seine <a href=\"https:\/\/www.ndr.de\/nachrichten\/niedersachsen\/hannover_weser-leinegebiet\/garbsen-zwei-einbrueche-in-kindergaerten-an-einem-wochenende,aktuellhannover-2394.html\" title=\"Garbsen: Zwei Einbr\u00fcche in Kinderg\u00e4rten an einem Wochenende\" rel=\"nofollow noopener\" target=\"_blank\">Kita<\/a> eingebrochen. Dieses Mal haben sich die T\u00e4ter \u00fcber eine Glast\u00fcr Zugang verschafft. Das B\u00fcro des Kitaleiters in Hannover ist verw\u00fcstet. Das Ziel der Einbrecher war anscheinend erneut der Safe. Mehrere Male wurde er bereits gestohlen. Was die T\u00e4ter nicht wussten: Seit dem letzten Einbruch ist der neue Tresor fest in der Wand verankert. Versucht haben es die T\u00e4ter trotzdem, wie L\u00f6cher und Kratzspuren an der Wand zeigen.<\/p>\n<p>    T\u00e4ter haben es offenbar auf Tablets abgesehen<\/p>\n<p class=\"\">Die Kita von Martin Trautz liegt mitten in einer Wohngegend. Rund um das Geb\u00e4ude stehen Mehrfamilienh\u00e4user. In dem Safe in seinem B\u00fcro lagern Tablets im Wert von mehreren Hundert Euro<strong>. <\/strong>Warum die T\u00e4ter f\u00fcr einen vergleichsweise geringen Betrag ein so hohes Risiko eingehen, versteht der Kitaleiter nicht.<\/p>\n<p>    Einbr\u00fcche f\u00fcr Kinder und Personal be\u00e4ngstigend<\/p>\n<p class=\"\">&#8222;F\u00fcr die Kinder ist das nat\u00fcrlich eine belastende Situation. Dann sind Bereiche der Kita abgesperrt, die Polizei ist da, die Spurensicherung und wir m\u00fcssen den Kindern dann erkl\u00e4ren, was in ihrer Kita los ist.&#8220; Auch f\u00fcr das Personal sei die Situation unangenehm. &#8222;Der Fr\u00fchdienst macht morgens alleine auf und wenn der dann feststellt, hier war jemand, ist das nat\u00fcrlich be\u00e4ngstigend&#8220;, schildert Trautz.<\/p>\n<p>    Zahl der Einbr\u00fcche in Kitas und Schulen nimmt zu<\/p>\n<p class=\"\">Tr\u00e4ger der Kita ist die Arbeiterwohlfahrt (AWO) Region Hannover. Insgesamt betreibt der Verein mehr als 50 Kitas. AWO-Vorstand Gordon Braun spricht von einer starken Zunahme der Einbr\u00fcche. &#8222;Normalerweise haben wir etwa vier bis f\u00fcnf pro Jahr. Im vergangenen Jahr waren es pl\u00f6tzlich 20.&#8220; In den vergangenen Jahren ist der AWO nach eigenen Angaben ein Schaden von mehr als 100.000 Euro entstanden. Das Landeskriminalamt (LKA) best\u00e4tigt den Eindruck. Laut LKA hat die Zahl der Kita- und <a href=\"https:\/\/www.ndr.de\/nachrichten\/niedersachsen\/hannover_weser-leinegebiet\/bad-salzdetfurth-erneuter-einbruch-in-eine-schule,aktuellhannover-412.html\" title=\"Bad Salzdetfurth: Erneuter Einbruch in eine Schule\" rel=\"nofollow noopener\" target=\"_blank\">Schuleinbr\u00fcche<\/a> in der Region Hannover zwischen M\u00e4rz und Mai 2026 im Vergleich zum Vorjahreszeitraum um knapp 50 Prozent zugenommen. Die Beh\u00f6rde verweist aber darauf, dass es sich dabei um vorl\u00e4ufige Zahlen handelt. In vielen F\u00e4llen liefen noch Ermittlungen, abschlie\u00dfende R\u00fcckschl\u00fcsse k\u00f6nne man erst danach ziehen.<\/p>\n<p>    Motive der T\u00e4ter sind unklar<\/p>\n<p class=\"\">Warum es so viele Kitas und Schulen trifft, dar\u00fcber l\u00e4sst sich aktuell nur spekulieren. Ein Grund k\u00f6nnte laut Polizei aber der leichte Zugang zu den Geb\u00e4uden sein. Kitas und Schulen liegen oft separiert und sind in ihrer Bauweise verwinkelt, also schlecht einsehbar. Nach den Betriebszeiten sind sie au\u00dferdem meistens verlassen.<\/p>\n<p>                News aus deiner Region &#8211; jetzt auch direkt per WhatsApp<\/p>\n<p>In unseren f\u00fcnf neuen regionalen WhatsApp-Kan\u00e4len versorgen wir dich ab sofort wochent\u00e4glich mit den wichtigsten Nachrichten, Themen und Geschichten aus deiner Heimat. <\/p>\n<p>\u00dcber diese Links kommst du direkt zu den Kan\u00e4len:<\/p>\n<p><a href=\"https:\/\/www.ndr.de\/nachrichten\/niedersachsen\/ndr-niedersachsen-auf-whatsapp-abonniere-die-news-aus-deiner-region,whatsappniedersachsen-100.html\" title=\"NDR Niedersachsen auf WhatsApp: Abonniere die News aus deiner Region\" rel=\"nofollow noopener\" target=\"_blank\">Abonniere News aus deiner Region<\/a> und aktiviere die Glocke, damit du nichts verpasst.<\/p>\n<p>        <img decoding=\"async\" src=\"https:\/\/www.europesays.com\/de\/wp-content\/uploads\/2026\/03\/1774629135_669_wunstorf-106.webp.webp\" alt=\"Ein Polizeiauto ist in der Dunkelheit mit Blaulicht im Einsatz.\" title=\"Ein Polizeiauto ist in der Dunkelheit mit Blaulicht im Einsatz. | Julius Matuschik\" class=\"responsive\" loading=\"lazy\"\/><\/p>\n<p>Die 16- und 17-J\u00e4hrigen sollen zuvor in Hannover eine Scheibe eingeschlagen haben. Als die Polizei kam, flohen sie.<\/p>\n<p>        <img decoding=\"async\" src=\"https:\/\/www.europesays.com\/de\/wp-content\/uploads\/2026\/06\/hannover-342.webp\" alt=\"Ein Polizist steht neben einem Polizeiauto. Automaten wurden im Norden gesprengt.\" title=\"Ein Polizist steht neben einem Polizeiauto. Automaten wurden im Norden gesprengt. | Julius Matuschik\" class=\"responsive\" loading=\"lazy\"\/><\/p>\n<p>Seinen 17-j\u00e4hrigen mutma\u00dflichen Komplizen fassten die Beamten. Jetzt suchen sie den zweiten T\u00e4ter. <\/p>\n<p>        <img decoding=\"async\" src=\"https:\/\/www.europesays.com\/de\/wp-content\/uploads\/2026\/07\/einbruch628.webp\" alt=\"Einbrecher hebelt mit einem Brecheisen ein Fenster auf.\" title=\"Unbekannte sind in mehrere Gesch\u00e4fte auf R\u00fcgen eingebrochen. (Themenbild) | Fotolia.com, sdecoret\" class=\"responsive\" loading=\"lazy\"\/><\/p>\n<p>Die Polizei geht davon aus, dass die Einbr\u00fcche im Landkreis Stade zusammenh\u00e4ngen. Sie bittet Zeugen um Hinweise.<\/p>\n<p>        <img decoding=\"async\" src=\"https:\/\/www.europesays.com\/de\/wp-content\/uploads\/2026\/06\/polizei5412.webp\" alt=\"Ein Streifenwagen der Polizei als Symbolbild nach einem Unfall.\" title=\"Ein Streifenwagen der Polizei als Symbolbild nach einem Unfall. | NDR, Julius Matuschik\" class=\"responsive\" loading=\"lazy\"\/><\/p>\n<p>Ein Unbekannter hatte w\u00e4hrend eines Grillfestes das Lehrerzimmer durchw\u00fchlt. Dabei wurde er von einem Lehrer ertappt.<\/p>\n","protected":false},"excerpt":{"rendered":"Stand: 03.07.2026 20:00 Uhr Zerschlagene Fenster, aufgerissene Schr\u00e4nke, Schmierereien an der Wand. Immer h\u00e4ufiger geraten Kitas und Schulen&hellip;\n","protected":false},"author":2,"featured_media":1140551,"comment_status":"","ping_status":"","sticky":false,"template":"","format":"standard","meta":{"footnotes":"","_share_on_mastodon":"0"},"categories":[1836],"tags":[15947,3364,29,5592,2819,30,46,8072,2818,3491,1411,42093,21697,12300],"class_list":["post-1140550","post","type-post","status-publish","format-standard","has-post-thumbnail","category-hannover","tag-awo","tag-de","tag-deutschland","tag-einbrecher","tag-einbruch","tag-germany","tag-hannover","tag-kinderbetreuung","tag-kindergarten","tag-kita","tag-niedersachsen","tag-safe","tag-tablet","tag-tresor"],"share_on_mastodon":{"url":"https:\/\/pubeurope.com\/@de\/116857516365958673","error":""},"_links":{"self":[{"href":"https:\/\/www.europesays.com\/de\/wp-json\/wp\/v2\/posts\/1140550","targetHints":{"allow":["GET"]}}],"collection":[{"href":"https:\/\/www.europesays.com\/de\/wp-json\/wp\/v2\/posts"}],"about":[{"href":"https:\/\/www.europesays.com\/de\/wp-json\/wp\/v2\/types\/post"}],"author":[{"embeddable":true,"href":"https:\/\/www.europesays.com\/de\/wp-json\/wp\/v2\/users\/2"}],"replies":[{"embeddable":true,"href":"https:\/\/www.europesays.com\/de\/wp-json\/wp\/v2\/comments?post=1140550"}],"version-history":[{"count":0,"href":"https:\/\/www.europesays.com\/de\/wp-json\/wp\/v2\/posts\/1140550\/revisions"}],"wp:featuredmedia":[{"embeddable":true,"href":"https:\/\/www.europesays.com\/de\/wp-json\/wp\/v2\/media\/1140551"}],"wp:attachment":[{"href":"https:\/\/www.europesays.com\/de\/wp-json\/wp\/v2\/media?parent=1140550"}],"wp:term":[{"taxonomy":"category","embeddable":true,"href":"https:\/\/www.europesays.com\/de\/wp-json\/wp\/v2\/categories?post=1140550"},{"taxonomy":"post_tag","embeddable":true,"href":"https:\/\/www.europesays.com\/de\/wp-json\/wp\/v2\/tags?post=1140550"}],"curies":[{"name":"wp","href":"https:\/\/api.w.org\/{rel}","templated":true}]}}