{"id":1140577,"date":"2026-07-03T18:56:16","date_gmt":"2026-07-03T18:56:16","guid":{"rendered":"https:\/\/www.europesays.com\/de\/1140577\/"},"modified":"2026-07-03T18:56:16","modified_gmt":"2026-07-03T18:56:16","slug":"kernen-es-war-sehr-schoen-mit-dir-zvw-redaktion-zieht-zurueck-nach-waiblingen-nachrichten-aus-kernen","status":"publish","type":"post","link":"https:\/\/www.europesays.com\/de\/1140577\/","title":{"rendered":"Kernen, es war sehr sch\u00f6n mit dir: ZVW-Redaktion zieht zur\u00fcck nach Waiblingen &#8211; Nachrichten aus Kernen"},"content":{"rendered":"<p><strong>Kernen. <\/strong> Ein kleiner Lkw h\u00e4lt vor der T\u00fcr, die Laderampe f\u00e4hrt herunter. Dann hei\u00dft es T\u00fcr auf, \u00c4rmel hochgekrempelt \u2013 und innerhalb von wenigen Minuten ist nichts mehr zu sehen von der kleinen improvisierten Redaktion, die der Zeitungsverlag Waiblingen  im ehemaligen Fairteiler in der Stettener Stra\u00dfe 5 Anfang Juni 2026 aufgebaut hatte.  Vier Wochen lang waren wir vor Ort, haben K\u00e4lte und Hitze getrotzt und unz\u00e4hlige Gespr\u00e4che gef\u00fchrt. Was bleibt nun?<\/p>\n<p>19 <\/p>\n","protected":false},"excerpt":{"rendered":"Kernen. Ein kleiner Lkw h\u00e4lt vor der T\u00fcr, die Laderampe f\u00e4hrt herunter. Dann hei\u00dft es T\u00fcr auf, \u00c4rmel&hellip;\n","protected":false},"author":2,"featured_media":1140578,"comment_status":"","ping_status":"","sticky":false,"template":"","format":"standard","meta":{"footnotes":"","_share_on_mastodon":"0"},"categories":[1830],"tags":[1634,3364,29,6725,30,14435,231267,68425,54222,14440,231268,1441,191400],"class_list":["post-1140577","post","type-post","status-publish","format-standard","has-post-thumbnail","category-stuttgart","tag-baden-wuerttemberg","tag-de","tag-deutschland","tag-fellbach","tag-germany","tag-kernen","tag-lynn-nagy","tag-pop-up","tag-pop-up-redaktion","tag-rommelshausen","tag-stettener-strasse-5","tag-stuttgart","tag-un_was-gibt-es-neues"],"share_on_mastodon":{"url":"https:\/\/pubeurope.com\/@de\/116857574940139631","error":""},"_links":{"self":[{"href":"https:\/\/www.europesays.com\/de\/wp-json\/wp\/v2\/posts\/1140577","targetHints":{"allow":["GET"]}}],"collection":[{"href":"https:\/\/www.europesays.com\/de\/wp-json\/wp\/v2\/posts"}],"about":[{"href":"https:\/\/www.europesays.com\/de\/wp-json\/wp\/v2\/types\/post"}],"author":[{"embeddable":true,"href":"https:\/\/www.europesays.com\/de\/wp-json\/wp\/v2\/users\/2"}],"replies":[{"embeddable":true,"href":"https:\/\/www.europesays.com\/de\/wp-json\/wp\/v2\/comments?post=1140577"}],"version-history":[{"count":0,"href":"https:\/\/www.europesays.com\/de\/wp-json\/wp\/v2\/posts\/1140577\/revisions"}],"wp:featuredmedia":[{"embeddable":true,"href":"https:\/\/www.europesays.com\/de\/wp-json\/wp\/v2\/media\/1140578"}],"wp:attachment":[{"href":"https:\/\/www.europesays.com\/de\/wp-json\/wp\/v2\/media?parent=1140577"}],"wp:term":[{"taxonomy":"category","embeddable":true,"href":"https:\/\/www.europesays.com\/de\/wp-json\/wp\/v2\/categories?post=1140577"},{"taxonomy":"post_tag","embeddable":true,"href":"https:\/\/www.europesays.com\/de\/wp-json\/wp\/v2\/tags?post=1140577"}],"curies":[{"name":"wp","href":"https:\/\/api.w.org\/{rel}","templated":true}]}}