{"id":1140659,"date":"2026-07-03T19:44:44","date_gmt":"2026-07-03T19:44:44","guid":{"rendered":"https:\/\/www.europesays.com\/de\/1140659\/"},"modified":"2026-07-03T19:44:44","modified_gmt":"2026-07-03T19:44:44","slug":"beliebter-bielefelder-treffpunkt-der-abendmarkt-startet-in-die-neue-saison","status":"publish","type":"post","link":"https:\/\/www.europesays.com\/de\/1140659\/","title":{"rendered":"Beliebter Bielefelder Treffpunkt: Der Abendmarkt startet in die neue Saison"},"content":{"rendered":"<p id=\"absatz1\" class=\"em_text\">Bielefeld. Der Bielefelder Abendmarkt startet in die neue Saison: Vom 9. Juli bis 27. August l\u00e4dt \u201eBielefeld Marketing\u201c an acht Donnerstagabenden auf den Klosterplatz ein. Jeweils von 17 bis 21.30 Uhr gibt es Gastronomie und Live-Musik unter freiem Himmel.<\/p>\n<p id=\"absatz2\" class=\"em_text\">Elf Gastronomiebetriebe aus dem Umfeld des Klosterplatzes beteiligen sich am Abendmarkt. Sie bieten unter anderem Flatbreads, Pizza, Flammkuchen, Grillh\u00e4hnchen, Currywurst sowie s\u00fc\u00dfe und herzhafte Mini-Croissants an. Dazu kommen Weine, Cocktails, hausgebraute Biere, Kaffeespezialit\u00e4ten und alkoholfreie Getr\u00e4nke.<\/p>\n<p id=\"absatz3\"><b class=\"bold\">Lesen Sie auch: <\/b><a href=\"https:\/\/www.nw.de\/lokal\/bielefeld\/mitte\/24135810_Abendmarkt-in-Bielefeld-mit-Live-Musik-und-gutem-Essen-wieder-gestartet-mit-vielen-Fotos.html\" rel=\"nofollow noopener\" target=\"_blank\">Abendmarkt in Bielefeld mit Live-Musik und gutem Essen wieder gestartet \u2013 mit vielen Fotos<\/a><\/p>\n<p id=\"absatz4\" class=\"em_text\">\u201eDer Abendmarkt zeigt, wie lebendig und genussvoll ein Sommerabend in der Bielefelder Innenstadt sein kann\u201c, sagt Jens Kramer, Projektleiter bei \u201eBielefeld Marketing\u201c. Der Klosterplatz werde an diesen Donnerstagen zu einem Ort, \u201ean dem Menschen zusammenkommen, gemeinsam essen, trinken und den Feierabend genie\u00dfen\u201c. F\u00fcr die Musik sorgen K\u00fcnstlerinnen und K\u00fcnstler aus der Region. Das Programm entsteht erneut in Kooperation mit der Rockakademie OWL.<\/p>\n<p>\n        \u00d7\n    <\/p>\n<p>\n            Sie erhalten in wenigen Minuten eine E-Mail zur Best\u00e4tigung Ihrer Anmeldung.\n        <\/p>\n<p>Erst danach ist diese abgeschlossen.<\/p>\n<p>Bitte pr\u00fcfen Sie auch den Spam-Ordner.<\/p>\n<p>\n        \u00d7\n    <\/p>\n<p>\n            Sie haben bisher Ihre E-Mail-Adresse noch nicht best\u00e4tigt.\n        <\/p>\n<p>Erst danach ist diese abgeschlossen.<\/p>\n<p>Bitte pr\u00fcfen Sie auch den Spam-Ordner.<\/p>\n<p>\n        \u00d7\n    <\/p>\n<p>\n            Es ist einen Fehler aufgetreten\n        <\/p>\n<p>Bei Fragen hilft unser Newsletter-Support<\/p>\n<p> Newsletter<\/p>\n<p> Essen &amp; Erleben<\/p>\n<p>Die besten Restaurants, Events und Trends aus Bielefeld.<\/p>\n<p>                Jetzt anmelden<\/p>\n<p>\u201eLoopahead\u201c spielen zum Auftakt<\/p>\n<p class=\"em_text\">Die Konzerte beginnen jeweils um 18.30 Uhr und enden um 21 Uhr. Zum Auftakt am 9. Juli spielt das Duo \u201eLoopahead\u201c. In den Wochen danach stehen unter anderem \u201eWhite Coffee\u201c, \u201eTouch of Sound\u201c, Phil Solo, Marc Pawlowski, die JAC-Band und Andr\u00e9 George auf der B\u00fchne. Weitere Informationen gibt es auf www.bielefeld.jetzt\/abendmarkt. <\/p>\n","protected":false},"excerpt":{"rendered":"Bielefeld. Der Bielefelder Abendmarkt startet in die neue Saison: Vom 9. Juli bis 27. August l\u00e4dt \u201eBielefeld Marketing\u201c&hellip;\n","protected":false},"author":2,"featured_media":1140660,"comment_status":"","ping_status":"","sticky":false,"template":"","format":"standard","meta":{"footnotes":"","_share_on_mastodon":"0"},"categories":[1841],"tags":[102007,1605,103287,3364,29,6763,30,10903,23567,732,1610,16359,1606,198715,736,164252,22425,16362,1209,22059,24887,33603],"class_list":["post-1140659","post","type-post","status-publish","format-standard","has-post-thumbnail","category-bielefeld","tag-abendmarkt","tag-bielefeld","tag-cnt_mittel","tag-de","tag-deutschland","tag-gastronomie","tag-germany","tag-getraenke","tag-klosterplatz","tag-label_frei","tag-label_gastro-shopping","tag-label_inspiriere-mich","tag-label_m-80","tag-meta_artikelklasse_nische","tag-meta_copyrights_nw","tag-meta_eo_zusammenfassung","tag-meta_themen_gastro_kochen_shopping","tag-meta_userneeds_inspirieremich","tag-nordrhein-westfalen","tag-owl","tag-sommerabend","tag-treffpunkt"],"share_on_mastodon":{"url":"https:\/\/pubeurope.com\/@de\/116857763659425441","error":""},"_links":{"self":[{"href":"https:\/\/www.europesays.com\/de\/wp-json\/wp\/v2\/posts\/1140659","targetHints":{"allow":["GET"]}}],"collection":[{"href":"https:\/\/www.europesays.com\/de\/wp-json\/wp\/v2\/posts"}],"about":[{"href":"https:\/\/www.europesays.com\/de\/wp-json\/wp\/v2\/types\/post"}],"author":[{"embeddable":true,"href":"https:\/\/www.europesays.com\/de\/wp-json\/wp\/v2\/users\/2"}],"replies":[{"embeddable":true,"href":"https:\/\/www.europesays.com\/de\/wp-json\/wp\/v2\/comments?post=1140659"}],"version-history":[{"count":0,"href":"https:\/\/www.europesays.com\/de\/wp-json\/wp\/v2\/posts\/1140659\/revisions"}],"wp:featuredmedia":[{"embeddable":true,"href":"https:\/\/www.europesays.com\/de\/wp-json\/wp\/v2\/media\/1140660"}],"wp:attachment":[{"href":"https:\/\/www.europesays.com\/de\/wp-json\/wp\/v2\/media?parent=1140659"}],"wp:term":[{"taxonomy":"category","embeddable":true,"href":"https:\/\/www.europesays.com\/de\/wp-json\/wp\/v2\/categories?post=1140659"},{"taxonomy":"post_tag","embeddable":true,"href":"https:\/\/www.europesays.com\/de\/wp-json\/wp\/v2\/tags?post=1140659"}],"curies":[{"name":"wp","href":"https:\/\/api.w.org\/{rel}","templated":true}]}}