{"id":1140674,"date":"2026-07-03T19:55:19","date_gmt":"2026-07-03T19:55:19","guid":{"rendered":"https:\/\/www.europesays.com\/de\/1140674\/"},"modified":"2026-07-03T19:55:19","modified_gmt":"2026-07-03T19:55:19","slug":"tour-de-france-innenminister-kuendigt-moegliche-absage-einzelner-etappen-an","status":"publish","type":"post","link":"https:\/\/www.europesays.com\/de\/1140674\/","title":{"rendered":"Tour de France: Innenminister k\u00fcndigt m\u00f6gliche Absage einzelner Etappen an"},"content":{"rendered":"<p class=\"is-first-paragraph\" data-external=\"Article.FirstParagraph\">Angesichts einer bevorstehenden erneuten Hitzewelle in Frankreich kann es aus Sicht des franz\u00f6sischen Innenministeriums zu Einschr\u00e4nkungen bei der Tour de France bis hin zu Absagen einzelner Etappen bei extremen Temperaturen kommen.<\/p>\n<p>\u201eIn Ausnahmef\u00e4llen und in Absprache mit dem Veranstalter und allen Beteiligten k\u00f6nnen Sie beschlie\u00dfen, eine Etappe abzusagen, wenn die gesundheitlichen oder operativen Bedingungen es nicht mehr erm\u00f6glichen, gleichzeitig die Sicherheit der Zuschauer und des eingesetzten Personals sowie die Aufrechterhaltung der Notfallversorgung der Bev\u00f6lkerung zu gew\u00e4hrleisten\u201c, hei\u00dft es in einem Schreiben von <a class=\"is-link c-block-items__link c-link--rich-text-renderer\" href=\"https:\/\/www.welt.de\/themen\/frankreich\/\" data-internal-tracking-enabled=\"true\" data-internal-tracking=\"{&quot;action&quot;:&quot;click&quot;,&quot;label&quot;:&quot;link&quot;,&quot;name&quot;:&quot;Inline Element&quot;,&quot;data&quot;:{&quot;source&quot;:&quot;&quot;,&quot;target&quot;:&quot;https:\/\/www.welt.de\/themen\/frankreich\/&quot;,&quot;trackingName&quot;:&quot;&quot;,&quot;trackingLabel&quot;:&quot;&quot;}}\" rel=\"nofollow noopener\" target=\"_blank\">Frankreichs<\/a> Innenminister Laurent Nu\u00f1ez an die Pr\u00e4fekten der Departements an der Route der <a class=\"is-link c-block-items__link c-link--rich-text-renderer\" href=\"https:\/\/www.welt.de\/themen\/tour-de-france\/\" data-internal-tracking-enabled=\"true\" data-internal-tracking=\"{&quot;action&quot;:&quot;click&quot;,&quot;label&quot;:&quot;link&quot;,&quot;name&quot;:&quot;Inline Element&quot;,&quot;data&quot;:{&quot;source&quot;:&quot;&quot;,&quot;target&quot;:&quot;https:\/\/www.welt.de\/themen\/tour-de-france\/&quot;,&quot;trackingName&quot;:&quot;&quot;,&quot;trackingLabel&quot;:&quot;&quot;}}\" rel=\"nofollow noopener\" target=\"_blank\">Tour de France<\/a>, die am Samstag in <a class=\"is-link c-block-items__link c-link--rich-text-renderer\" href=\"https:\/\/www.welt.de\/themen\/barcelona\/\" data-internal-tracking-enabled=\"true\" data-internal-tracking=\"{&quot;action&quot;:&quot;click&quot;,&quot;label&quot;:&quot;link&quot;,&quot;name&quot;:&quot;Inline Element&quot;,&quot;data&quot;:{&quot;source&quot;:&quot;&quot;,&quot;target&quot;:&quot;https:\/\/www.welt.de\/themen\/barcelona\/&quot;,&quot;trackingName&quot;:&quot;&quot;,&quot;trackingLabel&quot;:&quot;&quot;}}\" rel=\"nofollow noopener\" target=\"_blank\">Barcelona<\/a> startet.<\/p>\n<p>Nach den Erfahrungen mit der au\u00dfergew\u00f6hnlichen Hitzewelle, die Frankreich gerade erlebt habe, gehe es darum, eine \u00dcberlastung der Kliniken und des Gesundheitswesens zu verhindern, erkl\u00e4rte der Innenminister in dem Schreiben, aus dem franz\u00f6sische Medien zitierten. In der zweiten Junih\u00e4lfte war Frankreich von einer massiven Hitzewelle mit den h\u00f6chsten landesweiten Temperaturen seit Start der Wetteraufzeichnungen 1947 getroffen worden. Rund 2.000 Menschen kamen nach vorl\u00e4ufigen Berechnungen durch die hohen Temperaturen ums Leben.<\/p>\n<p>Gesundheit der Zuschauer und Fahrer geht vor<\/p>\n<p>Falls f\u00fcr Departements, durch die die Tour mit erwarteten zehn Millionen Zuschauern f\u00fchrt, die h\u00f6chste Hitzewarnstufe rot ausgerufen werde, k\u00fcndigte der Innenminister Ma\u00dfnahmen an. Diese k\u00f6nnten von Pr\u00e4ventionsaufrufen \u00fcber die Schlie\u00dfung bestimmter \u00f6ffentlicher Bereiche bis hin zur Aufstockung der medizinischen Hilfskr\u00e4fte und Rettungskr\u00e4fte entlang der Strecke reichen. Allerdings k\u00f6nne es auch zur Anpassung der Route der Tour und im Ausnahmefall auch zur Absage einer Etappe kommen. <\/p>\n<p>Tour-Chef Christian Prudhomme reagierte gelassen auf die Ank\u00fcndigung des Innenministers. Zum Wohle der Bev\u00f6lkerung k\u00f6nnten die \u00f6rtlichen Verantwortlichen schon immer Regelungen erlassen, es gehe um den gesunden Menschenverstand, sagte Prudhomme der Zeitung \u201eL&#8217;\u00c9quipe\u201c. Die Organisatoren selbst w\u00fcrden auch dieses Jahr wieder Kopfbedeckungen und Getr\u00e4nke an die Zuschauer verteilen.<\/p>\n","protected":false},"excerpt":{"rendered":"Angesichts einer bevorstehenden erneuten Hitzewelle in Frankreich kann es aus Sicht des franz\u00f6sischen Innenministeriums zu Einschr\u00e4nkungen bei der&hellip;\n","protected":false},"author":2,"featured_media":1140675,"comment_status":"","ping_status":"","sticky":false,"template":"","format":"standard","meta":{"footnotes":"","_share_on_mastodon":"0"},"categories":[3974],"tags":[331,332,18782,548,663,3934,3980,156,13,14,15,112008,9408,12,45,34902],"class_list":["post-1140674","post","type-post","status-publish","format-standard","has-post-thumbnail","category-frankreich","tag-aktuelle-nachrichten","tag-aktuelle-news","tag-christian","tag-eu","tag-europa","tag-europe","tag-france","tag-frankreich","tag-headlines","tag-nachrichten","tag-news","tag-prudhomme","tag-radsport","tag-schlagzeilen","tag-texttospeech","tag-tour-de-france"],"share_on_mastodon":{"url":"https:\/\/pubeurope.com\/@de\/116857807313944433","error":""},"_links":{"self":[{"href":"https:\/\/www.europesays.com\/de\/wp-json\/wp\/v2\/posts\/1140674","targetHints":{"allow":["GET"]}}],"collection":[{"href":"https:\/\/www.europesays.com\/de\/wp-json\/wp\/v2\/posts"}],"about":[{"href":"https:\/\/www.europesays.com\/de\/wp-json\/wp\/v2\/types\/post"}],"author":[{"embeddable":true,"href":"https:\/\/www.europesays.com\/de\/wp-json\/wp\/v2\/users\/2"}],"replies":[{"embeddable":true,"href":"https:\/\/www.europesays.com\/de\/wp-json\/wp\/v2\/comments?post=1140674"}],"version-history":[{"count":0,"href":"https:\/\/www.europesays.com\/de\/wp-json\/wp\/v2\/posts\/1140674\/revisions"}],"wp:featuredmedia":[{"embeddable":true,"href":"https:\/\/www.europesays.com\/de\/wp-json\/wp\/v2\/media\/1140675"}],"wp:attachment":[{"href":"https:\/\/www.europesays.com\/de\/wp-json\/wp\/v2\/media?parent=1140674"}],"wp:term":[{"taxonomy":"category","embeddable":true,"href":"https:\/\/www.europesays.com\/de\/wp-json\/wp\/v2\/categories?post=1140674"},{"taxonomy":"post_tag","embeddable":true,"href":"https:\/\/www.europesays.com\/de\/wp-json\/wp\/v2\/tags?post=1140674"}],"curies":[{"name":"wp","href":"https:\/\/api.w.org\/{rel}","templated":true}]}}