{"id":1140681,"date":"2026-07-03T20:00:11","date_gmt":"2026-07-03T20:00:11","guid":{"rendered":"https:\/\/www.europesays.com\/de\/1140681\/"},"modified":"2026-07-03T20:00:11","modified_gmt":"2026-07-03T20:00:11","slug":"tennis-struff-besiegt-medwedew-und-steht-erstmals-im-wimbledon-achtelfinale","status":"publish","type":"post","link":"https:\/\/www.europesays.com\/de\/1140681\/","title":{"rendered":"Tennis: Struff besiegt Medwedew und steht erstmals im Wimbledon-Achtelfinale"},"content":{"rendered":"<p class=\"paragraph article__item\">Jan-Lennard Struff hat f\u00fcr eine \u00dcberraschung in <a class=\"rtr-entity\" href=\"https:\/\/www.zeit.de\/thema\/wimbledon\" rel=\"nofollow noopener\" target=\"_blank\">Wimbledon<\/a> gesorgt und erstmals das Achtelfinale des Grand-Slam-Turniers erreicht. Der Deutsche gewann mit 7:6 (7:4), 7:6 (7:5), 7:5 gegen den fr\u00fcheren russischen Weltranglistenersten Daniil Medwedew, gegen den er vor zwei Jahren im All England Club noch in der dritten Runde gescheitert war.\n<\/p>\n<p class=\"paragraph article__item\"><a href=\"https:\/\/www.zeit.de\/sport\/2026-06\/alexander-zverev-wimbledon-tennis-2-runde\" target=\"_blank\" rel=\"nofollow noopener\">Im zehnten Duell auf Tourlevel<\/a> holte Struff seinen zweiten Sieg gegen den US-Open-Sieger von 2021. Zuletzt hatte er sich vor f\u00fcnf Jahren beim Heimspiel in Halle\/Westfalen gegen den Viertelfinalisten des Vorjahres durchgesetzt. Es war Struffs erster Erfolg in Wimbledon gegen einen Top-Ten-Spieler. Im Achtelfinale trifft der 36-J\u00e4hrige auf den US-Amerikaner Tommy Paul oder auf Hubert Hurkacz aus Polen.\n<\/p>\n<p class=\"paragraph article__item\">Struff hatte bereits zum f\u00fcnften Mal <a href=\"https:\/\/www.zeit.de\/sport\/2026-06\/wimbledon-tennis-profis-fordern-mehr-preisgeld\" target=\"_blank\" rel=\"nofollow noopener\">die dritte Runde von Wimbledon erreicht<\/a>. Nach seiner Niederlage 2024 gegen Medwedew war er im vergangenen Jahr am spanischen Star Carlos Alcaraz gescheitert, der dieses Jahr wegen einer Verletzung nicht am Turnier teilnimmt. Struff erreichte als 20. deutscher Tennisspieler in der Open Era das Achtelfinale im M\u00e4nner-Einzel von Wimbledon.\n<\/p>\n<p>            Struff holt mehrere R\u00fcckst\u00e4nde auf            <\/p>\n<p class=\"paragraph article__item\">Nur einen Tag nach Struffs Sieg gegen den US-Amerikaner Brandon Nakashima, bei dem der Deutsche 45 Asse serviert hatte, ging es f\u00fcr ihn auf Court 3 weiter. Struff arbeitete sich mehrfach aus schwierigen Situationen heraus, holte immer wieder R\u00fcckst\u00e4nde in den S\u00e4tzen auf und behielt in den engen Momenten die Nerven gegen den favorisierten Medwedew. \u00bbZum ersten Mal im Achtelfinale von Wimbledon, ich bin sehr gl\u00fccklich und stolz\u00ab, sagte Struff<br \/>\n nach seinem Sieg. \u00bbEs ist unglaublich. Tennis ist<br \/>\nmanchmal ein harter Sport. Die wichtigste Sache ist, dass man nicht<br \/>\naufgibt.\u00ab\n<\/p>\n<p class=\"paragraph article__item\">Am Samstag will auch <a href=\"https:\/\/www.zeit.de\/sport\/2026-07\/alexander-zverev-wimbledon-tennis-achtelfinale\" target=\"_blank\" rel=\"nofollow noopener\">French-Open-Sieger<br \/>\nAlexander Zverev<\/a> in die Runde der letzten 16 einziehen. Der Hamburger spielt gegen Marcos Giron aus den USA.\n<\/p>\n<p>Mehr zum Thema<\/p>\n<p>                <a href=\"https:\/\/www.zeit.de\/sport\/2026-07\/serena-williams-wimbledon-tennis-comeback-niederlage\" data-ct-label=\"Serena Williams: Raus mit Applaus\" data-uuid=\"ce56782f-7e2b-46e8-bab3-0b135bbd28d1\" rel=\"nofollow noopener\" target=\"_blank\"><\/p>\n<p>        Z+ (abopflichtiger Inhalt);<\/p>\n<p>    Serena Williams:<br \/>\n                        Raus mit Applaus<\/p>\n<p>                <\/a><\/p>\n<p>                <a href=\"https:\/\/www.zeit.de\/2026\/28\/elina-switolina-tennis-ukraine-krieg-russland-belarus\" data-ct-label=\"Elina Switolina: \u00bbIch habe den Krieg immer im Kopf\u00ab\" data-uuid=\"ad8fed4a-ec95-44da-a1c0-97631638e082\" rel=\"nofollow noopener\" target=\"_blank\"><\/p>\n<p>        Z+ (abopflichtiger Inhalt);<\/p>\n<p>    Elina Switolina:<br \/>\n                        \u00bbIch habe den Krieg immer im Kopf\u00ab<\/p>\n<p>                <\/a><\/p>\n<p>                <a href=\"https:\/\/www.zeit.de\/sport\/2026-06\/serena-williams-tennis-profisport-alter-comeback\" data-ct-label=\"Serena Williams: Sie hat noch nicht genug\" data-uuid=\"29544947-b6f6-4bbd-9111-d0717edddf14\" rel=\"nofollow noopener\" target=\"_blank\"><\/p>\n<p>                        Serena Williams:<br \/>\n                        Sie hat noch nicht genug<\/p>\n<p>                <\/a><\/p>\n","protected":false},"excerpt":{"rendered":"Jan-Lennard Struff hat f\u00fcr eine \u00dcberraschung in Wimbledon gesorgt und erstmals das Achtelfinale des Grand-Slam-Turniers erreicht. Der Deutsche&hellip;\n","protected":false},"author":2,"featured_media":1140682,"comment_status":"","ping_status":"","sticky":false,"template":"","format":"standard","meta":{"footnotes":"","_share_on_mastodon":"0"},"categories":[5],"tags":[331,332,101268,3364,29,30,13,59465,14,15,12,265,4206,64177,59644],"class_list":["post-1140681","post","type-post","status-publish","format-standard","has-post-thumbnail","category-nachrichten","tag-aktuelle-nachrichten","tag-aktuelle-news","tag-daniil-medwedew","tag-de","tag-deutschland","tag-germany","tag-headlines","tag-jan-lennard-struff","tag-nachrichten","tag-news","tag-schlagzeilen","tag-sport","tag-tennis","tag-us-open","tag-wimbledon"],"share_on_mastodon":{"url":"","error":""},"_links":{"self":[{"href":"https:\/\/www.europesays.com\/de\/wp-json\/wp\/v2\/posts\/1140681","targetHints":{"allow":["GET"]}}],"collection":[{"href":"https:\/\/www.europesays.com\/de\/wp-json\/wp\/v2\/posts"}],"about":[{"href":"https:\/\/www.europesays.com\/de\/wp-json\/wp\/v2\/types\/post"}],"author":[{"embeddable":true,"href":"https:\/\/www.europesays.com\/de\/wp-json\/wp\/v2\/users\/2"}],"replies":[{"embeddable":true,"href":"https:\/\/www.europesays.com\/de\/wp-json\/wp\/v2\/comments?post=1140681"}],"version-history":[{"count":0,"href":"https:\/\/www.europesays.com\/de\/wp-json\/wp\/v2\/posts\/1140681\/revisions"}],"wp:featuredmedia":[{"embeddable":true,"href":"https:\/\/www.europesays.com\/de\/wp-json\/wp\/v2\/media\/1140682"}],"wp:attachment":[{"href":"https:\/\/www.europesays.com\/de\/wp-json\/wp\/v2\/media?parent=1140681"}],"wp:term":[{"taxonomy":"category","embeddable":true,"href":"https:\/\/www.europesays.com\/de\/wp-json\/wp\/v2\/categories?post=1140681"},{"taxonomy":"post_tag","embeddable":true,"href":"https:\/\/www.europesays.com\/de\/wp-json\/wp\/v2\/tags?post=1140681"}],"curies":[{"name":"wp","href":"https:\/\/api.w.org\/{rel}","templated":true}]}}