{"id":1141029,"date":"2026-07-03T23:28:18","date_gmt":"2026-07-03T23:28:18","guid":{"rendered":"https:\/\/www.europesays.com\/de\/1141029\/"},"modified":"2026-07-03T23:28:18","modified_gmt":"2026-07-03T23:28:18","slug":"jetzt-anmelden-ausbildung-ehrenamtlicher-in-seelsorge-ab-september-in-der-koelner-suedstadt","status":"publish","type":"post","link":"https:\/\/www.europesays.com\/de\/1141029\/","title":{"rendered":"Jetzt anmelden: Ausbildung Ehrenamtlicher in Seelsorge ab September in der K\u00f6lner S\u00fcdstadt"},"content":{"rendered":"<p>\t<a href=\"https:\/\/www.kirche-koeln.de\/jetzt-anmelden-ausbildung-ehrenamtlicher-in-seelsorge-im-september-in-der-koelner-suedstadt\/?print=pdf\" class=\"pdfprnt-button pdfprnt-button-pdf\" target=\"_blank\" rel=\"nofollow noopener\"><img decoding=\"async\" src=\"https:\/\/www.europesays.com\/de\/wp-content\/uploads\/2026\/07\/1783121297_528_pdf.png\" alt=\"image_pdf\" title=\"View PDF\"\/><\/a><a href=\"https:\/\/www.kirche-koeln.de\/jetzt-anmelden-ausbildung-ehrenamtlicher-in-seelsorge-im-september-in-der-koelner-suedstadt\/?print=print\" class=\"pdfprnt-button pdfprnt-button-print\" target=\"_blank\" rel=\"nofollow noopener\"><img decoding=\"async\" src=\"https:\/\/www.europesays.com\/de\/wp-content\/uploads\/2026\/07\/1783121298_782_print.png\" alt=\"image_print\" title=\"Print Content\"\/><\/a><\/p>\n<p>Wer andere Menschen in schwierigen Lebensphasen begleiten m\u00f6chte, kann sich noch f\u00fcr den Seelsorge-<a href=\"https:\/\/www.kirche-koeln.de\/wp-content\/uploads\/2026\/07\/20260630104656-4.pdf\" rel=\"nofollow noopener\" target=\"_blank\">Ausbildungskurs<\/a> anmelden, der im September in der K\u00f6lner S\u00fcdstadt beginnt. Die Ausbildung des Evangelischen Kirchenverbands K\u00f6ln und Region umfasst 150 Unterrichtsstunden und qualifiziert Ehrenamtliche f\u00fcr verschiedene Seelsorgefelder \u2013 etwa in Krankenh\u00e4usern, Altenheimen, Gef\u00e4ngnissen oder in der Gemeindeseelsorge.<\/p>\n<p>Den Einstieg bildet eine Basisausbildung mit 110 Unterrichtsstunden, gefolgt von einem Spezialisierungsmodul. Die Gruppe trifft sich an Abenden und Wochenenden \u00fcber rund ein Jahr. Vorausgesetzt werden Offenheit, Einf\u00fchlungsverm\u00f6gen und die Bereitschaft, sich mit rund 15 Stunden pro Monat zu engagieren.<\/p>\n<p>\u201eEs ist gro\u00dfartig, dass sich immer wieder Menschen entscheiden, ehrenamtlich in der Seelsorge t\u00e4tig zu sein. Der Bedarf daf\u00fcr ist da. Und wir erleben, wie gut es Menschen in schwierigen Lebenssituation tut, dass Seelsorgende da sind und empathisch das Schwere mit aushalten\u201c, sagt Pfarrerin Dr. Dorit Felsch.<\/p>\n<p>Die Ausbildung ist kostenlos; im Gegenzug verpflichten sich die Teilnehmenden, nach dem Abschluss mindestens drei Jahre in einem K\u00f6lner Seelsorgefeld mitzuarbeiten. Geleitet wird die Ausbildung von Pfarrerin Dr. Dorit Felsch (Trauerbegleiterin) sowie Pfarrerin Dr. Dorothea Ugi (Systemische Beraterin i.A.).<\/p>\n<p>T\u00e4tigkeitsfelder:<\/p>\n<ul data-start=\"411\" data-end=\"730\">\n<li data-section-id=\"1xbfz9g\" data-start=\"411\" data-end=\"446\">Evangelische Krankenhausseelsorge<\/li>\n<li data-section-id=\"1omh2x2\" data-start=\"447\" data-end=\"480\">Evangelische Altenheimseelsorge<\/li>\n<li data-section-id=\"ut8om8\" data-start=\"481\" data-end=\"514\">Evangelische Gef\u00e4ngnisseelsorge<\/li>\n<li data-section-id=\"4rzxe0\" data-start=\"515\" data-end=\"549\">Evangelische Geh\u00f6rlosenseelsorge<\/li>\n<li data-section-id=\"130dj7m\" data-start=\"550\" data-end=\"629\">Seelsorge innerhalb einer evangelischen Kirchengemeinde (z. B. Besuchsdienst)<\/li>\n<li data-section-id=\"1dpis8n\" data-start=\"630\" data-end=\"661\">Evangelische Pop-Up-Seelsorge<\/li>\n<li data-section-id=\"17aha6\" data-start=\"662\" data-end=\"693\">Queere Peer-to-Peer-Seelsorge<\/li>\n<li data-section-id=\"17erccd\" data-start=\"694\" data-end=\"730\">Evangelische TelefonSeelsorge K\u00f6ln<\/li>\n<\/ul>\n<p>Inhalte der Ausbildung<\/p>\n<ul data-start=\"1390\" data-end=\"2170\">\n<li data-section-id=\"1ifokae\" data-start=\"1390\" data-end=\"1433\">St\u00e4rkung der Selbst- und Fremdwahrnehmung<\/li>\n<li data-section-id=\"6p6rkw\" data-start=\"1434\" data-end=\"1484\">F\u00f6rderung von Beziehungs- und Gespr\u00e4chskompetenz<\/li>\n<li data-section-id=\"1x0893o\" data-start=\"1485\" data-end=\"1527\">Ein\u00fcbung seelsorglicher Gespr\u00e4chsf\u00fchrung<\/li>\n<li data-section-id=\"9ofb0e\" data-start=\"1528\" data-end=\"1613\">Schulung eines personzentrierten, realit\u00e4tsbezogenen, achtsamen Gespr\u00e4chsverhaltens<\/li>\n<li data-section-id=\"ociaa\" data-start=\"1614\" data-end=\"1668\">Respekt vor der Person und Biografie der*des Anderen<\/li>\n<li data-section-id=\"137iyv\" data-start=\"1669\" data-end=\"1729\">Wahrnehmung und Respektieren der eigenen Belastungsgrenzen<\/li>\n<li data-section-id=\"bybp2c\" data-start=\"1730\" data-end=\"1814\">Wahrnehmung und Wertsch\u00e4tzung der Eigenkompetenz und der Ressourcen des Gegen\u00fcbers<\/li>\n<li data-section-id=\"xymi9r\" data-start=\"1815\" data-end=\"1884\">Bewusste Auseinandersetzung mit eigenen Wert- und Glaubenshaltungen<\/li>\n<li data-section-id=\"11ml70g\" data-start=\"1885\" data-end=\"2027\">Umgang mit seelsorglichen Themen wie Beziehungskonflikte, Einsamkeit, Krisen, Suizidalit\u00e4t, Tod und Trauer, religi\u00f6se und spirituelle Fragen<\/li>\n<li data-section-id=\"1y5kei1\" data-start=\"2028\" data-end=\"2170\">Die Ausbildungskonzepte orientieren sich u. a. an gespr\u00e4chstherapeutischen, personzentrierten und systemisch-ressourcenorientierten Ans\u00e4tzen<\/li>\n<\/ul>\n<p>Das sollten Sie mitbringen<\/p>\n<ul data-start=\"2203\" data-end=\"2599\">\n<li data-section-id=\"10vcwdj\" data-start=\"2203\" data-end=\"2254\">Offenheit, Lebenserfahrung, Interesse an Menschen<\/li>\n<li data-section-id=\"96l723\" data-start=\"2255\" data-end=\"2289\">Einf\u00fchlungsverm\u00f6gen und Empathie<\/li>\n<li data-section-id=\"kqz0ua\" data-start=\"2290\" data-end=\"2316\">Psychische Belastbarkeit<\/li>\n<li data-section-id=\"1xij4uk\" data-start=\"2317\" data-end=\"2398\">Bereitschaft, sich mit sich selbst und Ihren eigenen Krisen auseinanderzusetzen<\/li>\n<li data-section-id=\"1j2a3rt\" data-start=\"2399\" data-end=\"2454\">Lust, Neues zu lernen und Ihren Horizont zu erweitern<\/li>\n<li data-section-id=\"ise4nj\" data-start=\"2455\" data-end=\"2511\">Identifikation mit den Werten der evangelischen Kirche<\/li>\n<li data-section-id=\"vk6pn3\" data-start=\"2512\" data-end=\"2599\">Zeit, verbindlich ca. 15 Stunden pro Monat in die ehrenamtliche Arbeit zu investieren<\/li>\n<\/ul>\n<p>Anmeldung und Fragen per E-Mail an <a href=\"mailto:seelsorge-ausbildung.kirche-koeln@ekir.de\">seelsorge-ausbildung.kirche-koeln@ekir.de<\/a>. Weitere Informationen finden Sie hier:<\/p>\n<p><a href=\"http:\/\/www.lebenswege-begleiten.koeln\" rel=\"nofollow noopener\" target=\"_blank\">www.lebenswege-begleiten.koeln<\/a><\/p>\n<p><a href=\"https:\/\/www.kirche-koeln.de\/jetzt-anmelden-ausbildung-ehrenamtlicher-in-seelsorge-im-september-in-der-koelner-suedstadt\/?print=pdf\" class=\"pdfprnt-button pdfprnt-button-pdf\" target=\"_blank\" rel=\"nofollow noopener\"><img decoding=\"async\" src=\"https:\/\/www.europesays.com\/de\/wp-content\/uploads\/2026\/07\/1783121297_528_pdf.png\" alt=\"image_pdf\" title=\"View PDF\"\/><\/a><a href=\"https:\/\/www.kirche-koeln.de\/jetzt-anmelden-ausbildung-ehrenamtlicher-in-seelsorge-im-september-in-der-koelner-suedstadt\/?print=print\" class=\"pdfprnt-button pdfprnt-button-print\" target=\"_blank\" rel=\"nofollow noopener\"><img decoding=\"async\" src=\"https:\/\/www.europesays.com\/de\/wp-content\/uploads\/2026\/07\/1783121298_782_print.png\" alt=\"image_print\" title=\"Print Content\"\/><\/a><\/p>\n<p>Text: APK<br \/>Foto(s): APK\/Canva<\/p>\n","protected":false},"excerpt":{"rendered":"Wer andere Menschen in schwierigen Lebensphasen begleiten m\u00f6chte, kann sich noch f\u00fcr den Seelsorge-Ausbildungskurs anmelden, der im September&hellip;\n","protected":false},"author":2,"featured_media":1141030,"comment_status":"","ping_status":"","sticky":false,"template":"","format":"standard","meta":{"footnotes":"","_share_on_mastodon":"0"},"categories":[1828],"tags":[205190,240044,240045,139403,29,5393,40411,9526,136053,240046,30,23489,1420,240047,186399,240048,173071,1209,109631,240049,38698,240050,240051,106584],"class_list":["post-1141029","post","type-post","status-publish","format-standard","has-post-thumbnail","category-koeln","tag-altenheimseelsorge","tag-ausbildung-ehrenamt","tag-ausbildung-seelsorge","tag-begleitung-in-krisen","tag-deutschland","tag-ehrenamt","tag-ehrenamtliche","tag-evangelischer-kirchenverband-koeln-und-region","tag-gefaengnisseelsorge","tag-gemeindeseelsorge","tag-germany","tag-kirche-koeln","tag-koeln","tag-koelner-suedstadt","tag-krankenhausseelsorge","tag-leben-begleiten-de","tag-lebensbegleitung","tag-nordrhein-westfalen","tag-pfarrerin-dr-dorit-felsch","tag-pfarrerin-dr-dorothea-ugi","tag-seelsorge","tag-seelsorge-ausbildung","tag-systemische-beratung","tag-trauerbegleitung"],"share_on_mastodon":{"url":"","error":"Validation failed: Text character limit of 500 exceeded"},"_links":{"self":[{"href":"https:\/\/www.europesays.com\/de\/wp-json\/wp\/v2\/posts\/1141029","targetHints":{"allow":["GET"]}}],"collection":[{"href":"https:\/\/www.europesays.com\/de\/wp-json\/wp\/v2\/posts"}],"about":[{"href":"https:\/\/www.europesays.com\/de\/wp-json\/wp\/v2\/types\/post"}],"author":[{"embeddable":true,"href":"https:\/\/www.europesays.com\/de\/wp-json\/wp\/v2\/users\/2"}],"replies":[{"embeddable":true,"href":"https:\/\/www.europesays.com\/de\/wp-json\/wp\/v2\/comments?post=1141029"}],"version-history":[{"count":0,"href":"https:\/\/www.europesays.com\/de\/wp-json\/wp\/v2\/posts\/1141029\/revisions"}],"wp:featuredmedia":[{"embeddable":true,"href":"https:\/\/www.europesays.com\/de\/wp-json\/wp\/v2\/media\/1141030"}],"wp:attachment":[{"href":"https:\/\/www.europesays.com\/de\/wp-json\/wp\/v2\/media?parent=1141029"}],"wp:term":[{"taxonomy":"category","embeddable":true,"href":"https:\/\/www.europesays.com\/de\/wp-json\/wp\/v2\/categories?post=1141029"},{"taxonomy":"post_tag","embeddable":true,"href":"https:\/\/www.europesays.com\/de\/wp-json\/wp\/v2\/tags?post=1141029"}],"curies":[{"name":"wp","href":"https:\/\/api.w.org\/{rel}","templated":true}]}}