{"id":1141035,"date":"2026-07-03T23:31:26","date_gmt":"2026-07-03T23:31:26","guid":{"rendered":"https:\/\/www.europesays.com\/de\/1141035\/"},"modified":"2026-07-03T23:31:26","modified_gmt":"2026-07-03T23:31:26","slug":"golfer-schmid-spielt-sich-in-muenchen-richtung-spitze-2","status":"publish","type":"post","link":"https:\/\/www.europesays.com\/de\/1141035\/","title":{"rendered":"Golfer Schmid spielt sich in M\u00fcnchen Richtung Spitze"},"content":{"rendered":"<p>Deutschlands bester Golfer Matti Schmid verbessert sich beim Heimturnier zur Halbzeit auf den geteilten neunten Platz. Ein junger deutscher Amateur mischt das Profi-Feld m\u00e4chtig auf.<\/p>\n<p><a href=\"https:\/\/www.onetz.de\/f\/ic\/ga-large\/articlemedia\/2026\/07\/03\/a3f8c211-a973-4532-99fe-2292bf50aa83.jpg\" class=\"ps-item\" data-psg=\"5425009\" data-size=\"960x660\" data-caption=\"&lt;div&gt;Bild: Sven Hoppe\/dpa&lt;\/div&gt;Zeigte sein K\u00f6nnen am zweiten Turniertag: Matti Schmid.\" rel=\"nofollow noopener\" target=\"_blank\"><img src=\"https:\/\/www.europesays.com\/de\/wp-content\/uploads\/2026\/07\/a3f8c211-a973-4532-99fe-2292bf50aa83.jpg\" alt=\"Zeigte sein K\u00f6nnen am zweiten Turniertag: Matti Schmid. Bild: Sven Hoppe\/dpa\" title=\"\" width=\"960\" height=\"540\" loading=\"lazy\" decoding=\"async\" class=\"img-responsive\"\/><\/a><\/p>\n<p>Zeigte sein K\u00f6nnen am zweiten Turniertag: Matti Schmid.<\/p>\n<p>Bild: Sven Hoppe\/dpa<\/p>\n<p><a href=\"https:\/\/www.onetz.de\/f\/ic\/ga-large\/articlemedia\/2026\/07\/03\/afe48a1b-7cc4-490e-a653-a86b8b693793.jpg\" class=\"ps-item\" data-psg=\"5425009\" data-size=\"960x705\" data-caption=\"&lt;div&gt;Bild: Sven Hoppe\/dpa&lt;\/div&gt;Der fr\u00fchere Sieger Martin Kaymer ist beim Turnier in M\u00fcnchen bereits ausgeschieden.\" rel=\"nofollow noopener\" target=\"_blank\"><img src=\"https:\/\/www.europesays.com\/de\/wp-content\/uploads\/2026\/07\/afe48a1b-7cc4-490e-a653-a86b8b693793.jpg\" alt=\"Der fr\u00fchere Sieger Martin Kaymer ist beim Turnier in M\u00fcnchen bereits ausgeschieden. Bild: Sven Hoppe\/dpa\" title=\"\" width=\"960\" height=\"540\" loading=\"lazy\" decoding=\"async\" class=\"img-responsive\"\/><\/a><\/p>\n<p>Der fr\u00fchere Sieger Martin Kaymer ist beim Turnier in M\u00fcnchen bereits ausgeschieden.<\/p>\n<p>Bild: Sven Hoppe\/dpa<\/p>\n<p>Deutschlands Topgolfer Matti Schmid kommt beim Heimturnier in M\u00fcnchen immer besser in Schwung. Der 28 Jahre alte Regensburger liegt nach zwei Runden zur Halbzeit mit insgesamt 136 Schl\u00e4gen auf dem geteilten neunten Platz. An der Spitze des DP-World-Tour-Events auf der Anlage in Eichenried steht weiter der S\u00fcdafrikaner Hennie du Plessis mit nun 133 Schl\u00e4gen.<\/p>\n<p>DP-World-Tour-Deb\u00fctant Finn K\u00f6lle spielt weiterhin ein starkes Turnier vor den Toren M\u00fcnchens. Der 21 Jahre alte Amateur rangiert mit 137 Schl\u00e4gen auf dem geteilten 19. Platz. Ausgeschieden ist dagegen Martin Kaymer. Die ehemalige Nummer eins der Welt scheiterte mit 147 Schl\u00e4gen klar am Cut. Der 41-J\u00e4hrige gewann 2008 als bisher einziger deutscher Golfer die BMW International Open im Norden der bayerischen Landeshauptstadt.\u00a0<\/p>\n<p>In diesem Jahr gibt es erstmalig drei Millionen US-Dollar Gesamtpreisgeld (2,63 Millionen Euro) zu gewinnen, davon 510.000 US-Dollar (448.000 Euro) f\u00fcr den Sieger.<\/p>\n<p>\u00a9 dpa-infocom, dpa:260703-930-331028\/1<\/p>\n","protected":false},"excerpt":{"rendered":"Deutschlands bester Golfer Matti Schmid verbessert sich beim Heimturnier zur Halbzeit auf den geteilten neunten Platz. Ein junger&hellip;\n","protected":false},"author":2,"featured_media":1141036,"comment_status":"","ping_status":"","sticky":false,"template":"","format":"standard","meta":{"footnotes":"","_share_on_mastodon":"0"},"categories":[1827],"tags":[772,29,7488,30,12639,1268,7489,265],"class_list":["post-1141035","post","type-post","status-publish","format-standard","has-post-thumbnail","category-muenchen","tag-bayern","tag-deutschland","tag-dpa","tag-germany","tag-golf","tag-muenchen","tag-region-bayern","tag-sport"],"share_on_mastodon":{"url":"https:\/\/pubeurope.com\/@de\/116858657842382994","error":""},"_links":{"self":[{"href":"https:\/\/www.europesays.com\/de\/wp-json\/wp\/v2\/posts\/1141035","targetHints":{"allow":["GET"]}}],"collection":[{"href":"https:\/\/www.europesays.com\/de\/wp-json\/wp\/v2\/posts"}],"about":[{"href":"https:\/\/www.europesays.com\/de\/wp-json\/wp\/v2\/types\/post"}],"author":[{"embeddable":true,"href":"https:\/\/www.europesays.com\/de\/wp-json\/wp\/v2\/users\/2"}],"replies":[{"embeddable":true,"href":"https:\/\/www.europesays.com\/de\/wp-json\/wp\/v2\/comments?post=1141035"}],"version-history":[{"count":0,"href":"https:\/\/www.europesays.com\/de\/wp-json\/wp\/v2\/posts\/1141035\/revisions"}],"wp:featuredmedia":[{"embeddable":true,"href":"https:\/\/www.europesays.com\/de\/wp-json\/wp\/v2\/media\/1141036"}],"wp:attachment":[{"href":"https:\/\/www.europesays.com\/de\/wp-json\/wp\/v2\/media?parent=1141035"}],"wp:term":[{"taxonomy":"category","embeddable":true,"href":"https:\/\/www.europesays.com\/de\/wp-json\/wp\/v2\/categories?post=1141035"},{"taxonomy":"post_tag","embeddable":true,"href":"https:\/\/www.europesays.com\/de\/wp-json\/wp\/v2\/tags?post=1141035"}],"curies":[{"name":"wp","href":"https:\/\/api.w.org\/{rel}","templated":true}]}}