{"id":1141128,"date":"2026-07-04T00:26:13","date_gmt":"2026-07-04T00:26:13","guid":{"rendered":"https:\/\/www.europesays.com\/de\/1141128\/"},"modified":"2026-07-04T00:26:13","modified_gmt":"2026-07-04T00:26:13","slug":"new-york-taylor-swift-und-travis-kelce-haben-geheiratet","status":"publish","type":"post","link":"https:\/\/www.europesays.com\/de\/1141128\/","title":{"rendered":"New York: Taylor Swift und Travis Kelce haben geheiratet"},"content":{"rendered":"<p class=\"paragraph article__item\">Popstar <a class=\"rtr-entity\" href=\"https:\/\/www.zeit.de\/thema\/taylor-swift\" rel=\"nofollow noopener\" target=\"_blank\">Taylor Swift<\/a> und Footballspieler Travis \u2060Kelce sind verheiratet. Das best\u00e4tigte eine Sprecherin des Paars. \u00bbTaylor und Travis hatten keine Brautjungfern\u00ab, hie\u00df es. Stattdessen h\u00e4tten die Br\u00fcder des Paars, Austin Swift und Jason Kelce, als Trauzeugen gedient. Der Komiker Adam Sandler f\u00fchrte demnach die Trauzeremonie durch. Die Mitteilung macht keine Angaben dazu, wo und wann Swift und Kelce geheiratet haben.\n<\/p>\n<p class=\"paragraph article__item\"> Zuvor hatten US-Medien \u00fcbereinstimmend berichtet, dass die <a href=\"https:\/\/www.zeit.de\/feuilleton\/2026-06\/hochzeit-taylor-swift-travis-kelce-new-york-maddison-square-garden\" target=\"_blank\" rel=\"nofollow noopener\">Feierlichkeiten rund um die Hochzeit<\/a> in New York in der Sport- und Konzertarena  Madison Square Garden mitten<br \/>\nin Manhattan begonnen h\u00e4tten. Die von dem Paar bis nach der Hochzeitszeremonie nicht best\u00e4tigte Feier sollte demnach unter Ausschluss der \u00d6ffentlichkeit stattfinden.\n<\/p>\n<p>            Prominente G\u00e4ste am New Yorker Madison Square Garden gesichtet            <\/p>\n<p class=\"paragraph article__item\">Am sp\u00e4ten Freitagnachmittag wurden prominente G\u00e4ste am Madison Square Garden gesichtet, darunter die S\u00e4ngerin Camila Cabello, die Schauspieler Hugh Grant, Ethan Hawke und Jason Sudeikis sowie das Model Karlie Kloss und die Autorin Jenny Han. In der Verfilmung ihrer Buchreihe The Summer I Turned Pretty sind zahlreiche Taylor-Swift-Songs zu h\u00f6ren. Ebenfalls in die Arena gingen G\u00e4ste aus der Sportwelt, darunter Kareem Hunt, Running Back f\u00fcr die Kansas City Chiefs, das NFL-Team von Kelce, und NFL-Kommentator Joe Buck.\n<\/p>\n<p class=\"paragraph article__item\">Prominente wie die Schauspielerin Jessica Chastain und der Sportler Beau Allen ver\u00f6ffentlichten in den sozialen Medien Beitr\u00e4ge dar\u00fcber, dass sie sich f\u00fcr die Veranstaltung in Abendgarderobe fertig machten oder gerade aufbrachen. Die Stra\u00dfen rund um Madison Square Garden waren bereits seit Donnerstagabend abgesperrt. Zudem ist ein Gro\u00dfaufgebot von Polizeikr\u00e4ften im Einsatz.\n<\/p>\n<p class=\"paragraph article__item\">Bereits am Donnerstag soll das Paar im <a href=\"https:\/\/www.zeit.de\/gesellschaft\/2026-05\/taylor-swift-wien-anschlag-terror-plaene-gericht-motiv\" target=\"_blank\" rel=\"nofollow noopener\">Madison Square Garden eine kleinere Feier im Familienkreis veranstaltet haben<\/a>, nun soll eine gr\u00f6\u00dfere Feier mit Freunden des Paares folgen. Das berichteten mehrere US-Medien unter Berufung auf Kreise aus dem<br \/>\nUmfeld des Paares und der Organisations- und Sicherheitslogistik rund um<br \/>\n die Gro\u00dfveranstaltung.\u00a0Swift und Kelce selbst \u00e4u\u00dferten sich zu den Berichten nicht.\n<\/p>\n<p>            Verlobt seit August            <\/p>\n<p class=\"paragraph article__item\">Kurz zuvor hat das Paar nach Angaben der eigenen PR-Agentur 26 Millionen Dollar (knapp 23 Millionen Euro) f\u00fcr<br \/>\nwohlt\u00e4tige Zwecke ausgegeben. Das Geld soll<br \/>\n an 20 Einrichtungen in den USA flie\u00dfen, darunter Lebensmitteltafeln und Kinderkrankenh\u00e4user. Taylor Swift spendete rund um ihre Eras Tour 2023 und 2024 wiederholt an lokale Einrichtungen in jeder Tourstadt.\n<\/p>\n<p>                            \u00a9\u00a0Lea Dohle<\/p>\n<p>\n                                        Newsletter<br \/>\n                                        Was jetzt? \u2013 Der t\u00e4gliche Morgen\u00fcberblick<\/p>\n<p class=\"newsletter-signup__text\">Starten Sie mit unserem kurzen Nachrichten-Newsletter in den Tag. Erhalten Sie zudem freitags das digitale Magazin ZEIT am Wochenende.<\/p>\n<p class=\"newsletter-signup__datapolicy\" hidden=\"\">\n            Mit Ihrer Registrierung nehmen Sie die <a href=\"https:\/\/datenschutz.zeit.de\/zon#Newsletter\" target=\"_blank\" rel=\"nofollow noopener\">Datenschutzerkl\u00e4rung<\/a> zur Kenntnis.\n        <\/p>\n<p>    Vielen Dank! Wir haben Ihnen eine E-Mail geschickt.<\/p>\n<p>Pr\u00fcfen Sie Ihr Postfach und best\u00e4tigen Sie das Newsletter-Abonnement.<\/p>\n<p class=\"paragraph article__item\">Die Pop- und Countrymusikerin Swift geh\u00f6rt mit mehr als 200 Millionen verkauften Tontr\u00e4gern zu den <a href=\"https:\/\/www.zeit.de\/zeit-magazin\/2026\/24\/jack-antonoff-ratschlaege-leben\" target=\"_blank\" rel=\"nofollow noopener\">erfolgreichsten Stars<br \/>\n der Musikgeschichte<\/a>. Kelce ist Footballspieler der Kansas City Chiefs<br \/>\nund gewann mit dem Team bereits dreimal den Superbowl. Sie sind eigenen Angaben zufolge seit<br \/>\n2023 zusammen und verk\u00fcndeten im vergangenen August via Instagram ihre<br \/>\nVerlobung.\n<\/p>\n<p>Mehr zum Thema<\/p>\n<p>            Popkultur        <\/p>\n<p>                <a href=\"https:\/\/www.zeit.de\/feuilleton\/2026-06\/hochzeit-taylor-swift-travis-kelce-new-york-maddison-square-garden\" data-ct-label=\"Hochzeit von Taylor Swift: Heiraten gegen den Weltuntergang \" data-uuid=\"71d1b642-ef44-4be7-8fb7-ce7e871735a2\" rel=\"nofollow noopener\" target=\"_blank\"><\/p>\n<p>        Z+ (abopflichtiger Inhalt);<\/p>\n<p>    Hochzeit von Taylor Swift:<br \/>\n                        Heiraten gegen den Weltuntergang <\/p>\n<p>                <\/a><\/p>\n<p>                <a href=\"https:\/\/www.zeit.de\/feuilleton\/musik\/2026-06\/bad-bunny-duesseldorf-konzert-tour-latin-music\" data-ct-label=\"Bad Bunny in D\u00fcsseldorf: Am Ende umarmt er sich selbst\" data-uuid=\"2e378aaf-efd4-4a0a-8957-7dae7b78328e\" rel=\"nofollow noopener\" target=\"_blank\"><\/p>\n<p>        Z+ (abopflichtiger Inhalt);<\/p>\n<p>    Bad Bunny in D\u00fcsseldorf:<br \/>\n                        Am Ende umarmt er sich selbst<\/p>\n<p>                <\/a><\/p>\n<p>                <a href=\"https:\/\/www.zeit.de\/2026\/28\/backrooms-obsession-horrorfilme-kane-parsons-curry-barker-youtube\" data-ct-label=\"\u00bbBackrooms\u00ab und \u00bbObsession\u00ab: Der feinste Horror\" data-uuid=\"b135b117-92c9-499f-a95a-c285730e5437\" rel=\"nofollow noopener\" target=\"_blank\"><\/p>\n<p>        Z+ (abopflichtiger Inhalt);<\/p>\n<p>    \u00bbBackrooms\u00ab und \u00bbObsession\u00ab:<br \/>\n                        Der feinste Horror<\/p>\n<p>                <\/a><\/p>\n","protected":false},"excerpt":{"rendered":"Popstar Taylor Swift und Footballspieler Travis \u2060Kelce sind verheiratet. Das best\u00e4tigte eine Sprecherin des Paars. \u00bbTaylor und Travis&hellip;\n","protected":false},"author":2,"featured_media":1141129,"comment_status":"","ping_status":"","sticky":false,"template":"","format":"standard","meta":{"footnotes":"","_share_on_mastodon":"0"},"categories":[5],"tags":[331,332,3364,29,55298,30,1724,13,128817,14,944,15,12,6856],"class_list":["post-1141128","post","type-post","status-publish","format-standard","has-post-thumbnail","category-nachrichten","tag-aktuelle-nachrichten","tag-aktuelle-news","tag-de","tag-deutschland","tag-feierlichkeit","tag-germany","tag-gesellschaft","tag-headlines","tag-madison-square-garden","tag-nachrichten","tag-new-york","tag-news","tag-schlagzeilen","tag-taylor-swift"],"share_on_mastodon":{"url":"https:\/\/pubeurope.com\/@de\/116858872465345874","error":""},"_links":{"self":[{"href":"https:\/\/www.europesays.com\/de\/wp-json\/wp\/v2\/posts\/1141128","targetHints":{"allow":["GET"]}}],"collection":[{"href":"https:\/\/www.europesays.com\/de\/wp-json\/wp\/v2\/posts"}],"about":[{"href":"https:\/\/www.europesays.com\/de\/wp-json\/wp\/v2\/types\/post"}],"author":[{"embeddable":true,"href":"https:\/\/www.europesays.com\/de\/wp-json\/wp\/v2\/users\/2"}],"replies":[{"embeddable":true,"href":"https:\/\/www.europesays.com\/de\/wp-json\/wp\/v2\/comments?post=1141128"}],"version-history":[{"count":0,"href":"https:\/\/www.europesays.com\/de\/wp-json\/wp\/v2\/posts\/1141128\/revisions"}],"wp:featuredmedia":[{"embeddable":true,"href":"https:\/\/www.europesays.com\/de\/wp-json\/wp\/v2\/media\/1141129"}],"wp:attachment":[{"href":"https:\/\/www.europesays.com\/de\/wp-json\/wp\/v2\/media?parent=1141128"}],"wp:term":[{"taxonomy":"category","embeddable":true,"href":"https:\/\/www.europesays.com\/de\/wp-json\/wp\/v2\/categories?post=1141128"},{"taxonomy":"post_tag","embeddable":true,"href":"https:\/\/www.europesays.com\/de\/wp-json\/wp\/v2\/tags?post=1141128"}],"curies":[{"name":"wp","href":"https:\/\/api.w.org\/{rel}","templated":true}]}}