{"id":1141192,"date":"2026-07-04T01:03:27","date_gmt":"2026-07-04T01:03:27","guid":{"rendered":"https:\/\/www.europesays.com\/de\/1141192\/"},"modified":"2026-07-04T01:03:27","modified_gmt":"2026-07-04T01:03:27","slug":"48-stunden-neukoelln-kunstfestival-im-berliner-spaeti","status":"publish","type":"post","link":"https:\/\/www.europesays.com\/de\/1141192\/","title":{"rendered":"&#8222;48 Stunden Neuk\u00f6lln&#8220;: Kunstfestival im Berliner Sp\u00e4ti"},"content":{"rendered":"<p>Die Bilder im Sp\u00e4ti stammen von der Berliner K\u00fcnstlerin Sanaa Goldie. Sie will, dass Kunst dort stattfindet, wo Menschen ohnehin unterwegs seien. Zwischen Zigarettenschachteln und Colaflaschen sei Kunst pl\u00f6tzlich Teil des Alltags. Genau das mache den Ort so spannend: Dort k\u00e4men eben nicht nur Menschen vorbei, die sich ohnehin f\u00fcr Kunst interessieren. Kunst k\u00f6nne mitten im Leben Fragen aufwerfen und zum Nachdenken anregen, so Goldie.<\/p>\n<p>Die Kunstwerke unter dem Titel &#8222;Dans tes r\u00eaves&#8220; (zu deutsch: In deinen Tr\u00e4umen) hat sie extra f\u00fcr &#8222;48 Stunden Neuk\u00f6lln&#8220; gemalt. Die nackten Frauenfiguren auf der Leinwand wirken eingeengt, obwohl keine Begrenzung zu sehen ist. Das passe gut zu dem diesj\u00e4hrigen Festivalmotto &#8222;OUT\/SIDE\/IN&#8220;, findet die K\u00fcnstlerin, die lange am Neuk\u00f6llner Richardplatz gelebt hat.<\/p>\n","protected":false},"excerpt":{"rendered":"Die Bilder im Sp\u00e4ti stammen von der Berliner K\u00fcnstlerin Sanaa Goldie. Sie will, dass Kunst dort stattfindet, wo&hellip;\n","protected":false},"author":2,"featured_media":1141193,"comment_status":"","ping_status":"","sticky":false,"template":"","format":"standard","meta":{"footnotes":"","_share_on_mastodon":"0"},"categories":[1825],"tags":[296,29,30,136276,240073,134296,163024],"class_list":["post-1141192","post","type-post","status-publish","format-standard","has-post-thumbnail","category-berlin","tag-berlin","tag-deutschland","tag-germany","tag-rbb24ausstellung","tag-rbb24museum","tag-rbb24tagesschau","tag-rbb24theater"],"share_on_mastodon":{"url":"https:\/\/pubeurope.com\/@de\/116859018221110658","error":""},"_links":{"self":[{"href":"https:\/\/www.europesays.com\/de\/wp-json\/wp\/v2\/posts\/1141192","targetHints":{"allow":["GET"]}}],"collection":[{"href":"https:\/\/www.europesays.com\/de\/wp-json\/wp\/v2\/posts"}],"about":[{"href":"https:\/\/www.europesays.com\/de\/wp-json\/wp\/v2\/types\/post"}],"author":[{"embeddable":true,"href":"https:\/\/www.europesays.com\/de\/wp-json\/wp\/v2\/users\/2"}],"replies":[{"embeddable":true,"href":"https:\/\/www.europesays.com\/de\/wp-json\/wp\/v2\/comments?post=1141192"}],"version-history":[{"count":0,"href":"https:\/\/www.europesays.com\/de\/wp-json\/wp\/v2\/posts\/1141192\/revisions"}],"wp:featuredmedia":[{"embeddable":true,"href":"https:\/\/www.europesays.com\/de\/wp-json\/wp\/v2\/media\/1141193"}],"wp:attachment":[{"href":"https:\/\/www.europesays.com\/de\/wp-json\/wp\/v2\/media?parent=1141192"}],"wp:term":[{"taxonomy":"category","embeddable":true,"href":"https:\/\/www.europesays.com\/de\/wp-json\/wp\/v2\/categories?post=1141192"},{"taxonomy":"post_tag","embeddable":true,"href":"https:\/\/www.europesays.com\/de\/wp-json\/wp\/v2\/tags?post=1141192"}],"curies":[{"name":"wp","href":"https:\/\/api.w.org\/{rel}","templated":true}]}}