{"id":114124,"date":"2025-05-16T03:25:13","date_gmt":"2025-05-16T03:25:13","guid":{"rendered":"https:\/\/www.europesays.com\/de\/114124\/"},"modified":"2025-05-16T03:25:13","modified_gmt":"2025-05-16T03:25:13","slug":"cecilien-carre-gesobau-legt-grundstein-fuer-128-mietwohnungen","status":"publish","type":"post","link":"https:\/\/www.europesays.com\/de\/114124\/","title":{"rendered":"Cecilien-Carr\u00e9: GESOBAU legt Grundstein f\u00fcr 128 Mietwohnungen"},"content":{"rendered":"<p>Im Wohnquartier \u201eCecilien-Carr\u00e9\u201c in Berlin-Hellersdorf entstehen 128 neue Mietwohnungen f\u00fcr die landeseigene GESOBAU. Bei der Grundsteinlegung am 15. Mai informierten Vertreterinnen und Vertreter aus Politik und Wohnungswirtschaft \u00fcber das Vorhaben, das Teil einer umfassenden Quartiersentwicklung ist. Besonders Familien und Senioren sollen hier k\u00fcnftig bezahlbaren Wohnraum finden.<a href=\"https:\/\/www.europesays.com\/de\/wp-content\/uploads\/2025\/05\/Grundsteinlegung-Cecilien-Carree-\u00a9-Foto-ENTWICKLUNGSSTADT.jpg\"><img decoding=\"async\" aria-describedby=\"caption-attachment-53740\" class=\"lazyload wp-image-53740 size-full\" data-orig-src=\"https:\/\/www.europesays.com\/de\/wp-content\/uploads\/2025\/05\/Grundsteinlegung-Cecilien-Carree-\u00a9-Foto-ENTWICKLUNGSSTADT.jpg\" alt=\"\" width=\"1280\" height=\"720\"  data- data-orig-\/><\/a><\/p>\n<p id=\"caption-attachment-53740\" class=\"wp-caption-text\">Die Grundsteinlegung fand am 15. Mai im Beisein von Stephan Machulik (Staatssekret\u00e4r f\u00fcr Wohnen und Mieterschutz), Heike Wessoly (Bezirksstadtr\u00e4tin f\u00fcr Stadtentwicklung in Marzahn-Hellersdorf), Rico Kallies (Leiter Projektentwicklung bei Bonava Deutschland) und J\u00f6rg Franzen (Vorstandsvorsitzender der GESOBAU AG) statt. \/ \u00a9 Foto: ENTWICKLUNGSSTADT<\/p>\n<p>\u00a9 Fotos: ENTWICKLUNGSSTADT<br \/>\u00a9 Visualisierung: Bonava \/ GESOBAU<\/p>\n<p>\u00a0<\/p>\n<p class=\"\" data-start=\"253\" data-end=\"748\">Am 15. Mai 2025 wurde in Berlin-Hellersdorf der symbolische Grundstein f\u00fcr ein neues Wohnprojekt der landeseigenen Wohnungsbaugesellschaft GESOBAU gelegt. Insgesamt entstehen 128 Mietwohnungen, die nach ihrer Fertigstellung in den Bestand der GESOBAU \u00fcbergehen. Errichtet werden die Geb\u00e4ude im Wohnquartier <a href=\"https:\/\/entwicklungsstadt.de\/grundsteinlegung-in-hellersdorf-baustart-fuer-bezahlbaren-wohnraum-im-cecilien-carre\/\" target=\"_blank\" rel=\"noopener\">Cecilien-Carr\u00e9<\/a> von der Bonava Deutschland GmbH. Von den insgesamt acht geplanten Wohnh\u00e4usern \u00fcbernimmt die GESOBAU vier.<\/p>\n<p class=\"\" data-start=\"253\" data-end=\"748\">An der Veranstaltung nahmen unter anderem Stephan Machulik, Staatssekret\u00e4r f\u00fcr Wohnen, Bezirksstadtr\u00e4tin Heike Wessoly, GESOBAU-Vorstand J\u00f6rg Franzen und Rico Kallies von Bonava teil. Machulik erkl\u00e4rte, das Vorhaben sei Teil einer Blockrandbebauung mit insgesamt 272 Wohnungen, von denen 90 \u00f6ffentlich gef\u00f6rdert seien. Die H\u00e4lfte der GESOBAU-Wohnungen werde barrierefrei ausgef\u00fchrt. Die Fertigstellung des Gesamtprojekts ist bis Ende 2026 vorgesehen.<\/p>\n<p>Wohnraum f\u00fcr vielf\u00e4ltige Lebenslagen mit nachhaltigem Konzept im Ortsteil Kaulsdorf-Nord<\/p>\n<p class=\"\" data-start=\"1239\" data-end=\"1722\">Das Bauvorhaben befindet sich im Ortsteil Kaulsdorf-Nord, zwischen dem Rohrbruchpark und den G\u00e4rten der Welt. Geplant sind \u00fcberwiegend familienfreundliche Wohnungen mit drei bis f\u00fcnf Zimmern. Neben den Wohnh\u00e4usern entstehen Spiel- und Bewegungsfl\u00e4chen, Fahrradstellpl\u00e4tze sowie begr\u00fcnte Innenh\u00f6fe. Das Quartier soll autofrei bleiben, die Stellpl\u00e4tze werden \u00fcber eine separate Zufahrt an der Ehm-Welk-Stra\u00dfe erschlossen.<\/p>\n<p class=\"\" data-start=\"1724\" data-end=\"2021\">Erg\u00e4nzt wird das Konzept durch unterirdische M\u00fcllcontainer, Fernw\u00e4rmeversorgung sowie Photovoltaikanlagen auf den D\u00e4chern. Regenwassernutzung ist ebenfalls vorgesehen. Damit soll das Quartier langfristig zu einer nachhaltigen und klimabewussten Stadtentwicklung beitragen.<\/p>\n<p>Cecilien-Carr\u00e9: Sozial orientierter Wohnungsbau mit Fokus auf Teilhabe und Barrierefreiheit<\/p>\n<p class=\"\" data-start=\"2028\" data-end=\"2433\">Bezirksstadtr\u00e4tin Heike Wessoly betonte, das Projekt verstehe Wohnen als Grundlage gesellschaftlicher Teilhabe. Das Cecilien-Carr\u00e9 richte sich an unterschiedliche Zielgruppen \u2013 von Familien \u00fcber Seniorinnen und Senioren bis hin zu Alleinlebenden. Sie dankte der GESOBAU daf\u00fcr, dass das Projekt nicht allein wirtschaftlich, sondern vor allem sozial gedacht sei.<\/p>\n<p class=\"\" data-start=\"2714\" data-end=\"3105\">GESOBAU-Vorstand J\u00f6rg Franzen erkl\u00e4rte, das Vorhaben sei Teil einer umfassenden Neubauoffensive des Unternehmens. Seit 2017 habe die GESOBAU mehrere Projekte in Hellersdorf realisiert. Weitere Vorhaben im Bezirk seien bereits in Planung. Von den 128 Wohnungen sollen 70 Prozent f\u00fcr Menschen mit Wohnberechtigungsschein zur Verf\u00fcgung stehen. Die Nettokaltmieten beginnen bei 7,00 Euro pro Quadratmeter. 64 Wohnungen werden barrierefrei errichtet, darunter eine rollstuhlgerechte Einheit.<\/p>\n<p>Zukunftsorientiertes Wohnen auf 4.400 Quadratmetern in Berlin-Hellersdorf<\/p>\n<p class=\"\" data-start=\"3107\" data-end=\"3469\">Auch Rico Kallies, Projektleiter bei Bonava, \u00e4u\u00dferte sich erfreut. Das Cecilien-Carr\u00e9 sei ein gelungenes Beispiel f\u00fcr das Zusammenspiel von mieterfreundlicher Gestaltung, nachhaltiger Bauweise und funktionalem St\u00e4dtebau. Er bezeichnete das Projekt als m\u00f6glichen Auftakt f\u00fcr weitere Kooperationen zwischen Bonava und der GESOBAU in Berlin.<\/p>\n<p class=\"\" data-start=\"3476\" data-end=\"3831\">Das gesamte Bauprojekt entsteht auf einer rund 4.400 Quadratmeter gro\u00dfen Fl\u00e4che an der Ecke Hellersdorfer Stra\u00dfe und Cecilienstra\u00dfe. Neben der Wohnbebauung wird auch auf \u00f6kologische Ma\u00dfnahmen Wert gelegt. Bonava k\u00fcndigte an, Regenwasser speichern und wiederverwenden zu wollen, um Ressourcen zu schonen. Die Energieversorgung erfolgt \u00fcber ein zentrales Fernw\u00e4rmenetz. Das Unternehmen m\u00f6chte mit dem Projekt zeigen, wie klimagerechte und sozial ausgewogene Quartiersentwicklung in Berlin gelingen kann.<\/p>\n<p><a href=\"https:\/\/www.europesays.com\/de\/wp-content\/uploads\/2025\/05\/Grundsteinlegung-Cecilien-Carree-\u00a9-Foto-ENTWICKLUNGSSTADT-1.jpg\"><img decoding=\"async\" aria-describedby=\"caption-attachment-53741\" class=\"lazyload wp-image-53741 size-full\" data-orig-src=\"https:\/\/www.europesays.com\/de\/wp-content\/uploads\/2025\/05\/Grundsteinlegung-Cecilien-Carree-\u00a9-Foto-ENTWICKLUNGSSTADT-1.jpg\" alt=\"\" width=\"1280\" height=\"720\"  data- data-orig-\/><\/a><\/p>\n<p id=\"caption-attachment-53741\" class=\"wp-caption-text\">Bonava realisiert im Cecilien-Carr\u00e9 insgesamt 272 Wohnungen \u2013 in einer Mischung aus landeseigenen Miet- und Eigentumswohnungen. \/ \u00a9 Foto: ENTWICKLUNGSSTADT<\/p>\n<p><a href=\"https:\/\/www.europesays.com\/de\/wp-content\/uploads\/2025\/05\/Grundsteinlegung-Cecilien-Carree-\u00a9-Foto-ENTWICKLUNGSSTADT-2.jpg\"><img decoding=\"async\" aria-describedby=\"caption-attachment-53742\" class=\"lazyload wp-image-53742 size-full\" data-orig-src=\"https:\/\/www.europesays.com\/de\/wp-content\/uploads\/2025\/05\/Grundsteinlegung-Cecilien-Carree-\u00a9-Foto-ENTWICKLUNGSSTADT-2.jpg\" alt=\"\" width=\"1280\" height=\"720\"  data- data-orig-\/><\/a><\/p>\n<p id=\"caption-attachment-53742\" class=\"wp-caption-text\">Die Fertigstellung des Cecilien-Carr\u00e9 ist f\u00fcr Ende 2026 geplant. \/ \u00a9 Foto: ENTWICKLUNGSSTADT<\/p>\n<p><a href=\"https:\/\/www.europesays.com\/de\/wp-content\/uploads\/2025\/05\/Grundsteinlegung-Cecilien-Carree-\u00a9-Foto-ENTWICKLUNGSSTADT-3.jpg\"><img decoding=\"async\" aria-describedby=\"caption-attachment-53743\" class=\"lazyload wp-image-53743 size-full\" data-orig-src=\"https:\/\/www.europesays.com\/de\/wp-content\/uploads\/2025\/05\/Grundsteinlegung-Cecilien-Carree-\u00a9-Foto-ENTWICKLUNGSSTADT-3.jpg\" alt=\"\" width=\"1280\" height=\"720\"  data- data-orig-\/><\/a><\/p>\n<p id=\"caption-attachment-53743\" class=\"wp-caption-text\">Das Konzept sieht zus\u00e4tzlich unterirdische M\u00fcllcontainer, eine Versorgung \u00fcber Fernw\u00e4rme sowie Photovoltaikanlagen auf den D\u00e4chern vor. \/ \u00a9 Foto: ENTWICKLUNGSSTADT<\/p>\n<p><a href=\"https:\/\/www.europesays.com\/de\/wp-content\/uploads\/2025\/05\/ESB-CECILIENPLATZ-1.jpg\"><img decoding=\"async\" aria-describedby=\"caption-attachment-40646\" class=\"lazyload wp-image-40646 size-full\" data-orig-src=\"https:\/\/www.europesays.com\/de\/wp-content\/uploads\/2025\/05\/ESB-CECILIENPLATZ-1.jpg\" alt=\"\" width=\"1280\" height=\"720\"  data- data-orig-\/><\/a><\/p>\n<p id=\"caption-attachment-40646\" class=\"wp-caption-text\">Diese Visualisierung zeigt, wie das Cecilien-Carr\u00e9 nach seiner Fertigstellung wirken soll. \/ \u00a9 Visualisierung: Bonava \/ GESOBAU<\/p>\n<p>Quellen: Gesobau, Bonava<\/p>\n","protected":false},"excerpt":{"rendered":"Im Wohnquartier \u201eCecilien-Carr\u00e9\u201c in Berlin-Hellersdorf entstehen 128 neue Mietwohnungen f\u00fcr die landeseigene GESOBAU. Bei der Grundsteinlegung am 15.&hellip;\n","protected":false},"author":2,"featured_media":114125,"comment_status":"","ping_status":"","sticky":false,"template":"","format":"standard","meta":{"footnotes":""},"categories":[1825],"tags":[44261,44262,44263,44264,44265,44266,44267,44268,296,19136,15579,44269,44270,29,44271,30,44272,44273,19134,12570,44274,44275,44276,44277,44278,44279,39093,44280,44281,44282,44283,44284,44285,44286],"class_list":{"0":"post-114124","1":"post","2":"type-post","3":"status-publish","4":"format-standard","5":"has-post-thumbnail","7":"category-berlin","8":"tag-bauprojekte-berlin-hellersdorf","9":"tag-bauprojekte-berlin-marzahn","10":"tag-bauprojekte-hellersdorf","11":"tag-bauprojekte-marzahn","12":"tag-bauvorhaben-berlin-hellersdorf","13":"tag-bauvorhaben-berlin-marzahn","14":"tag-bauvorhaben-hellersdorf","15":"tag-bauvorhaben-marzahn","16":"tag-berlin","17":"tag-berlin-hellersdorf","18":"tag-berlin-marzahn","19":"tag-bezahlbarer-wohnraum-marzahn-hellersdorf","20":"tag-cecilien-carree-marzahn-hellersdorf","21":"tag-deutschland","22":"tag-foerderwohnungen-marzahn-hellersdorf","23":"tag-germany","24":"tag-gesobau-marzahn-hellersdorf","25":"tag-grundsteinlegung-marzahn-hellersdorf","26":"tag-hellersdorf","27":"tag-marzahn","28":"tag-mietwohnungen-marzahn-hellersdorf","29":"tag-nachhaltiges-wohnen-marzahn-hellersdorf","30":"tag-neubau-berlin-hellersdorf","31":"tag-neubau-hellersdorf","32":"tag-neubau-marzahn-hellersdorf","33":"tag-neubau-wohnungen-marzahn-hellersdorf","34":"tag-neubauprojekte-berlin","35":"tag-quartier-marzahn-hellersdorf","36":"tag-sozialer-wohnungsbau-marzahn-hellersdorf","37":"tag-wohnen-marzahn-hellersdorf","38":"tag-wohnprojekt-marzahn-hellersdorf","39":"tag-wohnprojekte-marzahn-hellersdorf","40":"tag-wohnungen-berlin-marzahn-hellersdorf","41":"tag-wohnungsbau-marzahn-hellersdorf"},"share_on_mastodon":{"url":"","error":"Validation failed: Text character limit of 500 exceeded"},"_links":{"self":[{"href":"https:\/\/www.europesays.com\/de\/wp-json\/wp\/v2\/posts\/114124","targetHints":{"allow":["GET"]}}],"collection":[{"href":"https:\/\/www.europesays.com\/de\/wp-json\/wp\/v2\/posts"}],"about":[{"href":"https:\/\/www.europesays.com\/de\/wp-json\/wp\/v2\/types\/post"}],"author":[{"embeddable":true,"href":"https:\/\/www.europesays.com\/de\/wp-json\/wp\/v2\/users\/2"}],"replies":[{"embeddable":true,"href":"https:\/\/www.europesays.com\/de\/wp-json\/wp\/v2\/comments?post=114124"}],"version-history":[{"count":0,"href":"https:\/\/www.europesays.com\/de\/wp-json\/wp\/v2\/posts\/114124\/revisions"}],"wp:featuredmedia":[{"embeddable":true,"href":"https:\/\/www.europesays.com\/de\/wp-json\/wp\/v2\/media\/114125"}],"wp:attachment":[{"href":"https:\/\/www.europesays.com\/de\/wp-json\/wp\/v2\/media?parent=114124"}],"wp:term":[{"taxonomy":"category","embeddable":true,"href":"https:\/\/www.europesays.com\/de\/wp-json\/wp\/v2\/categories?post=114124"},{"taxonomy":"post_tag","embeddable":true,"href":"https:\/\/www.europesays.com\/de\/wp-json\/wp\/v2\/tags?post=114124"}],"curies":[{"name":"wp","href":"https:\/\/api.w.org\/{rel}","templated":true}]}}