{"id":1141265,"date":"2026-07-04T01:51:19","date_gmt":"2026-07-04T01:51:19","guid":{"rendered":"https:\/\/www.europesays.com\/de\/1141265\/"},"modified":"2026-07-04T01:51:19","modified_gmt":"2026-07-04T01:51:19","slug":"paris-london-paris-und-london-wollen-strasse-von-hormus-mit-oman-absichern","status":"publish","type":"post","link":"https:\/\/www.europesays.com\/de\/1141265\/","title":{"rendered":"Paris\/London | Paris und London wollen Stra\u00dfe von Hormus mit Oman absichern"},"content":{"rendered":"<p>Paris\/London (dpa) &#8211; Nach der iranischen Ablehnung einer internationalen Marinemission in der Stra\u00dfe von Hormus wollen Frankreich und Gro\u00dfbritannien mit dem Oman eine sichere Schifffahrt durch die Meerenge gew\u00e4hrleisten. \u00abDas Sultanat Oman hat sich bereit erkl\u00e4rt, mit Frankreich und dem Vereinigten K\u00f6nigreich zusammenzuarbeiten, um die Sicherheit der Schifffahrt in seinen Hoheitsgew\u00e4ssern zu gew\u00e4hrleisten\u00bb, teilten Paris und London in einer gemeinsamen Erkl\u00e4rung am Abend mit.<\/p>\n<p>Frankreichs Pr\u00e4sident Emmanuel Macron sprach von einer \u00abpositiven Entwicklung\u00bb nach \u00abkonstruktiven Gespr\u00e4chen\u00bb mit dem Sultan von Oman am Montag dieser Woche, weshalb Frankreich die Pr\u00e4senz seiner Marine in der Region anpasse. Der Flugzeugtr\u00e4ger \u00abCharles de Gaulle\u00bb kehre in seinen Heimathafen in Toulon zur\u00fcck, w\u00e4hrend die franz\u00f6sischen Minenr\u00e4umkr\u00e4fte und ihre Eskorte weiterhin vor Ort bereitst\u00e4nden, um gemeinsam mit Partnern einzugreifen. Bereits nach dem Treffen mit dem Sultan hatte Macron von einer gemeinsamen Minenr\u00e4umung mit dem Oman und internationalen Partnern in der Stra\u00dfe von Hormus gesprochen.<\/p>\n<p>Iran will Kontrolle \u00fcber Meerenge behalten<\/p>\n<p>Der Iran hatte eine internationale Beteiligung an der Minenr\u00e4umung in der Stra\u00dfe von Hormus danach entschieden zur\u00fcckgewiesen und Paris \u00abProvokationen\u00bb vorgeworfen. Laut dem Rahmenabkommen zwischen den USA und dem Iran, in dem die \u00d6ffnung der Stra\u00dfe von Hormus f\u00fcr die Schifffahrt ein zentraler Bestandteil ist, liege die Verantwortung f\u00fcr die Minenr\u00e4umung dort allein bei dem Iran, hie\u00df es aus Teheran.<\/p>\n<p>W\u00e4hrend die Machthaber in Teheran die Durchfahrt durch die Stra\u00dfe von Hormus kontrollieren und daf\u00fcr Geb\u00fchren erheben wollen, geht es den USA und weiteren L\u00e4ndern um eine uneingeschr\u00e4nkte und geb\u00fchrenfreie Durchfahrt. Irans Revolutionsgarden warnten, dass Durchfahrten nur auf von Teheran festgelegten Routen sicher seien. Ein Handelsschiff, das die Stra\u00dfe von Hormus unter Nutzung der K\u00fcstenverkehrszone vor Oman durchfuhr, wurde k\u00fcrzlich angegriffen. Der neue franz\u00f6sisch-britische Vorsto\u00df unter Einbeziehung des Oman w\u00fcrde eine Absicherung dieser K\u00fcstenverkehrszone bedeuten.<\/p>\n<p>Internationale Marinemission nicht vom Tisch<\/p>\n<p>Eine Abkehr von der urspr\u00fcnglich geplanten internationalen Marinemission, deren Umsetzung bislang nicht absehbar ist, sollen die gemeinsamen Planungen mit dem Oman nicht sein. \u00abFrankreich und das Vereinigte K\u00f6nigreich sind ebenfalls bereit, eine umfassendere multinationale Milit\u00e4rmission zur Unterst\u00fctzung der Freiheit der Schifffahrt in der Stra\u00dfe von Hormus zu entsenden\u00bb, hie\u00df es in der Erkl\u00e4rung weiter.<\/p>\n","protected":false},"excerpt":{"rendered":"Paris\/London (dpa) &#8211; Nach der iranischen Ablehnung einer internationalen Marinemission in der Stra\u00dfe von Hormus wollen Frankreich und&hellip;\n","protected":false},"author":2,"featured_media":1141266,"comment_status":"","ping_status":"","sticky":false,"template":"","format":"standard","meta":{"footnotes":"","_share_on_mastodon":"0"},"categories":[3974],"tags":[331,332,1149,548,663,3934,3980,156,551,13,345,8221,4046,14,15,1510,15643,5226,12,64,5225],"class_list":["post-1141265","post","type-post","status-publish","format-standard","has-post-thumbnail","category-frankreich","tag-aktuelle-nachrichten","tag-aktuelle-news","tag-energie","tag-eu","tag-europa","tag-europe","tag-france","tag-frankreich","tag-grossbritannien","tag-headlines","tag-iran","tag-konflikte","tag-krieg","tag-nachrichten","tag-news","tag-oel","tag-oman","tag-schifffahrt","tag-schlagzeilen","tag-usa","tag-welthandel"],"share_on_mastodon":{"url":"https:\/\/pubeurope.com\/@de\/116859206848865578","error":""},"_links":{"self":[{"href":"https:\/\/www.europesays.com\/de\/wp-json\/wp\/v2\/posts\/1141265","targetHints":{"allow":["GET"]}}],"collection":[{"href":"https:\/\/www.europesays.com\/de\/wp-json\/wp\/v2\/posts"}],"about":[{"href":"https:\/\/www.europesays.com\/de\/wp-json\/wp\/v2\/types\/post"}],"author":[{"embeddable":true,"href":"https:\/\/www.europesays.com\/de\/wp-json\/wp\/v2\/users\/2"}],"replies":[{"embeddable":true,"href":"https:\/\/www.europesays.com\/de\/wp-json\/wp\/v2\/comments?post=1141265"}],"version-history":[{"count":0,"href":"https:\/\/www.europesays.com\/de\/wp-json\/wp\/v2\/posts\/1141265\/revisions"}],"wp:featuredmedia":[{"embeddable":true,"href":"https:\/\/www.europesays.com\/de\/wp-json\/wp\/v2\/media\/1141266"}],"wp:attachment":[{"href":"https:\/\/www.europesays.com\/de\/wp-json\/wp\/v2\/media?parent=1141265"}],"wp:term":[{"taxonomy":"category","embeddable":true,"href":"https:\/\/www.europesays.com\/de\/wp-json\/wp\/v2\/categories?post=1141265"},{"taxonomy":"post_tag","embeddable":true,"href":"https:\/\/www.europesays.com\/de\/wp-json\/wp\/v2\/tags?post=1141265"}],"curies":[{"name":"wp","href":"https:\/\/api.w.org\/{rel}","templated":true}]}}