{"id":1141270,"date":"2026-07-04T01:54:18","date_gmt":"2026-07-04T01:54:18","guid":{"rendered":"https:\/\/www.europesays.com\/de\/1141270\/"},"modified":"2026-07-04T01:54:18","modified_gmt":"2026-07-04T01:54:18","slug":"die-eu-schlaegt-fuenf-grossangelegte-grenzueberschreitende-verteidigungsprojekte-vor-und-ebnet-damit-den-weg-fuer-den-zugang-zu-einem-gemeinsamen-budget","status":"publish","type":"post","link":"https:\/\/www.europesays.com\/de\/1141270\/","title":{"rendered":"Die EU schl\u00e4gt f\u00fcnf gro\u00dfangelegte grenz\u00fcberschreitende Verteidigungsprojekte vor und ebnet damit den Weg f\u00fcr den Zugang zu einem gemeinsamen Budget."},"content":{"rendered":"<p> Dem Vorschlag zufolge umfassen die Europ\u00e4ischen Verteidigungsprojekte f\u00fcr gemeinsames Interesse (EDPCI): ein Drohnen- und Anti-Drohnen-Projekt unter Beteiligung von 26 EU-Mitgliedstaaten sowie Norwegen und <a class=\"data-link\" data-org-href=\"https:\/\/www.vietnam.vn\/tag\/ukraine\" href=\"https:\/\/www.vietnam.vn\/tag\/ukraine\" title=\"Ukraine\" target=\"_blank\" rel=\"nofollow noopener\">der Ukraine<\/a> ; ein Projekt zur \u00dcberwachung der Ostflanke unter Beteiligung von 13 EU-Mitgliedstaaten sowie Norwegen und der Ukraine; ein integriertes Projekt zur Verteidigung von Seegebieten und Meeresboden; ein Projekt zur Luftverteidigung, Raketenabwehr und Fr\u00fchwarnung; und ein Weltraumverteidigungsprojekt.<\/p>\n<p> Die Europ\u00e4ische Kommission erkl\u00e4rte, die Projekte w\u00fcrden einen Rahmen schaffen, in dem die Mitgliedstaaten die Umsetzung von Verteidigungsinitiativen koordinieren k\u00f6nnten, die den Umfang oder die Komplexit\u00e4t einzelner L\u00e4nder \u00fcbersteigen. Laut Kommission trage die F\u00f6rderung langfristiger Zusammenarbeit dazu bei, die europ\u00e4ische Verteidigungsindustrie zu st\u00e4rken und die F\u00e4higkeit der EU zur Bew\u00e4ltigung gemeinsamer Sicherheitsherausforderungen im Einklang mit den Kapazit\u00e4tsaufbaupriorit\u00e4ten der NATO zu verbessern.<\/p>\n<p> Um als europ\u00e4isches Verteidigungsprojekt im gemeinsamen Interesse anerkannt zu werden, muss jedes Teilprojekt darauf abzielen, Innovationen zu f\u00f6rdern, die Wettbewerbsf\u00e4higkeit der europ\u00e4ischen Verteidigungsindustrie zu steigern und zur Verringerung der Fragmentierung des Verteidigungsmarktes innerhalb des Blocks beizutragen.<\/p>\n<p> Das Projekt \u201eDrone and Counter-Drone European Resolve\u201c (DECODER) zielt darauf ab, Europas unbemannte Systeme und Drohnenabwehrf\u00e4higkeiten zu entwickeln, auszubauen und umfassend einzusetzen, um kritische Kapazit\u00e4tsl\u00fccken zu schlie\u00dfen. Laut EU-Vorschlag werden die Gesamtinvestitionen der beteiligten Parteien bis 2033 voraussichtlich 3,5 bis 5 Milliarden Euro erreichen.<\/p>\n<p> Im Rahmen des Europ\u00e4ischen Verteidigungsindustrieprogramms (EDIP) hat die EU 325 Millionen Euro f\u00fcr EDPCI-Projekte bereitgestellt und schlie\u00dft eine Erh\u00f6hung der Mittel in der Zukunft nicht aus.<\/p>\n<p> Der Vorschlag der Europ\u00e4ischen Kommission muss noch vom Rat der Europ\u00e4ischen Union gebilligt werden, bevor er offiziell umgesetzt werden kann.<\/p>\n<p> Quelle: https:\/\/baoquocte.vn\/eu-de-xuat-5-du-an-quoc-phong-xuyen-bien-gioi-quy-mo-lon-mo-duong-tiep-can-ngan-sach-chung-414085.html<\/p>\n","protected":false},"excerpt":{"rendered":"Dem Vorschlag zufolge umfassen die Europ\u00e4ischen Verteidigungsprojekte f\u00fcr gemeinsames Interesse (EDPCI): ein Drohnen- und Anti-Drohnen-Projekt unter Beteiligung von&hellip;\n","protected":false},"author":2,"featured_media":1141271,"comment_status":"","ping_status":"","sticky":false,"template":"","format":"standard","meta":{"footnotes":"","_share_on_mastodon":"0"},"categories":[3933],"tags":[331,332,18062,548,663,9865,231582,158,7736,3934,3935,13,14,224238,15,12],"class_list":["post-1141270","post","type-post","status-publish","format-standard","has-post-thumbnail","category-eu","tag-aktuelle-nachrichten","tag-aktuelle-news","tag-budget","tag-eu","tag-europa","tag-europaeische-kommission","tag-europaeische-kommission-ek","tag-europaeische-union","tag-europaeische-union-eu","tag-europe","tag-european-union","tag-headlines","tag-nachrichten","tag-nationale-verteidigung","tag-news","tag-schlagzeilen"],"share_on_mastodon":{"url":"https:\/\/pubeurope.com\/@de\/116859218782039847","error":""},"_links":{"self":[{"href":"https:\/\/www.europesays.com\/de\/wp-json\/wp\/v2\/posts\/1141270","targetHints":{"allow":["GET"]}}],"collection":[{"href":"https:\/\/www.europesays.com\/de\/wp-json\/wp\/v2\/posts"}],"about":[{"href":"https:\/\/www.europesays.com\/de\/wp-json\/wp\/v2\/types\/post"}],"author":[{"embeddable":true,"href":"https:\/\/www.europesays.com\/de\/wp-json\/wp\/v2\/users\/2"}],"replies":[{"embeddable":true,"href":"https:\/\/www.europesays.com\/de\/wp-json\/wp\/v2\/comments?post=1141270"}],"version-history":[{"count":0,"href":"https:\/\/www.europesays.com\/de\/wp-json\/wp\/v2\/posts\/1141270\/revisions"}],"wp:featuredmedia":[{"embeddable":true,"href":"https:\/\/www.europesays.com\/de\/wp-json\/wp\/v2\/media\/1141271"}],"wp:attachment":[{"href":"https:\/\/www.europesays.com\/de\/wp-json\/wp\/v2\/media?parent=1141270"}],"wp:term":[{"taxonomy":"category","embeddable":true,"href":"https:\/\/www.europesays.com\/de\/wp-json\/wp\/v2\/categories?post=1141270"},{"taxonomy":"post_tag","embeddable":true,"href":"https:\/\/www.europesays.com\/de\/wp-json\/wp\/v2\/tags?post=1141270"}],"curies":[{"name":"wp","href":"https:\/\/api.w.org\/{rel}","templated":true}]}}