{"id":1141277,"date":"2026-07-04T01:58:25","date_gmt":"2026-07-04T01:58:25","guid":{"rendered":"https:\/\/www.europesays.com\/de\/1141277\/"},"modified":"2026-07-04T01:58:25","modified_gmt":"2026-07-04T01:58:25","slug":"mann-aus-kreis-kleve-mit-gold-fuer-20-000-euro-in-babywindeln-am-zoll-flughafen-koeln-bonn-erwischt","status":"publish","type":"post","link":"https:\/\/www.europesays.com\/de\/1141277\/","title":{"rendered":"Mann aus Kreis Kleve mit Gold f\u00fcr 20.000 Euro in Babywindeln am Zoll Flughafen K\u00f6ln-Bonn erwischt"},"content":{"rendered":"<p class=\"text_ohne_einzug richtext text-em-55 !leading-serif mx-6 desktop:mx-0\">  Ein Mann aus dem Kreis <a href=\"https:\/\/rp-online.de\/thema\/kleve\/\" rel=\"nofollow noopener\" target=\"_blank\">Kleve<\/a> ist am Mittwochabend, 1. Juli, dem Zoll am Flughafen K\u00f6ln\/Bonn ins Netz gegangen. Der 42-J\u00e4hrige hatte acht Goldarmreifen und ein Paar Goldohrringe mit einem Gesamtgewicht von mehr als 200 Gramm dabei. Der Reiser\u00fcckkehrer aus dem <a href=\"https:\/\/rp-online.de\/thema\/irak\/\" rel=\"nofollow noopener\" target=\"_blank\">Irak<\/a> hatte versucht, mit seinem Gep\u00e4ck die Kontrollstelle des Zolls durch den gr\u00fcnen Ausgang f\u00fcr abgabefreie Waren zu verlassen, wie der Zoll mitteilte.<\/p>\n<p class=\"richtext text-em-55 !leading-serif mx-6 desktop:mx-0\">\u201eSchmuggelversuche von Goldschmuck oder Goldm\u00fcnzen versteckt im Gep\u00e4ck zwischen Bekleidung, eingewickelt in Alufolie oder Tennissocken geh\u00f6ren f\u00fcr uns am Flughafen zum t\u00e4glichen Gesch\u00e4ft, aber in Babywindeln versteckter Goldschmuck im Wert von rund 20.000 Euro ist schon sehr au\u00dfergew\u00f6hnlich&#8220;, sagt ein Sprecher des Hauptzollamts K\u00f6ln.<\/p>\n<p class=\"richtext text-em-55 !leading-serif mx-6 desktop:mx-0\">Gegen den deutschen Staatsb\u00fcrger wurde noch vor Ort ein Steuerstrafverfahren eingeleitet. Abgabenfrei sind Waren bei Flugreisen aus Nicht-EU-Staaten nur bis zu einem Wert von 430 Euro. Alles, was dar\u00fcber hinausgeht, muss beim Zoll angemeldet werden, sonst droht, wie in diesem Fall, ein Strafverfahren. \u201eDie noch vor Ort berechneten Einfuhrabgaben von mehr als 4300 Euro konnte der nach eigenen Angaben arbeitslose Reisende nicht bezahlen, und deshalb wurde der Goldschmuck zur Sicherung der Einfuhrabgaben beschlagnahmt. Zus\u00e4tzlich muss er mit einer empfindlichen Geldstrafe nach Abschluss des Ermittlungsverfahrens rechnen&#8220;, so der Zoll-Sprecher weiter.<\/p>\n","protected":false},"excerpt":{"rendered":"Ein Mann aus dem Kreis Kleve ist am Mittwochabend, 1. Juli, dem Zoll am Flughafen K\u00f6ln\/Bonn ins Netz&hellip;\n","protected":false},"author":2,"featured_media":1141278,"comment_status":"","ping_status":"","sticky":false,"template":"","format":"standard","meta":{"footnotes":"","_share_on_mastodon":"0"},"categories":[1842],"tags":[43493,240078,1741,3364,29,4788,2109,30,2400,65097,7738,1420,1209,22580,33845,615],"class_list":["post-1141277","post","type-post","status-publish","format-standard","has-post-thumbnail","category-bonn","tag-20-000","tag-babywindeln","tag-bonn","tag-de","tag-deutschland","tag-euro","tag-flughafen","tag-germany","tag-goldschmuck","tag-hauptzollamts","tag-kleve","tag-koeln","tag-nordrhein-westfalen","tag-versteckt","tag-wert","tag-zoll"],"share_on_mastodon":{"url":"https:\/\/pubeurope.com\/@de\/116859234471428390","error":""},"_links":{"self":[{"href":"https:\/\/www.europesays.com\/de\/wp-json\/wp\/v2\/posts\/1141277","targetHints":{"allow":["GET"]}}],"collection":[{"href":"https:\/\/www.europesays.com\/de\/wp-json\/wp\/v2\/posts"}],"about":[{"href":"https:\/\/www.europesays.com\/de\/wp-json\/wp\/v2\/types\/post"}],"author":[{"embeddable":true,"href":"https:\/\/www.europesays.com\/de\/wp-json\/wp\/v2\/users\/2"}],"replies":[{"embeddable":true,"href":"https:\/\/www.europesays.com\/de\/wp-json\/wp\/v2\/comments?post=1141277"}],"version-history":[{"count":0,"href":"https:\/\/www.europesays.com\/de\/wp-json\/wp\/v2\/posts\/1141277\/revisions"}],"wp:featuredmedia":[{"embeddable":true,"href":"https:\/\/www.europesays.com\/de\/wp-json\/wp\/v2\/media\/1141278"}],"wp:attachment":[{"href":"https:\/\/www.europesays.com\/de\/wp-json\/wp\/v2\/media?parent=1141277"}],"wp:term":[{"taxonomy":"category","embeddable":true,"href":"https:\/\/www.europesays.com\/de\/wp-json\/wp\/v2\/categories?post=1141277"},{"taxonomy":"post_tag","embeddable":true,"href":"https:\/\/www.europesays.com\/de\/wp-json\/wp\/v2\/tags?post=1141277"}],"curies":[{"name":"wp","href":"https:\/\/api.w.org\/{rel}","templated":true}]}}