{"id":1141310,"date":"2026-07-04T02:19:23","date_gmt":"2026-07-04T02:19:23","guid":{"rendered":"https:\/\/www.europesays.com\/de\/1141310\/"},"modified":"2026-07-04T02:19:23","modified_gmt":"2026-07-04T02:19:23","slug":"doppel-heimspiel-tote-hosen-in-duesseldorf-umjubelt-nrw","status":"publish","type":"post","link":"https:\/\/www.europesays.com\/de\/1141310\/","title":{"rendered":"Doppel-Heimspiel: Tote Hosen in D\u00fcsseldorf umjubelt | NRW"},"content":{"rendered":"<p id=\"absatz1\" class=\"em_text\">Die Rituale haben sich \u00fcber nunmehr 44 Jahre eingespielt: Erst kommt \u00abBlitzkrieg Bop\u00bb von den Ramones, dann \u00abYou&#8217;ll never walk alone\u00bb \u2013 und dann geht es los. Die Toten Hosen haben bei ihrer Abschiedstournee in ihrer Heimatstadt D\u00fcsseldorf das erste von zwei ausverkauften Open-Air-Konzerten gegeben.<\/p>\n<p id=\"absatz2\" class=\"em_text\">\u00abDas wird ein hei\u00dfer Abend\u00bb, verspricht S\u00e4nger Campino. \u00abEs gibt keinen Ort auf der Welt, an dem wir jetzt lieber w\u00e4ren\u00bb, ruft er den 44.500 Besucherinnen und Besuchern zu. \u00abWir haben total Bock auf dieses Wochenende.\u00bb<\/p>\n<p id=\"absatz4\" class=\"em_text\">Insgesamt werden bei beiden \u00abHeimspielen\u00bb am Freitag und Samstag sogar fast 90.000 Zuschauer in die Arena am Rhein str\u00f6men. \u00abDie Toten Hosen haben an diesem Wochenende die Stadt \u00fcbernommen\u00bb, konstatierte D\u00fcsseldorfs Oberb\u00fcrgermeister Stephan Keller.<\/p>\n<p>Ein langer Weg<\/p>\n<p><a class=\"link-img\" href=\"https:\/\/www.mt.de\/_em_daten\/_cache\/image\/1xSkZrbm5qenlidjRuZ05UTUhWYjVScFBrNWhsMEZLWldoaG1Jb0EyeTdrcDh1aE9CdHpORVFHM1FDcnc4MWFZcW5DbXVhOVlTaExoZDI0YlQ4cC9xZEdPUGw3VWcxRXhXc0tjTHFmZmhDTnl3a3F1QUN0cUZ6NUFKY0V2MmpnWnU\/260704-0245-urn-newsml-dpa-com-20090101-260704-935-1456640.webp\" data-fancybox=\"images\" data-caption=\"Campino vor heimischem Publikum. - \u00a9 Henning Kaiser\/dpa\" rel=\"nofollow noopener\" target=\"_blank\"><br \/>\n<img decoding=\"async\"  src=\"https:\/\/www.europesays.com\/de\/wp-content\/uploads\/2026\/07\/260704-0245-urn-newsml-dpa-com-20090101-260704-935-1456640.webp\" loading=\"lazy\" width=\"1000\" alt=\"Campino vor heimischem Publikum. - \u00a9 Henning Kaiser\/dpa\"\/><\/p>\n<p><\/a><\/p>\n<p>Campino vor heimischem Publikum. &#8211; \u00a9 Henning Kaiser\/dpa<\/p>\n<p id=\"absatz6\" class=\"em_text\">\u00abEs war ein langer Weg bis hierhin seit 1982\u00bb, sagt Campino. Rund 100 Konzerte haben die Punkrocker seither in der Landeshauptstadt gespielt \u2013 das erste unter einer Rheinbr\u00fccke, weil die Hallenbesitzer damals \u2013 zu Recht \u2013 um ihr Inventar f\u00fcrchteten, wie ein Auftritt in der Universit\u00e4t bewies, bei dem einiges zu Bruch ging.<\/p>\n<p><a class=\"link-img\" href=\"https:\/\/www.mt.de\/_em_daten\/_cache\/image\/1xSkZrbm5qenlidjRuZ05UTUhWYjVScFBrNWhsMEZLWldoaG1Jb0EyeTdrcDh1aE9CdHpORVFHM1FDcnc4MWFZcW5DbXVhOVlTaExoZDI0YlQ4cC9xZE1KS01TNEhLWURBNVdDZ1hML2NmMnNlVkFWblo5enU2Vm1zVE1sZXh0NzI\/260704-0245-urn-newsml-dpa-com-20090101-260704-935-1456634.webp\" data-fancybox=\"images\" data-caption=\"Campino in Aktion. - \u00a9 Henning Kaiser\/dpa\" rel=\"nofollow noopener\" target=\"_blank\"><br \/>\n<img decoding=\"async\"  src=\"https:\/\/www.europesays.com\/de\/wp-content\/uploads\/2026\/07\/260704-0245-urn-newsml-dpa-com-20090101-260704-935-1456634.webp\" loading=\"lazy\" width=\"1000\" alt=\"Campino in Aktion. - \u00a9 Henning Kaiser\/dpa\"\/><\/p>\n<p><\/a><\/p>\n<p>Campino in Aktion. &#8211; \u00a9 Henning Kaiser\/dpa<\/p>\n<p id=\"absatz8\" class=\"em_text\">Nun wehte ein Hauch von Wehmut durch die Arena. Nach 44 Jahren Bandgeschichte haben die Toten Hosen ihren Abschied angek\u00fcndigt. \u00abTrink aus! Wir m\u00fcssen gehen\u00bb hei\u00dft die Tour, die sie nun erstmals nach Nordrhein-Westfalen f\u00fchrte und die in einem Jahr dort an selber Stelle enden soll. Doch erst einmal feiern mehrere Generationen Hosen-Fans ihre Musik.<\/p>\n<p id=\"absatz9\" class=\"em_text\">Die Klassiker \u00abPushed again\u00bb, \u00abAusw\u00e4rtsspiel\u00bb, \u00abW\u00fcnsch dir was\u00bb und \u00abHier kommt Alex\u00bb lassen die Menge sofort toben. \u00abWir waren nie weg\u00bb vom neuen Album steht dem in nichts nach. \u00abVielen, vielen Dank f\u00fcr eure Treue\u00bb, ruft Campino, der vor wenigen Tagen seinen 64. Geburtstag feierte und davor ein weiteres Nummer-Eins-Album.<\/p>\n<p>Der schw\u00e4rzeste Tag<\/p>\n<p id=\"absatz10\" class=\"em_text\">Die Band erinnert auch an den schw\u00e4rzesten Tag ihrer Bandgeschichte vor 29 Jahren an selber Stelle, allerdings noch im alten, l\u00e4ngst abgerissenen Rheinstadion. Damals kam die 16-j\u00e4hrige Rieke im Gedr\u00e4nge vor der B\u00fchne ums Leben. \u00abHeute ist ihre Schwester hier\u00bb, sagt Campino.<\/p>\n<p id=\"absatz11\" class=\"em_text\">Zweieinhalb Stunden spielen die Hosen ihr Best-of-Repertoire und vieles vom neuen Album. Bei den Zugaben kommt Sammy Amara, S\u00e4nger der befreundeten Broilers, auf die B\u00fchne und singt mit Campino \u00abMeine Familie\u00bb im Duett.<\/p>\n<p id=\"absatz12\" class=\"em_text\">Im Juli 2027 kehren die Hosen dann noch einmal in die Arena zur\u00fcck, zum gro\u00dfen Schlussakkord \u2013 mindestens der Tournee, vielleicht auch der Toten Hosen als Band insgesamt nach dann 45 Jahren. <\/p>\n","protected":false},"excerpt":{"rendered":"Die Rituale haben sich \u00fcber nunmehr 44 Jahre eingespielt: Erst kommt \u00abBlitzkrieg Bop\u00bb von den Ramones, dann \u00abYou&#8217;ll&hellip;\n","protected":false},"author":2,"featured_media":1141311,"comment_status":"","ping_status":"","sticky":false,"template":"","format":"standard","meta":{"footnotes":"","_share_on_mastodon":"0"},"categories":[1831],"tags":[4408,3364,29,5868,3405,30,24791,1209,5206,4093],"class_list":["post-1141310","post","type-post","status-publish","format-standard","has-post-thumbnail","category-duesseldorf","tag-campino","tag-de","tag-deutschland","tag-die-toten-hosen","tag-duesseldorf","tag-germany","tag-hose","tag-nordrhein-westfalen","tag-rhein","tag-stephan-keller"],"share_on_mastodon":{"url":"https:\/\/pubeurope.com\/@de\/116859318362730168","error":""},"_links":{"self":[{"href":"https:\/\/www.europesays.com\/de\/wp-json\/wp\/v2\/posts\/1141310","targetHints":{"allow":["GET"]}}],"collection":[{"href":"https:\/\/www.europesays.com\/de\/wp-json\/wp\/v2\/posts"}],"about":[{"href":"https:\/\/www.europesays.com\/de\/wp-json\/wp\/v2\/types\/post"}],"author":[{"embeddable":true,"href":"https:\/\/www.europesays.com\/de\/wp-json\/wp\/v2\/users\/2"}],"replies":[{"embeddable":true,"href":"https:\/\/www.europesays.com\/de\/wp-json\/wp\/v2\/comments?post=1141310"}],"version-history":[{"count":0,"href":"https:\/\/www.europesays.com\/de\/wp-json\/wp\/v2\/posts\/1141310\/revisions"}],"wp:featuredmedia":[{"embeddable":true,"href":"https:\/\/www.europesays.com\/de\/wp-json\/wp\/v2\/media\/1141311"}],"wp:attachment":[{"href":"https:\/\/www.europesays.com\/de\/wp-json\/wp\/v2\/media?parent=1141310"}],"wp:term":[{"taxonomy":"category","embeddable":true,"href":"https:\/\/www.europesays.com\/de\/wp-json\/wp\/v2\/categories?post=1141310"},{"taxonomy":"post_tag","embeddable":true,"href":"https:\/\/www.europesays.com\/de\/wp-json\/wp\/v2\/tags?post=1141310"}],"curies":[{"name":"wp","href":"https:\/\/api.w.org\/{rel}","templated":true}]}}