{"id":1141372,"date":"2026-07-04T02:52:32","date_gmt":"2026-07-04T02:52:32","guid":{"rendered":"https:\/\/www.europesays.com\/de\/1141372\/"},"modified":"2026-07-04T02:52:32","modified_gmt":"2026-07-04T02:52:32","slug":"ostsee-kiel-raet-badenden-zu-vorsicht-wegen-vibrionen","status":"publish","type":"post","link":"https:\/\/www.europesays.com\/de\/1141372\/","title":{"rendered":"Ostsee: Kiel r\u00e4t Badenden zu Vorsicht wegen Vibrionen"},"content":{"rendered":"<p>Vorsicht vor Infektionen!Warnung f\u00fcr die Ostsee \u2013 besser nicht baden, wenn man eine Wunde hat<img alt=\"Ostseebad Rerik\" fetchpriority=\"high\" width=\"940\" height=\"529\" decoding=\"async\" data-nimg=\"1\" class=\"Image_image__SdgLQ Picture_image__vGN9W\" style=\"color:transparent\"   src=\"https:\/\/www.europesays.com\/de\/wp-content\/uploads\/2026\/07\/10426df6-275a-4035-9f37-81ccbdaadbbeoriginal.webp\"\/><\/p>\n<p>Wenn die Ostsee warm wird, vermehren sich Vibronen rasant (Archivbild)<\/p>\n<p>www.imago-images.de, IMAGO\/Inside-Picture, IMAGO\/IP<\/p>\n<p class=\"AnnotatedMarkup_paragraph__IUT9l\"><strong>Warme Ostsee bedeutet mehr Vibrionen.<\/strong><br \/>Sie sind winzig und doch k\u00f6nnten sie so manchem Urlauber die Ferien verderben: Vibrionen. Die kleinen Bakterien dringen \u00fcber offene Hautstellen in den K\u00f6rper ein. Je w\u00e4rmer das Wasser, umso aktiver sind die kleinen St\u00f6renfriede. Experten geben Tipps, um Infektionen zu verhindern.<\/p>\n<p>Auf Hautreaktionen achten<\/p>\n<p class=\"AnnotatedMarkup_paragraph__IUT9l\">Mit dem Ferienbeginn und einem Blick auf sommerliche Temperaturen warnt Schleswig-Holsteins Landeshauptstadt vor einem erh\u00f6hten Vibrionen-Risiko in der Ostsee.<strong> Die nat\u00fcrlich im Meer vorkommenden Bakterien k\u00f6nnen \u00fcber verletzte Haut in den K\u00f6rper eindringen und Infektionen ausl\u00f6sen, erkl\u00e4rte die Stadt. <\/strong>Solche F\u00e4lle sind zwar selten, doch Vorsichtsma\u00dfnahmen k\u00f6nnen das Risiko senken.<\/p>\n<p class=\"AnnotatedMarkup_paragraph__IUT9l\"><strong>Lese-Tipp: <\/strong><a href=\"https:\/\/www.rtl.de\/news\/grossbritannien-hund-leckt-frau-56-ab-sepsis-fuehrt-zu-vierfacher-amputation-id30396822.html\" target=\"_self\" rel=\"nofollow noopener\">Hund leckt Frau (56) ab, dann verliert sie Arme und Beine<\/a><\/p>\n<p class=\"AnnotatedMarkup_paragraph__IUT9l\">So sollte den Angaben nach bei offenen, gr\u00f6\u00dferen oder frischen Wunden das Baden oder Waten in warmem Ostseewasser vermieden werden. Bei kleineren Wunden sei eine m\u00f6glichst wasserdichte Abdeckung wichtig. Wenn eine Wunde doch mit Ostseewasser in Kontakt gekommen sei, m\u00fcsse diese gr\u00fcndlich mit sauberem Leitungswasser ausgesp\u00fclt und beobachtet werden.<\/p>\n<p class=\"AnnotatedMarkup_paragraph__IUT9l\">Laut Stadt sollen Badende nach dem Wasserkontakt auf lokale Hautreaktionen achten.\u00a0<strong>R\u00f6tet sich eine Wunde oder ein Kratzer rasch, schwillt stark an, pocht oder schmerzt heftig \u2013 oft zusammen mit Fieber oder Sch\u00fcttelfrost \u2013, muss sofort ein Arzt oder die Notaufnahme aufgesucht werden.<\/strong> Das medizinische Personal sollte unbedingt erfahren, dass Ostseewasser im Spiel war.<\/p>\n<p>Was sind Vibrionen?<\/p>\n<p class=\"AnnotatedMarkup_paragraph__IUT9l\">Vibrio vulnificus ist laut dem Gesundheitsministerium in Kiel ein Bakterium, das nat\u00fcrlicherweise in Meer- und Brackwasser lebt. <strong>Es liebe Salz, bevorzuge aber weniger salzhaltige Gew\u00e4sser wie die Ostsee.<\/strong> Im Winter, wenn das Wasser l\u00e4nger kalt bleibt, falle es in einen inaktiven Zustand und k\u00f6nne nicht nachgewiesen werden.<\/p>\n<p>Anzeige:<\/p>\n<p>Empfehlungen unserer Partner<\/p>\n<p>Video-Tipp: Arzt erkl\u00e4rt alles zur Sepsis: Mindestens 80.000 Tote in Deutschland pro Jahr!<\/p>\n<p>04:13 min<\/p>\n<p>Symptome, Ursachen und Behandlung<\/p>\n<p>Arzt erkl\u00e4rt alles zur Sepsis: Mindestens 80.000 Tote in Deutschland pro Jahr!<\/p>\n<p class=\"AnnotatedMarkup_paragraph__IUT9l\">Steigt die Wassertemperatur im Sommer auf mehr als etwa 20 Grad, werden Vibrionen den Angaben zufolge aktiv. Ihre Konzentration im Wasser kann dann deutlich zunehmen. Auch bei sinkenden Temperaturen bleiben die Bakterien mehrere Wochen aktiv.<\/p>\n<p>Badegew\u00e4sser im Norden top<\/p>\n<p class=\"AnnotatedMarkup_paragraph__IUT9l\">Die Qualit\u00e4t an den Badegew\u00e4ssern in Schleswig-Holstein ist nach bisher vorliegenden Proben einwandfrei. Dies teilte das Gesundheitsministerium Ende Mai mit. <strong>Insgesamt h\u00e4tten die Beh\u00f6rden der Kreise und kreisfreien St\u00e4dte mehr als 300 Proben der 330 Badegew\u00e4ssern im Land genommen &#8211; an allen Badestellen sei daher unbeschwertes Baden m\u00f6glich.<\/strong><\/p>\n<p class=\"AnnotatedMarkup_paragraph__IUT9l\"><strong>Lese-Tipp: <\/strong><a href=\"https:\/\/www.rtl.de\/news\/vater-verliert-nach-zahnarztbesuch-alle-gliedmassen-id30720488.html\" target=\"_self\" rel=\"nofollow noopener\">Davon (34) verliert nach Zahnarztbesuch alle Gliedma\u00dfen<\/a><\/p>\n<p class=\"AnnotatedMarkup_paragraph__IUT9l\">Grundlage f\u00fcr die Einstufungen sind laut dem Ministerium Gew\u00e4sserproben, die die Beh\u00f6rden regelm\u00e4\u00dfig vor Ort entnehmen. Sie seien f\u00fcr die \u00dcberwachung der Qualit\u00e4t und f\u00fcr m\u00f6gliche Ma\u00dfnahmen vor Ort verantwortlich. Neben der Entnahme und Analyse von Wasserproben f\u00e4nden dazu auch Ortsbesichtigungen statt &#8211; dabei werde etwa die Sichttiefe bestimmt sowie auf m\u00f6gliche Verschmutzungen und Algenentwicklungen geachtet. (dpa\/ajo)<\/p>\n<p class=\"AnnotatedMarkup_paragraph__IUT9l\">Verwendete Quellen: dpa<\/p>\n","protected":false},"excerpt":{"rendered":"Vorsicht vor Infektionen!Warnung f\u00fcr die Ostsee \u2013 besser nicht baden, wenn man eine Wunde hat Wenn die Ostsee&hellip;\n","protected":false},"author":2,"featured_media":1141373,"comment_status":"","ping_status":"","sticky":false,"template":"","format":"standard","meta":{"footnotes":"","_share_on_mastodon":"0"},"categories":[1852],"tags":[17327,3364,29,9092,20235,548,663,3934,30,20233,20232,141,20234,20231,13,232,4949,638,837,14,15,12,1971,20230],"class_list":["post-1141372","post","type-post","status-publish","format-standard","has-post-thumbnail","category-kiel","tag-behandlung","tag-de","tag-deutschland","tag-diagnose","tag-ems_ratgeber_gesundheit","tag-eu","tag-europa","tag-europe","tag-germany","tag-gesund-bleiben","tag-gesund-werden","tag-gesundheit","tag-gesundheitslexikon","tag-gesundheitstipps","tag-headlines","tag-health","tag-kiel","tag-krankheiten","tag-medizin","tag-nachrichten","tag-news","tag-schlagzeilen","tag-schleswig-holstein","tag-symptome"],"share_on_mastodon":{"url":"https:\/\/pubeurope.com\/@de\/116859446731527170","error":""},"_links":{"self":[{"href":"https:\/\/www.europesays.com\/de\/wp-json\/wp\/v2\/posts\/1141372","targetHints":{"allow":["GET"]}}],"collection":[{"href":"https:\/\/www.europesays.com\/de\/wp-json\/wp\/v2\/posts"}],"about":[{"href":"https:\/\/www.europesays.com\/de\/wp-json\/wp\/v2\/types\/post"}],"author":[{"embeddable":true,"href":"https:\/\/www.europesays.com\/de\/wp-json\/wp\/v2\/users\/2"}],"replies":[{"embeddable":true,"href":"https:\/\/www.europesays.com\/de\/wp-json\/wp\/v2\/comments?post=1141372"}],"version-history":[{"count":0,"href":"https:\/\/www.europesays.com\/de\/wp-json\/wp\/v2\/posts\/1141372\/revisions"}],"wp:featuredmedia":[{"embeddable":true,"href":"https:\/\/www.europesays.com\/de\/wp-json\/wp\/v2\/media\/1141373"}],"wp:attachment":[{"href":"https:\/\/www.europesays.com\/de\/wp-json\/wp\/v2\/media?parent=1141372"}],"wp:term":[{"taxonomy":"category","embeddable":true,"href":"https:\/\/www.europesays.com\/de\/wp-json\/wp\/v2\/categories?post=1141372"},{"taxonomy":"post_tag","embeddable":true,"href":"https:\/\/www.europesays.com\/de\/wp-json\/wp\/v2\/tags?post=1141372"}],"curies":[{"name":"wp","href":"https:\/\/api.w.org\/{rel}","templated":true}]}}