{"id":1141374,"date":"2026-07-04T02:53:21","date_gmt":"2026-07-04T02:53:21","guid":{"rendered":"https:\/\/www.europesays.com\/de\/1141374\/"},"modified":"2026-07-04T02:53:21","modified_gmt":"2026-07-04T02:53:21","slug":"sachsen-elternhaus-von-clara-zetkin-wird-als-ort-der-demokratiegeschichte-ausgezeichnet","status":"publish","type":"post","link":"https:\/\/www.europesays.com\/de\/1141374\/","title":{"rendered":"Sachsen: Elternhaus von Clara Zetkin wird als &#8222;Ort der Demokratiegeschichte&#8220; ausgezeichnet"},"content":{"rendered":"<p>        <img decoding=\"async\" src=\"https:\/\/www.europesays.com\/de\/wp-content\/uploads\/2026\/07\/wiederau-clara-zetkin-geschichte-102.webp\" alt=\"Die Ansicht eines zweigeschossigen Schulgeb\u00e4udes mit Bank davor.\" title=\"Die Ansicht eines zweigeschossigen Schulgeb\u00e4udes mit Bank davor. | Elvira Speer\" class=\"responsive\"\/><\/p>\n<p>AUDIO: Clara-Zetkin-Haus in Wiederau bekommt neue Dauerausstellung (5 Min)<\/p>\n<p class=\"topline\">Wiederau<\/p>\n<p>\n                Stand: 04.07.2026 03:00 Uhr<\/p>\n<p class=\"preface\">Clara Zetkin gilt als Vork\u00e4mpferin der Frauenrechte. W\u00e4hrend sie in der alten Bundesrepublik als &#8222;rote Emanze&#8220; abgetan worden ist, hat die DDR ihr Geldscheine und Briefmarken gewidmet \u2013 und zahlreiche Stra\u00dfen nach ihr benannt. Ihr Elternhaus in Wiederau wird nun als Ort der Demokratiegeschichte ausgezeichnet. Dazu zeigt eine neue Ausstellung Clara Zetkin nicht nur als politische Aktivistin, sondern auch als Mensch.<\/p>\n<p class=\"textauthor\">von Elvira Speer, MDR Kulturdesk<\/p>\n<p class=\"\">Der Weg nach Wiederau f\u00fchrt entlang alter Kirschbaum-Alleen, deren \u00c4ste voller leuchtend roter Fr\u00fcchte h\u00e4ngen. Die Alte Dorfschule liegt eingebettet zwischen hohen B\u00e4umen, Kirche und Pfarrhaus. Ein Ort, der zum Verweilen einl\u00e4dt. Genau hier begann das Leben einer Frau, die sp\u00e4ter Geschichte schreiben sollte: Die Lehrerstochter Clara Zetkin.<\/p>\n<p>                    <a href=\"https:\/\/www.europesays.com\/de\/wp-content\/uploads\/2026\/07\/wiederau-clara-zetkin-geschichte-108.webp\" class=\"zoomimage\" title=\"Bild vergr\u00f6\u00dfern\"><\/p>\n<p>        <img decoding=\"async\" src=\"https:\/\/www.europesays.com\/de\/wp-content\/uploads\/2026\/07\/wiederau-clara-zetkin-geschichte-108.webp\" alt=\"Zwei Frauen mit kurzen Haaren in einem Museumsraum.\" title=\"Helga Steinert und Ingrid M\u00fcller sind beide Mitglieder im \u00f6rtlichen Heimatverein und f\u00fcr die Ausstellung verantwortlich. | Elvira Speer\" class=\"responsive\" loading=\"lazy\"\/><\/p>\n<p>                    <\/a><\/p>\n<p>                    Helga Steinert und Ingrid M\u00fcller sind beide Mitglieder im \u00f6rtlichen Heimatverein und f\u00fcr die Ausstellung verantwortlich.<\/p>\n<p class=\"\">Zu <a href=\"https:\/\/www.mdr.de\/geschichte\/ddr\/alltag\/erziehung-bildung\/ddr-geschichte-sachunterricht-grundschule-100.html\" title=\"Debatte um Geschichte an Grundschulen: Wie sinnvoll ist DDR-Geschichte im Sachunterricht?\" rel=\"nofollow noopener\" target=\"_blank\">DDR-Zeiten<\/a> war die alte Schule eine staatliche Gedenkst\u00e4tte, erz\u00e4hlt Helga Steinert vom \u00f6rtlichen Heimatverein: &#8222;Da wurde sie auf den Sockel gestellt, als eine Frau, die nie Fehler machte. Wir wollten mehr die Frau sehen mit all ihren Facetten, die sie hatte.&#8220;<\/p>\n<blockquote><p>\n        Wir wollten mehr die Frau sehen mit all ihren Facetten.<\/p>\n<p>                Helga Steinert, Mitglied im Heimat und Natur Ortsverein K\u00f6nigshain-Wiederau e.V.<\/p>\n<\/blockquote>\n<p class=\"\">Die Leidenschaft der Rentnerin f\u00fcr Clara Zetkin treibt sie seit 2013 an, sich f\u00fcr eine Erneuerung des Museums einzusetzen. Als sp\u00e4ter Ingrid M\u00fcller ebenfalls dem Heimatverein beitrat und unerm\u00fcdlich F\u00f6rdermittel einwarb, nahm das Projekt an Fahrt auf. So konnten sie schlie\u00dflich ein modernes Ausstellungskonzept entwickeln und zwei neue R\u00e4ume gestalten.<\/p>\n<p>    Ausstellung thematisiert Familiengeschichte<\/p>\n<p class=\"\">Ingrid M\u00fcller zieht verschiedene Schubladen einer neu erworbenen Vitrine auf und zeigt pers\u00f6nliche Dokumente und Briefe. Darunter seien auch zahlreiche Originale, sagt sie. Briefe, die Clara Zetkin an ihre Mutter und Schwiegertochter schrieb. Einige dieser Briefe habe eine Gro\u00dfnichte Zetkins dem Museum 2008 aus Amerika mitgebracht.<\/p>\n<p>                    <a href=\"https:\/\/www.europesays.com\/de\/wp-content\/uploads\/2026\/07\/wiederau-clara-zetkin-geschichte-106.webp\" class=\"zoomimage\" title=\"Bild vergr\u00f6\u00dfern\"><\/p>\n<p>        <img decoding=\"async\" src=\"https:\/\/www.europesays.com\/de\/wp-content\/uploads\/2026\/07\/wiederau-clara-zetkin-geschichte-106.webp\" alt=\"Ein Ausstellungsraum mit Schautafeln an der Wand und zwei wei\u00dfen Vitrinen.\" title=\"In Wiederau sind unter anderem Briefe von Clara Zetkin ausgestellt. | Elvira Speer\" class=\"responsive\" loading=\"lazy\"\/><\/p>\n<p>                    <\/a><\/p>\n<p>                    In Wiederau sind unter anderem Briefe von Clara Zetkin ausgestellt.<\/p>\n<p class=\"\">Im zweiten Raum der kleinen Ausstellung illustriert ein b\u00fcrgerliches Wohnzimmer, wie die Familie damals lebte. Die historischen M\u00f6bel hat ein Dorfbewohner zur Verf\u00fcgung gestellt. Darunter ein alter B\u00fccherschrank mit Werken von <a href=\"https:\/\/www.mdr.de\/nachrichten\/thueringen\/mitte-thueringen\/weimar\/goethe-superstar-weimar-marketing-kultur-news-100.html\" title=\"250 Jahre Goethe in Weimar: Wie die Stadt mit ihrem Goethe-Erbe umgeht\" rel=\"nofollow noopener\" target=\"_blank\">Goethe<\/a>, Schiller und einer Ausgabe von Meyers Lexikon von 1864. Das alles habe Zetkin gelesen, erkl\u00e4rt Ingrid M\u00fcller.<\/p>\n<p>    Clara Zetkin als Vork\u00e4mpferin der Frauenbewegung<\/p>\n<p class=\"\">Sp\u00e4ter wurde Clara Zetkin zu einer der wichtigsten Stimmen der Frauen- und <a href=\"https:\/\/www.mdr.de\/geschichte\/zeitgeschichte-gegenwart\/politik-gesellschaft\/geschichte-erster-mai-tag-der-arbeit-feiertag-100.html\" title=\"Die Geschichte des 1. Mai: Vom Arbeiterprotest zum Feiertag \" rel=\"nofollow noopener\" target=\"_blank\">Arbeiterbewegung<\/a>. Ihr Einsatz trug mit dazu bei, dass Frauen 1918 das <a href=\"https:\/\/www.mdr.de\/geschichte\/weitere-epochen\/weimarer-republik\/frauenwahlrecht-frauen-waehlen-kandidieren-emanzipation-erster-weltkrieg-100.html\" title=\"Der lange Weg zum Frauenwahlrecht\" rel=\"nofollow noopener\" target=\"_blank\">Wahlrecht<\/a> erhielten.<\/p>\n<p class=\"\">Das Wahlrecht der Frauen sei ein Meilenstein gewesen, ebenso wie Zetkins Wirken f\u00fcr die Bildung von Frauen, sagt M\u00fcller. Nun werde ihr vielf\u00e4ltiges Wirken noch einmal gew\u00fcrdigt: &#8222;Sie hat ja damals schon erkannt, dass die Frauen mit arbeiten m\u00fcssen, um das Einkommen einer Familie zu sichern. Und daf\u00fcr braucht es <a href=\"https:\/\/www.mdr.de\/nachrichten\/sachsen\/kita-kindergarten-erzieher-geburtenrueckgang-kuerzung-100.html\" title=\"Tr\u00e4ger und Gewerkschaft warnen vor Kita-Versorgungsl\u00fccken in Sachsen\" rel=\"nofollow noopener\" target=\"_blank\">Kindereinrichtungen<\/a>. Da hatte sie einen Weitblick!&#8220;<\/p>\n<p>                    <a href=\"https:\/\/www.europesays.com\/de\/wp-content\/uploads\/2026\/07\/wiederau-clara-zetkin-geschichte-100.webp\" class=\"zoomimage\" title=\"Bild vergr\u00f6\u00dfern\"><\/p>\n<p>        <img decoding=\"async\" src=\"https:\/\/www.europesays.com\/de\/wp-content\/uploads\/2026\/07\/wiederau-clara-zetkin-geschichte-100.webp\" alt=\"Ein Museumsraum mit einem Tisch, zwei St\u00fchlen und einer Vitrine.\" title=\"Die Ausstellung zeigt auch ein b\u00fcrgerlich eingerichtetes Wohnzimmer. | Elvira Speer\" class=\"responsive\" loading=\"lazy\"\/><\/p>\n<p>                    <\/a><\/p>\n<p>                    Die Ausstellung zeigt auch ein b\u00fcrgerlich eingerichtetes Wohnzimmer.<\/p>\n<p>    Geschichte: Neuer Blick auf das Exil in Moskau<\/p>\n<p class=\"\">Doch Clara Zetkins Biografie hat auch eine andere Seite. Als \u00fcberzeugte Kommunistin lebte sie zuletzt im sowjetischen Exil und wurde nach ihrem Tod 1933 an der Kremlmauer in Moskau beigesetzt. Diese vermeintliche N\u00e4he zur Sowjetunion werde in der j\u00fcngsten Forschung relativiert, sagt Vereinsmitglied Ingrid M\u00fcller.<\/p>\n<blockquote><p>\n        Ihr wurde das Leben von Stalin schwer gemacht.<\/p>\n<p>                Ingrid M\u00fcller, Mitglied im Heimat und Natur Ortsverein K\u00f6nigshain-Wiederau e.V.<\/p>\n<\/blockquote>\n<p class=\"\">Es habe Differenzen gegeben. Clara Zetkin sei in den 20er-Jahren, in denen sie immer wieder in der Sowjetununion war, das Telefon gekappt worden. Auch habe sie Schwierigkeiten gehabt, ihre Post zu verschicken. &#8222;Ihr wurde das Leben von <a href=\"https:\/\/www.mdr.de\/geschichte\/zeitgeschichte-gegenwart\/politik-gesellschaft\/tod-josef-stalin-schlaganfall-diktator-sowjetunion-mdr-100.html\" title=\"Josef Stalin und sein tagelanger Tod\" rel=\"nofollow noopener\" target=\"_blank\">Stalin<\/a> eigentlich schwer gemacht&#8220;, so M\u00fcller.<\/p>\n<p>    Auszeichnung als &#8222;Ort der Demokratiegeschichte&#8220;<\/p>\n<p class=\"\">Dass Clara Zetkins Elternhaus in Wiederau nun als &#8222;Ort der <a href=\"https:\/\/www.mdr.de\/nachrichten\/sachsen\/leipzig\/leipzig-leipzig-land\/klang-demokratie-konzert-schule-performance-kultur-news-100.html\" title=\"Leipzig: Wie man mit Cello, Akkordeon und Co. die Demokratie sp\u00fcrbar macht\" rel=\"nofollow noopener\" target=\"_blank\">Demokratiegeschichte<\/a>&#8220; ausgezeichnet wird, freut Ingrid M\u00fcller sehr. Die Ehrung wird von der Bundesstiftung Orte der deutschen Demokratiegeschichte vergeben. Neben den zahlreichen Demokratieorten in den Gro\u00dfst\u00e4dten Leipzig und Dresden ist das Museum in Wiederau einer von drei Orten der Demokratiegeschichte in Sachsens l\u00e4ndlicher Region.<\/p>\n<p class=\"\">Die Auszeichnung versteht Ingrid M\u00fcller auch als Einladung, sich mit den Themen Demokratie und Gleichberechtigung, aber auch der Lebensleistung von Clara Zetkin auseinanderzusetzen.<\/p>\n<p><strong>Museum &#8222;Alte Dorfschule&#8220; Wiederau<\/strong><\/p>\n<p>Rochlitzer Stra\u00dfe 14<br \/>Ortsteil Wiederau<br \/>09306 K\u00f6nigshain-Wiederau<\/p>\n<p>Die Ausstellung wird am Samstag (04.07.26) feierlich er\u00f6ffnet \u2013 mit einem Tag der offenen T\u00fcr von 11 bis 17 Uhr. <\/p>\n<p>Weitere \u00d6ffnungszeiten auf Anfrage.<\/p>\n<p class=\"\">Quelle: MDR KULTUR (Elvira Speer), Museum &#8222;Alte Dorfschule&#8220; Wiederau, Landesbildungsserver Baden-W\u00fcrttemberg\n <\/p>\n<p>Redaktionelle Bearbeitung: aw, td<\/p>\n","protected":false},"excerpt":{"rendered":"AUDIO: Clara-Zetkin-Haus in Wiederau bekommt neue Dauerausstellung (5 Min) Wiederau Stand: 04.07.2026 03:00 Uhr Clara Zetkin gilt als&hellip;\n","protected":false},"author":2,"featured_media":1141375,"comment_status":"","ping_status":"","sticky":false,"template":"","format":"standard","meta":{"footnotes":"","_share_on_mastodon":"0"},"categories":[1851],"tags":[2076,2770,129,3364,146,29,548,663,3934,65456,23419,30,2989,13,31391,22965,66,2264,14,15,8816,859,12,966,4958,43937,195807],"class_list":["post-1141374","post","type-post","status-publish","format-standard","has-post-thumbnail","category-chemnitz","tag-ausstellung","tag-chemnitz","tag-ddr","tag-de","tag-demokratie","tag-deutschland","tag-eu","tag-europa","tag-europe","tag-exil","tag-frauenrechte","tag-germany","tag-geschichte","tag-headlines","tag-heimatverein","tag-kommunismus","tag-kulturnachrichten","tag-museum","tag-nachrichten","tag-news","tag-ort","tag-sachsen","tag-schlagzeilen","tag-schule","tag-sowjetunion","tag-stalin","tag-wiederau"],"share_on_mastodon":{"url":"https:\/\/pubeurope.com\/@de\/116859451193281454","error":""},"_links":{"self":[{"href":"https:\/\/www.europesays.com\/de\/wp-json\/wp\/v2\/posts\/1141374","targetHints":{"allow":["GET"]}}],"collection":[{"href":"https:\/\/www.europesays.com\/de\/wp-json\/wp\/v2\/posts"}],"about":[{"href":"https:\/\/www.europesays.com\/de\/wp-json\/wp\/v2\/types\/post"}],"author":[{"embeddable":true,"href":"https:\/\/www.europesays.com\/de\/wp-json\/wp\/v2\/users\/2"}],"replies":[{"embeddable":true,"href":"https:\/\/www.europesays.com\/de\/wp-json\/wp\/v2\/comments?post=1141374"}],"version-history":[{"count":0,"href":"https:\/\/www.europesays.com\/de\/wp-json\/wp\/v2\/posts\/1141374\/revisions"}],"wp:featuredmedia":[{"embeddable":true,"href":"https:\/\/www.europesays.com\/de\/wp-json\/wp\/v2\/media\/1141375"}],"wp:attachment":[{"href":"https:\/\/www.europesays.com\/de\/wp-json\/wp\/v2\/media?parent=1141374"}],"wp:term":[{"taxonomy":"category","embeddable":true,"href":"https:\/\/www.europesays.com\/de\/wp-json\/wp\/v2\/categories?post=1141374"},{"taxonomy":"post_tag","embeddable":true,"href":"https:\/\/www.europesays.com\/de\/wp-json\/wp\/v2\/tags?post=1141374"}],"curies":[{"name":"wp","href":"https:\/\/api.w.org\/{rel}","templated":true}]}}