{"id":1141554,"date":"2026-07-04T04:40:17","date_gmt":"2026-07-04T04:40:17","guid":{"rendered":"https:\/\/www.europesays.com\/de\/1141554\/"},"modified":"2026-07-04T04:40:17","modified_gmt":"2026-07-04T04:40:17","slug":"diplomatie-landeshauptfrau-verabschiedete-britische-botschafterin-skoll","status":"publish","type":"post","link":"https:\/\/www.europesays.com\/de\/1141554\/","title":{"rendered":"Diplomatie &#8211; Landeshauptfrau verabschiedete britische Botschafterin Skoll"},"content":{"rendered":"<p>        <img decoding=\"async\" src=\"https:\/\/www.europesays.com\/de\/wp-content\/uploads\/2026\/07\/img-by1axNICw7C2EADU.jpeg\" data-fullscreen-src=\"https:\/\/www.noen.at\/image\/3840x0-jpg\/6510060\/img-by1axNICw7C2EADU.jpeg\" bad-src=\"https:\/\/www.europesays.com\/de\/wp-content\/uploads\/2026\/07\/img-by1axNICw7C2EADU.jpeg\" data-teaser-member=\"image\" alt=\"Landeshauptfrau Johanna Mikl-Leitner (rechts) verabschiedete die britische Botschafterin in \u00d6sterreich, Lindsay Skoll.\"\/><\/p>\n<p>\n                Landeshauptfrau Johanna Mikl-Leitner (rechts) verabschiedete die britische Botschafterin in \u00d6sterreich, Lindsay Skoll.            <\/p>\n<p>\n                Foto:<br \/>\n                NLK\/Pfeiffer                            <\/p>\n<p>\n        <strong>D<\/strong>ie britische Botschafterin in \u00d6sterreich, Lindsay Skoll, ist offiziell von Landeshauptfrau Johanna Mikl-Leitner verabschiedet worden. Mikl-Leitner w\u00fcrdigte den Beitrag Skolls zur Vertiefung der Beziehungen zwischen Nieder\u00f6sterreich und dem Vereinigten K\u00f6nigreich.     <\/p>\n<p>Mit Dank und Anerkennung hat Landeshauptfrau Johanna Mikl-Leitner (\u00d6VP) die britische Botschafterin Lindsay Skoll verabschiedet. In den vergangenen Jahren sei ein intensiver Austausch entstanden, der von zahlreichen Gespr\u00e4chen und Begegnungen gepr\u00e4gt gewesen sei. Dabei standen vor allem wirtschaftliche, gesellschaftliche und europ\u00e4ische Zukunftsfragen im Mittelpunkt.<\/p>\n","protected":false},"excerpt":{"rendered":"Landeshauptfrau Johanna Mikl-Leitner (rechts) verabschiedete die britische Botschafterin in \u00d6sterreich, Lindsay Skoll. Foto: NLK\/Pfeiffer Die britische Botschafterin in&hellip;\n","protected":false},"author":2,"featured_media":1141555,"comment_status":"","ping_status":"","sticky":false,"template":"","format":"standard","meta":{"footnotes":"","_share_on_mastodon":"0"},"categories":[3976],"tags":[331,332,70082,13,126911,240134,14,15,7014,12,3992,3993,3994,62421,3995,3996,3997],"class_list":["post-1141554","post","type-post","status-publish","format-standard","has-post-thumbnail","category-vereinigtes-koenigreich","tag-aktuelle-nachrichten","tag-aktuelle-news","tag-botschafterin","tag-headlines","tag-johanna-mikl-leitner","tag-lindsay-skoll","tag-nachrichten","tag-news","tag-redaktion","tag-schlagzeilen","tag-uk","tag-united-kingdom","tag-united-kingdom-of-great-britain-and-northern-ireland","tag-verabschiedung","tag-vereinigtes-koenigreich","tag-vereinigtes-koenigreich-grossbritannien-und-nordirland","tag-vereinigtes-koenigreich-von-grossbritannien-und-nordirland"],"share_on_mastodon":{"url":"","error":""},"_links":{"self":[{"href":"https:\/\/www.europesays.com\/de\/wp-json\/wp\/v2\/posts\/1141554","targetHints":{"allow":["GET"]}}],"collection":[{"href":"https:\/\/www.europesays.com\/de\/wp-json\/wp\/v2\/posts"}],"about":[{"href":"https:\/\/www.europesays.com\/de\/wp-json\/wp\/v2\/types\/post"}],"author":[{"embeddable":true,"href":"https:\/\/www.europesays.com\/de\/wp-json\/wp\/v2\/users\/2"}],"replies":[{"embeddable":true,"href":"https:\/\/www.europesays.com\/de\/wp-json\/wp\/v2\/comments?post=1141554"}],"version-history":[{"count":0,"href":"https:\/\/www.europesays.com\/de\/wp-json\/wp\/v2\/posts\/1141554\/revisions"}],"wp:featuredmedia":[{"embeddable":true,"href":"https:\/\/www.europesays.com\/de\/wp-json\/wp\/v2\/media\/1141555"}],"wp:attachment":[{"href":"https:\/\/www.europesays.com\/de\/wp-json\/wp\/v2\/media?parent=1141554"}],"wp:term":[{"taxonomy":"category","embeddable":true,"href":"https:\/\/www.europesays.com\/de\/wp-json\/wp\/v2\/categories?post=1141554"},{"taxonomy":"post_tag","embeddable":true,"href":"https:\/\/www.europesays.com\/de\/wp-json\/wp\/v2\/tags?post=1141554"}],"curies":[{"name":"wp","href":"https:\/\/api.w.org\/{rel}","templated":true}]}}