{"id":1141740,"date":"2026-07-04T06:23:22","date_gmt":"2026-07-04T06:23:22","guid":{"rendered":"https:\/\/www.europesays.com\/de\/1141740\/"},"modified":"2026-07-04T06:23:22","modified_gmt":"2026-07-04T06:23:22","slug":"bremer-mercedes-beschaeftigte-protestieren-gegen-sparkurs","status":"publish","type":"post","link":"https:\/\/www.europesays.com\/de\/1141740\/","title":{"rendered":"Bremer Mercedes-Besch\u00e4ftigte protestieren gegen Sparkurs"},"content":{"rendered":"<p>&#13;<br \/>\n            Bremen\/Emden. Tausende Besch\u00e4ftigte von Mercedes und Volkswagen haben in Bremen, Hamburg und Emden gegen die Sparpl\u00e4ne bei den Autobauern protestiert. Die Demonstration und die anschlie\u00dfende Kundgebung in Bremen seien friedlich verlaufen, bilanzierte eine Sprecherin der Polizei. Laut der Gewerkschaft IG Metall beteiligten sich rund 5.000 Besch\u00e4ftigte in Bremen. Als Redner sprach Bremens Regierungschef Andreas Bovenschulte (SPD).\u00a0 <\/p>\n<p>Im Bremer Werk arbeiten rund 11.000 Menschen. Damit ist der Autobauer der gr\u00f6\u00dfte private Arbeitgeber der Region. Weitere Aktionen waren in Sindelfingen, Stuttgart, Rastatt, Kuppenheim, D\u00fcsseldorf, Berlin, Hamburg und Germersheim geplant.\u00a0 <\/p>\n<p>Am Hamburger Mercedes-Werk kamen nach Angaben der Gewerkschaft mehr als 300 Besch\u00e4ftigte bei einer Kundgebung vor dem Werkstor zusammen. Im ostfriesischen Emden protestierten laut IG Metall mehr als 4.000 Mitarbeiterinnen und Mitarbeiter des VW-Werks gegen die Sparpl\u00e4ne des nieders\u00e4chsischen Autobauers.\u00a0 <\/p>\n<p>            &#13;<br \/>\n              <img decoding=\"async\"   src=\"https:\/\/www.europesays.com\/de\/wp-content\/uploads\/2026\/07\/Die-IG-Metall-hatte-zu-den-Protesten-aufgerufen-1344190.jpg\" title=\"Bremer Mercedes-Besch\u00e4ftigte protestieren gegen Sparkurs \" alt=\"Die IG Metall hatte zu den Protesten aufgerufen.\" class=\"img-responsive\"\/>&#13;<br \/>\n              &#13;<\/p>\n<p>Die IG Metall hatte zu den Protesten aufgerufen. &#13;<br \/>\n\t\t\t\t\t\t\t\tFoto: Focke Strangmann\/dpa<\/p>\n<p>&#13;<br \/>\n              &#13;<\/p>\n<p>           Gewerkschaft: Sparkurs auf Kosten der Besch\u00e4ftigten\u00a0 <\/p>\n<p>Hintergrund der Proteste sind angek\u00fcndigte Sparma\u00dfnahmen: Mercedes verschiebt eine geplante Sonderzahlung auf das kommende Jahr. Zudem fordert der Vorstand, dass die Mitarbeiter k\u00fcnftig f\u00fcr das gleiche Geld mehr arbeiten sollen. Der Sparkurs ist aus Sicht des Autobauers n\u00f6tig, weil der Gewinn eingebrochen ist.\u00a0 <\/p>\n<p>Der VW-Konzern will Medienberichten zufolge seinen Sparkurs deutlich versch\u00e4rfen. Bis zu 100.000 Stellen k\u00f6nnten weltweit wegfallen, doppelt so viele wie bisher geplant, berichtete das \u201eManager Magazin\u201c. Vier Werken in Deutschland \u2013 Hannover, Emden, Zwickau und Neckarsulm \u2013 drohe die Schlie\u00dfung.\u00a0 <\/p>\n<p>Die IG Metall kritisiert, dass sich die Ma\u00dfnahmen einseitig gegen die Belegschaft richten w\u00fcrden. \u201eOb Mercedes oder Volkswagen, die Besch\u00e4ftigten sind nicht bereit, die Zeche f\u00fcr das Managerversagen zu zahlen\u201c, sagte Daniel Friedrich, Bezirksleiter der IG Metall K\u00fcste in einer Mitteilung. \u201eDie Besch\u00e4ftigten haben die aktuellen Probleme der Unternehmen nicht verursacht. Sie haben in den vergangenen Jahren Milliarden erwirtschaftet, die Transformation mitgetragen und immer wieder Flexibilit\u00e4t bewiesen.\u201c <\/p>\n<p><img decoding=\"async\"   src=\"https:\/\/www.europesays.com\/de\/wp-content\/uploads\/2026\/07\/Als-Redner-kam-Bremens-Regierungschef-Andreas-Bovenschulte-1344191.jpg\" title=\"Bremer Mercedes-Besch\u00e4ftigte protestieren gegen Sparkurs \" alt=\"Als Redner kam Bremens Regierungschef Andreas Bovenschulte (SPD).\" class=\"img-responsive\"\/><\/p>\n<p>Als Redner kam Bremens Regierungschef Andreas Bovenschulte (SPD). &#13;<br \/>\n\t\t\t\t\t\t\t\tFoto: Focke Strangmann\/dpa<\/p>\n","protected":false},"excerpt":{"rendered":"&#13; Bremen\/Emden. Tausende Besch\u00e4ftigte von Mercedes und Volkswagen haben in Bremen, Hamburg und Emden gegen die Sparpl\u00e4ne bei&hellip;\n","protected":false},"author":2,"featured_media":1141741,"comment_status":"","ping_status":"","sticky":false,"template":"","format":"standard","meta":{"footnotes":"","_share_on_mastodon":"0"},"categories":[1824],"tags":[582,6925,2420,3364,507,29,30,618,744,377,9346,603],"class_list":["post-1141740","post","type-post","status-publish","format-standard","has-post-thumbnail","category-bremen","tag-automobilindustrie","tag-baden-wrttemberg","tag-bremen","tag-de","tag-demonstration","tag-deutschland","tag-germany","tag-gewerkschaft","tag-ig-metall","tag-mercedes-benz","tag-tarife","tag-vw"],"share_on_mastodon":{"url":"https:\/\/pubeurope.com\/@de\/116860277832290701","error":""},"_links":{"self":[{"href":"https:\/\/www.europesays.com\/de\/wp-json\/wp\/v2\/posts\/1141740","targetHints":{"allow":["GET"]}}],"collection":[{"href":"https:\/\/www.europesays.com\/de\/wp-json\/wp\/v2\/posts"}],"about":[{"href":"https:\/\/www.europesays.com\/de\/wp-json\/wp\/v2\/types\/post"}],"author":[{"embeddable":true,"href":"https:\/\/www.europesays.com\/de\/wp-json\/wp\/v2\/users\/2"}],"replies":[{"embeddable":true,"href":"https:\/\/www.europesays.com\/de\/wp-json\/wp\/v2\/comments?post=1141740"}],"version-history":[{"count":0,"href":"https:\/\/www.europesays.com\/de\/wp-json\/wp\/v2\/posts\/1141740\/revisions"}],"wp:featuredmedia":[{"embeddable":true,"href":"https:\/\/www.europesays.com\/de\/wp-json\/wp\/v2\/media\/1141741"}],"wp:attachment":[{"href":"https:\/\/www.europesays.com\/de\/wp-json\/wp\/v2\/media?parent=1141740"}],"wp:term":[{"taxonomy":"category","embeddable":true,"href":"https:\/\/www.europesays.com\/de\/wp-json\/wp\/v2\/categories?post=1141740"},{"taxonomy":"post_tag","embeddable":true,"href":"https:\/\/www.europesays.com\/de\/wp-json\/wp\/v2\/tags?post=1141740"}],"curies":[{"name":"wp","href":"https:\/\/api.w.org\/{rel}","templated":true}]}}