{"id":1141817,"date":"2026-07-04T07:16:25","date_gmt":"2026-07-04T07:16:25","guid":{"rendered":"https:\/\/www.europesays.com\/de\/1141817\/"},"modified":"2026-07-04T07:16:25","modified_gmt":"2026-07-04T07:16:25","slug":"familie-findet-mehr-als-1-000-knochen-und-zaehne-im-garten","status":"publish","type":"post","link":"https:\/\/www.europesays.com\/de\/1141817\/","title":{"rendered":"Familie findet mehr als 1.000 Knochen und Z\u00e4hne im Garten"},"content":{"rendered":"<p>\n                Stand: 04.07.2026 08:22 Uhr<\/p>\n<p class=\"preface\">Was als Gartenarbeit begann, entwickelt sich zu einem gruseligen Fall: Eine Familie aus Braunschweig entdeckt bei der Gartenarbeit menschliche Knochen. Die Polizei ermittelt &#8211; ein Verbrechen schlie\u00dft sie aber aus.<\/p>\n<p class=\"textauthor\">von Sabine Hausherr<\/p>\n<p>                    <a href=\"https:\/\/www.europesays.com\/de\/wp-content\/uploads\/2026\/07\/knochen-114.webp\" class=\"zoomimage\" title=\"Bild vergr\u00f6\u00dfern\"><\/p>\n<p>        <img decoding=\"async\" src=\"https:\/\/www.europesays.com\/de\/wp-content\/uploads\/2026\/07\/knochen-114.webp\" alt=\"Ein Mann steht in einem aufgegrabenen Garten.\" title=\"Der Garten von Hauseigent\u00fcmer Felix Chall  gleicht einer Kraterlandschaft. | NDR, Sabine Hausherr\" class=\"responsive\" loading=\"lazy\"\/><\/p>\n<p>                    <\/a><\/p>\n<p>                    Der Garten von Hauseigent\u00fcmer Felix Chall  gleicht einer Kraterlandschaft.<\/p>\n<p class=\"\">&#8222;Es vergeht kaum ein Tag, an dem wir nichts finden&#8220;, sagt Felix Chall. Eigentlich wollte der 35-J\u00e4hrige zusammen mit seiner Frau den Garten f\u00fcr den Sommer sch\u00f6n gestalten. Doch schon bei den ersten Arbeiten im neuen Garten entdeckten sie Knochen. Mal waren es einzelne Knochenfragmente, mal Z\u00e4hne, manchmal aber auch gr\u00f6\u00dfere Teile eines Skeletts. Selbst Sch\u00e4delknochen hat der Familienvater schon gefunden. Was als gew\u00f6hnliche Gartenarbeit begann, entwickelte sich f\u00fcr die Familie zu einem gruseligen Unterfangen.<\/p>\n<p>    Familie findet Knochen von Kindern und Erwachsenen<\/p>\n<p>                    <a href=\"https:\/\/www.europesays.com\/de\/wp-content\/uploads\/2026\/07\/knochen-132.webp\" class=\"zoomimage\" title=\"Bild vergr\u00f6\u00dfern\"><\/p>\n<p>        <img decoding=\"async\" src=\"https:\/\/www.europesays.com\/de\/wp-content\/uploads\/2026\/07\/knochen-132.webp\" alt=\"Umgegrabener Garten\" title=\"Fast t\u00e4glich gr\u00e4bt Felix Chall in seinem Garten - er m\u00f6chte alle Knochen bergen, bevor er die neuen Beete anlegt. | NDR, Sabine Hausherr\" class=\"responsive\" loading=\"lazy\"\/><\/p>\n<p>                    <\/a><\/p>\n<p>                    Fast t\u00e4glich gr\u00e4bt Felix Chall in seinem Garten &#8211; er m\u00f6chte alle Knochen bergen, bevor er die neuen Beete anlegt.<\/p>\n<p class=\"\">Vor zwei Jahren hatte Felix Chall das Haus zusammen mit seiner Frau im Braunschweiger Ortsteil Dibbesdorf gekauft. Zu Ostern wollten sie mit der Neugestaltung des Gartens beginnen. Beim Entfernen alter Gehwegplatten stie\u00dfen sie auf einen ersten Knochen. Kurz darauf folgten weitere Funde. Inzwischen haben die Eheleute zusammen mit ihren drei T\u00f6chtern weit mehr als 1.000 Knochen und zahlreiche Z\u00e4hne aus dem Boden geborgen. Darunter befinden sich \u00dcberreste von Erwachsenen, aber auch von Kindern.<\/p>\n<p>    Polizei r\u00fcckt mit Gro\u00dfaufgebot an<\/p>\n<p>                    <a href=\"https:\/\/www.europesays.com\/de\/wp-content\/uploads\/2026\/07\/knochen-128.webp\" class=\"zoomimage\" title=\"Bild vergr\u00f6\u00dfern\"><\/p>\n<p>        <img decoding=\"async\" src=\"https:\/\/www.europesays.com\/de\/wp-content\/uploads\/2026\/07\/knochen-128.webp\" alt=\"Mann h\u00e4lt einen Knochen in der Hand.\" title=\"Auch einen Sch\u00e4del hat Felix Chall in seinem Garten gefunden. | NDR, Sabine Hausherr\" class=\"responsive\" loading=\"lazy\"\/><\/p>\n<p>                    <\/a><\/p>\n<p>                    Auch einen Sch\u00e4del hat Felix Chall in seinem Garten gefunden.<\/p>\n<p class=\"\">Nach den ersten Funden informierte die Familie die Polizei. Ein Rechtsmediziner best\u00e4tigte noch am selben Tag, dass es sich um menschliche Knochen handelt. Wenige Wochen sp\u00e4ter r\u00fcckte die Polizei mit einem gr\u00f6\u00dferen Team zur Spurensicherung an. Insgesamt elf Einsatzkr\u00e4fte durchsuchten das Grundst\u00fcck und bargen kistenweise Gebeine. Die Funde wurden anschlie\u00dfend von Rechtsmedizinern der Medizinischen Hochschule Hannover untersucht. Dabei fanden die Experten weder Br\u00fcche noch andere Verletzungen an den Knochen, die auf ein Gewaltverbrechen hindeuten k\u00f6nnten.<\/p>\n<p>    Staatsanwaltschaft sieht keinen Kriminalfall<\/p>\n<p>                    <a href=\"https:\/\/www.europesays.com\/de\/wp-content\/uploads\/2026\/07\/knochen-124.webp\" class=\"zoomimage\" title=\"Bild vergr\u00f6\u00dfern\"><\/p>\n<p>        <img decoding=\"async\" src=\"https:\/\/www.europesays.com\/de\/wp-content\/uploads\/2026\/07\/knochen-124.webp\" alt=\"Alte Knochen und ein Teil eines Sch\u00e4dels liegen in einer Kiste\" title=\"Alle Fundst\u00fccke werden gesammelt.  | NDR, Sabine Hausherr\" class=\"responsive\" loading=\"lazy\"\/><\/p>\n<p>                    <\/a><\/p>\n<p>                    Alle Fundst\u00fccke werden gesammelt. <\/p>\n<p class=\"\">F\u00fcr die Staatsanwaltschaft Braunschweig handelt es sich nach derzeitigem Stand nicht um einen Kriminalfall. Die Untersuchungen h\u00e4tten keine Hinweise auf ein T\u00f6tungsdelikt ergeben, sagt Christian Wolters von der Staatsanwaltschaft Braunschweig. Nach Einsch\u00e4tzung der Ermittler sind die Knochen mindestens 50 bis 100 Jahre alt. &#8222;Auch pers\u00f6nliche Gegenst\u00e4nde oder Uniformteile, die R\u00fcckschl\u00fcsse auf die Identit\u00e4t der Toten zulassen k\u00f6nnten, wurden bislang nicht gefunden&#8220;, so Wolters weiter. Da es derzeit keine Anhaltspunkte f\u00fcr eine Straftat gibt, d\u00fcrfte der Fall schon bald zu den Akten gelegt werden.<\/p>\n<p>    Viele offene Fragen<\/p>\n<p>                    <a href=\"https:\/\/www.europesays.com\/de\/wp-content\/uploads\/2026\/07\/knochen-134.webp\" class=\"zoomimage\" title=\"Bild vergr\u00f6\u00dfern\"><\/p>\n<p>        <img decoding=\"async\" src=\"https:\/\/www.europesays.com\/de\/wp-content\/uploads\/2026\/07\/knochen-134.webp\" alt=\"Zwei M\u00e4nner schauen sich alte Gebeine an.\" title=\"Auch f\u00fcr Stadtheimatpfleger Thorsten Wendt sind die Knochenfunde ein R\u00e4tsel. | NDR, Sabine Hausherr\" class=\"responsive\" loading=\"lazy\"\/><\/p>\n<p>                    <\/a><\/p>\n<p>                    Auch f\u00fcr Stadtheimatpfleger Thorsten Wendt sind die Knochenfunde ein R\u00e4tsel.<\/p>\n<p class=\"\">&#8222;Das Haus wurde in den 60er-Jahren gebaut&#8220;, sagt Stadtheimatpfleger Thorsten Wendt. Davor sei die Fl\u00e4che als Ackerland genutzt worden, zeitweise sogar f\u00fcr den Gem\u00fcseanbau. Dass man Knochen im Garten findet, sei dabei gar nicht so selten, sagt Wendt. &#8222;Allerdings kommt das oft in der N\u00e4he von Kirchen vor.&#8220; In der N\u00e4he der Familie Chall gibt es aber keine Kirche. Auch einen Friedhof habe es an dieser Stelle nie gegeben, so Wendt weiter.<\/p>\n<p>    Zeitzeuge liefert m\u00f6gliche Erkl\u00e4rung<\/p>\n<p class=\"\">Aber jetzt k\u00f6nnte es eine Erkl\u00e4rung f\u00fcr die ungew\u00f6hnlichen Funde geben. Nach Angaben der Polizei habe sich ein \u00e4lterer Mann gemeldet, der sich an Bauarbeiten in Dibbesdorf Anfang der 1960er Jahre erinnert. Seinen Angaben zufolge wurde damals Friedhofserde zum Auff\u00fcllen von Grundst\u00fccken verwendet. Bereits als Kind habe er auf einer Baustelle Knochen entdeckt. Diese Aussage st\u00fctzt eine Theorie, nach der die menschlichen \u00dcberreste mit aufgesch\u00fctteter Erde auf das Grundst\u00fcck gelangt sein k\u00f6nnten. Was auff\u00e4llt: Das Grundst\u00fcck der Challs ist deutlich h\u00f6her aufgesch\u00fcttet, als die umliegenden H\u00e4user.<\/p>\n<p>    Familie will alle Knochen bergen<\/p>\n<p class=\"\">Felix Chall h\u00e4lt die Erkl\u00e4rung mit der aufgesch\u00fctteten Friedhofserde zwar f\u00fcr denkbar, sieht aber weiterhin offene Fragen. Nach seinen Angaben lagen einige Knochen anatomisch geordnet im Boden. Das passe nicht ohne Weiteres zu umgelagerter Erde. Deshalb will er die Fundstellen gemeinsam mit Experten erneut untersuchen. Bis dahin gr\u00e4bt die Familie weiter. Jeder neue Fund wird an die Polizei \u00fcbergeben. F\u00fcr Chall steht dabei vor allem ein Ziel im Mittelpunkt: Die Toten sollen eines Tages w\u00fcrdevoll auf dem Hauptfriedhof bestattet werden. &#8222;Wenn es meine Angeh\u00f6rigen w\u00e4ren&#8220;, sagt er, &#8222;w\u00fcrde ich mir das ja auch w\u00fcnschen, dass mit ihnen gut umgegangen wird.&#8220;<\/p>\n<p>        <img decoding=\"async\" src=\"https:\/\/www.europesays.com\/de\/wp-content\/uploads\/2026\/04\/polizeiabsperrung114.webp\" alt=\"Flatterband mit der Aufschrift: &quot;Polizeibasperrung&quot;.\" title=\"Flatterband mit der Aufschrift: &quot;Polizeibasperrung&quot;. | fotolia, VRD\" class=\"responsive\" loading=\"lazy\"\/><\/p>\n<p>An der B213 zwischen Cloppenburg und Ahlhorn hat die Polizei jetzt das Erdreich um den Fundort ausheben und sieben lassen.<\/p>\n<p>        <img decoding=\"async\" src=\"https:\/\/www.europesays.com\/de\/wp-content\/uploads\/2026\/07\/steiermark-106.webp\" alt=\"Das Trikot eines Toten liegt als Beweismittel auf einem Tisch: &quot;NCA Instructor&quot;.\" title=\"Das Trikot eines Toten liegt als Beweismittel auf einem Tisch: &quot;NCA Instructor&quot;. | LPD Steiermark\/dpa\" class=\"responsive\" loading=\"lazy\"\/><\/p>\n<p>Nach dem Fund einer Leiche r\u00e4tselt die Polizei im Nachbarland, wer der Tote war. Der Mann trug jedoch ein spezielles Trikot.<\/p>\n","protected":false},"excerpt":{"rendered":"Stand: 04.07.2026 08:22 Uhr Was als Gartenarbeit begann, entwickelt sich zu einem gruseligen Fall: Eine Familie aus Braunschweig&hellip;\n","protected":false},"author":2,"featured_media":1141818,"comment_status":"","ping_status":"","sticky":false,"template":"","format":"standard","meta":{"footnotes":"","_share_on_mastodon":"0"},"categories":[1850],"tags":[8296,6429,3364,29,548,663,3934,45812,30,13,240154,240153,14,15,1411,12],"class_list":["post-1141817","post","type-post","status-publish","format-standard","has-post-thumbnail","category-braunschweig","tag-friedhof","tag-braunschweig","tag-de","tag-deutschland","tag-eu","tag-europa","tag-europe","tag-gartenarbeit","tag-germany","tag-headlines","tag-horrorfund","tag-menschliche-knochen","tag-nachrichten","tag-news","tag-niedersachsen","tag-schlagzeilen"],"share_on_mastodon":{"url":"https:\/\/pubeurope.com\/@de\/116860485613326226","error":""},"_links":{"self":[{"href":"https:\/\/www.europesays.com\/de\/wp-json\/wp\/v2\/posts\/1141817","targetHints":{"allow":["GET"]}}],"collection":[{"href":"https:\/\/www.europesays.com\/de\/wp-json\/wp\/v2\/posts"}],"about":[{"href":"https:\/\/www.europesays.com\/de\/wp-json\/wp\/v2\/types\/post"}],"author":[{"embeddable":true,"href":"https:\/\/www.europesays.com\/de\/wp-json\/wp\/v2\/users\/2"}],"replies":[{"embeddable":true,"href":"https:\/\/www.europesays.com\/de\/wp-json\/wp\/v2\/comments?post=1141817"}],"version-history":[{"count":0,"href":"https:\/\/www.europesays.com\/de\/wp-json\/wp\/v2\/posts\/1141817\/revisions"}],"wp:featuredmedia":[{"embeddable":true,"href":"https:\/\/www.europesays.com\/de\/wp-json\/wp\/v2\/media\/1141818"}],"wp:attachment":[{"href":"https:\/\/www.europesays.com\/de\/wp-json\/wp\/v2\/media?parent=1141817"}],"wp:term":[{"taxonomy":"category","embeddable":true,"href":"https:\/\/www.europesays.com\/de\/wp-json\/wp\/v2\/categories?post=1141817"},{"taxonomy":"post_tag","embeddable":true,"href":"https:\/\/www.europesays.com\/de\/wp-json\/wp\/v2\/tags?post=1141817"}],"curies":[{"name":"wp","href":"https:\/\/api.w.org\/{rel}","templated":true}]}}