{"id":1141951,"date":"2026-07-04T08:39:17","date_gmt":"2026-07-04T08:39:17","guid":{"rendered":"https:\/\/www.europesays.com\/de\/1141951\/"},"modified":"2026-07-04T08:39:17","modified_gmt":"2026-07-04T08:39:17","slug":"usa-hitzewelle-beeintraechtigt-feiern-zum-unabhaengigkeitstag-in-den-usa-handelsblatt","status":"publish","type":"post","link":"https:\/\/www.europesays.com\/de\/1141951\/","title":{"rendered":"USA: Hitzewelle beeintr\u00e4chtigt Feiern zum Unabh\u00e4ngigkeitstag in den USA &#8211; Handelsblatt"},"content":{"rendered":"<ol>\n<li><a href=\"https:\/\/news.google.com\/rss\/articles\/CBMi0wFBVV95cUxNeWJ0clNxUTRGY0U2QkdhT2tZSjVtSklRWVlaN1RudXlxZnlmeWJMcEdNWFl2UklaTnFMWVktRU94a29WNl9DSkRCWXZXa3UwMDktX0dPNThRemJSaHRJbkhkbkFNWnRUcnd1WXcyd2pnTEt3VnNYT0pLZ3JmaktZWjltRVpSNkprWl9qcnZHdm5JVUFuSThUYjNYRWprZ3g1dTk3YXduMGsteXNkcjBMaEs4aU1SU2NTRFBwRC1BSllMUWRKWm55SUF4WDZZSElHaURF?oc=5\" target=\"_blank\" rel=\"nofollow noopener\">USA: Hitzewelle beeintr\u00e4chtigt Feiern zum Unabh\u00e4ngigkeitstag in den USA<\/a>&nbsp;&nbsp;Handelsblatt<\/li>\n<li><a href=\"https:\/\/news.google.com\/rss\/articles\/CBMifkFVX3lxTFBzUlhhM2JqVUtQMFlOT2lkZFJpcmFMMndSZnhsV1dRdTZsUEl6LTJ4Z2NjTTFkdVMyblZfbk1fUmZNM0pVX05KSGtZdjRFUTNXTmRwVlJwYzhPQnRoMnRTZms3OUdTZjJZajMxNkRuaWVIQXdNakc0ZzVsU2ZkQQ?oc=5\" target=\"_blank\" rel=\"nofollow noopener\">US-Gericht: Einwanderer d\u00fcrfen maximal 90 Tage inhaftiert werden<\/a>&nbsp;&nbsp;tagesschau.de<\/li>\n<li><a href=\"https:\/\/news.google.com\/rss\/articles\/CBMilAFBVV95cUxPUy1nOXdlbnJtc2N2U1dfSHZrLXQ5LUZfQS1VTDBMWWwzZHRYR1B6cmRkZkdEaU1rbHRqMTBmeGVSSmVvbEh3SEJnbWhia0N6ZWt6a1gtSF94a2pTM1lMdVk1dEF2bjd2S2F0ZTV1Z1JUd21ycElwLWtwZEZ2OGVNd3VmZlk4OXpPRzVPdUJQOGNWLW9o?oc=5\" target=\"_blank\" rel=\"nofollow noopener\">Der US-\u00dcberblick am Morgen: Gericht st\u00e4rkt Rechte von Einwanderern, Millionen von Hitze betroffen<\/a>&nbsp;&nbsp;DIE ZEIT<\/li>\n<li><a href=\"https:\/\/news.google.com\/rss\/articles\/CBMiggJBVV95cUxNMEhGWFN2bVBzV3ljcWNobzh0cDh5OEVUa0NjTkUwYW5veG1nMWxCbUg0aEFaV3pPYUFfS0JKVTY3U3BkRFhTZU5yTjVTUnVvajZwNmdEbk8tT0ZxazhhaDYwVVhVLWJmM0xhSWFWZ1J4SWROS2FoTk1VempTUXpTU3hqeDlBMUFaNms3TDBab3Q1c1AtdnBGWHhRZDhqSlE2ckdETzVmeUFpTWpwR1lOV0lIWUVZcmJoeVB3YWdZYlEyYXZVMGp3WExaVzRhNEZSYVE2UEt5WENzQkdxUmRsS1EySWRpNE8zdTlzTGRucC1PTHplSEtoQTdtZnlLV2QyWXc?oc=5\" target=\"_blank\" rel=\"nofollow noopener\">Gericht schr\u00e4nkt Trumps Abschiebepolitik ein US-Regierung darf Migranten nicht unbegrenzt ohne Anh\u00f6rung festhalten<\/a>&nbsp;&nbsp;Tagesspiegel<\/li>\n<li><a href=\"https:\/\/news.google.com\/rss\/articles\/CBMitAFBVV95cUxObHkxYVBUMWh0X2JyQUVDRjZENkdoSkUwRFc1MDFVZEQ4TnV5YjAxeWwwbjJSdHZET0poeEs5Mk5CaWk3eXRJb3RhcWQ5NF9IOTAtS2QyY2dQWUFKRy04YV9KVkRaR3A1QU13a3RzQllmdUh6OFZSMDlyNW9qY051R2w3VWRyT2NzWDlLTHJ4dFBVY0J4SVZ1RmFicEE1NXVrNW5aUXRVc1ZhaG1FaE54Q0RuS0k?oc=5\" target=\"_blank\" rel=\"nofollow noopener\">US-Gericht schr\u00e4nkt Trump-Regierung bei Inhaftierung von Migranten ein<\/a>&nbsp;&nbsp;n-tv.de<\/li>\n<\/ol>\n","protected":false},"excerpt":{"rendered":"USA: Hitzewelle beeintr\u00e4chtigt Feiern zum Unabh\u00e4ngigkeitstag in den USA&nbsp;&nbsp;Handelsblatt US-Gericht: Einwanderer d\u00fcrfen maximal 90 Tage inhaftiert werden&nbsp;&nbsp;tagesschau.de Der&hellip;\n","protected":false},"author":2,"featured_media":1141952,"comment_status":"","ping_status":"","sticky":false,"template":"","format":"standard","meta":{"footnotes":"","_share_on_mastodon":"0"},"categories":[3],"tags":[13,10977,14,15,12,10,8,9,11,103,104],"class_list":["post-1141951","post","type-post","status-publish","format-standard","has-post-thumbnail","category-welt","tag-headlines","tag-msc","tag-nachrichten","tag-news","tag-schlagzeilen","tag-top-news","tag-top-meldungen","tag-topmeldungen","tag-topnews","tag-welt","tag-world"],"share_on_mastodon":{"url":"https:\/\/pubeurope.com\/@de\/116860811128125485","error":""},"_links":{"self":[{"href":"https:\/\/www.europesays.com\/de\/wp-json\/wp\/v2\/posts\/1141951","targetHints":{"allow":["GET"]}}],"collection":[{"href":"https:\/\/www.europesays.com\/de\/wp-json\/wp\/v2\/posts"}],"about":[{"href":"https:\/\/www.europesays.com\/de\/wp-json\/wp\/v2\/types\/post"}],"author":[{"embeddable":true,"href":"https:\/\/www.europesays.com\/de\/wp-json\/wp\/v2\/users\/2"}],"replies":[{"embeddable":true,"href":"https:\/\/www.europesays.com\/de\/wp-json\/wp\/v2\/comments?post=1141951"}],"version-history":[{"count":0,"href":"https:\/\/www.europesays.com\/de\/wp-json\/wp\/v2\/posts\/1141951\/revisions"}],"wp:featuredmedia":[{"embeddable":true,"href":"https:\/\/www.europesays.com\/de\/wp-json\/wp\/v2\/media\/1141952"}],"wp:attachment":[{"href":"https:\/\/www.europesays.com\/de\/wp-json\/wp\/v2\/media?parent=1141951"}],"wp:term":[{"taxonomy":"category","embeddable":true,"href":"https:\/\/www.europesays.com\/de\/wp-json\/wp\/v2\/categories?post=1141951"},{"taxonomy":"post_tag","embeddable":true,"href":"https:\/\/www.europesays.com\/de\/wp-json\/wp\/v2\/tags?post=1141951"}],"curies":[{"name":"wp","href":"https:\/\/api.w.org\/{rel}","templated":true}]}}