{"id":1142043,"date":"2026-07-04T09:36:20","date_gmt":"2026-07-04T09:36:20","guid":{"rendered":"https:\/\/www.europesays.com\/de\/1142043\/"},"modified":"2026-07-04T09:36:20","modified_gmt":"2026-07-04T09:36:20","slug":"schock-bei-lok-leipzig-ueberraschender-abgang-von-stammspieler-sport","status":"publish","type":"post","link":"https:\/\/www.europesays.com\/de\/1142043\/","title":{"rendered":"Schock bei Lok Leipzig: \u00dcberraschender Abgang von Stammspieler | Sport"},"content":{"rendered":"<p><a class=\"skip-content skip-content--link\" href=\"#in-content-skip-link-target-v-0-0\">TTS-Player \u00fcberspringen\u21b5<\/a><a id=\"in-content-skip-link-target-v-0-0\" class=\"skip-content--target-link-hidden skip-content skip-content--target-link\" href=\"#in-content-skip-link-target-v-0-0\">Artikel weiterlesen<\/a><\/p>\n<p data-21134c99=\"0-1148\"><b>Das ist ein ziemlicher Schock f\u00fcr <\/b><a href=\"https:\/\/www.bild.de\/sport\/fussball\/lok-leipzig\/home-80643548.bild.html\" class=\"text-link\" rel=\"nofollow noopener\" target=\"_blank\"><b>Lok Leipzig<\/b><\/a><b>. Und eine weitere Herausforderung f\u00fcr Sport-Gesch\u00e4ftsf\u00fchrer Toni Wachsmuth.<\/b><\/p>\n<p>Lok Leipzig verliert David Gr\u00f6zinger<\/p>\n<p data-21134c99=\"0-1148\">Linksverteidiger David Gr\u00f6zinger verl\u00e4sst den Regionalliga-Meister aus famili\u00e4ren Gr\u00fcnden und wird in seine Heimat nach Baden-W\u00fcrttemberg zur\u00fcckkehren. Lok Leipzig hat der Aufl\u00f6sung des bis 2027 datierten Vertrags zugestimmt. \u201eNach einem wundervollen und erfolgreichen Jahr werde ich leider aus famili\u00e4ren Gr\u00fcnden die Lok-Familie verlassen. Es ist keine leichte Entscheidung, da ich den Verein, die Mannschaft und die Fans wahnsinnig ins Herz geschlossen habe\u201c, erkl\u00e4rt Gr\u00f6zinger, der erst im letzten Sommer vom BFC Dynamo nach Leipzig kam und sofort eine feste Gr\u00f6\u00dfe in der Startelf war. <\/p>\n<p data-21134c99=\"0-1148\">Sport-Gesch\u00e4ftsf\u00fchrer Toni Wachsmuth: \u201eAuch wenn der Verlust von Gr\u00f6ze f\u00fcr uns sportlich und menschlich sehr schwer wiegt, haben wir seinem Wunsch nach Vertragsaufl\u00f6sung aus famili\u00e4ren Gr\u00fcnden entsprochen. Wir verlieren mit ihm einen richtig guten Fu\u00dfballer und super Typen, werden aber auch daf\u00fcr L\u00f6sungen finden.\u201c Gr\u00f6zinger wird sich wohl Drittliga-Absteiger SSV Ulm anschlie\u00dfen.<\/p>\n","protected":false},"excerpt":{"rendered":"TTS-Player \u00fcberspringen\u21b5Artikel weiterlesen Das ist ein ziemlicher Schock f\u00fcr Lok Leipzig. Und eine weitere Herausforderung f\u00fcr Sport-Gesch\u00e4ftsf\u00fchrer Toni&hellip;\n","protected":false},"author":2,"featured_media":1142044,"comment_status":"","ping_status":"","sticky":false,"template":"","format":"standard","meta":{"footnotes":"","_share_on_mastodon":"0"},"categories":[1832],"tags":[3364,29,30,71,3457,3459,3458,859,8112,4580,3460],"class_list":["post-1142043","post","type-post","status-publish","format-standard","has-post-thumbnail","category-leipzig","tag-de","tag-deutschland","tag-germany","tag-leipzig","tag-lok-leipzig","tag-regionalliga","tag-regionalliga-nordost","tag-sachsen","tag-sachsenpokal","tag-schmidt-andre","tag-sport-leuchtturm-leipzig"],"share_on_mastodon":{"url":"https:\/\/pubeurope.com\/@de\/116861035324963292","error":""},"_links":{"self":[{"href":"https:\/\/www.europesays.com\/de\/wp-json\/wp\/v2\/posts\/1142043","targetHints":{"allow":["GET"]}}],"collection":[{"href":"https:\/\/www.europesays.com\/de\/wp-json\/wp\/v2\/posts"}],"about":[{"href":"https:\/\/www.europesays.com\/de\/wp-json\/wp\/v2\/types\/post"}],"author":[{"embeddable":true,"href":"https:\/\/www.europesays.com\/de\/wp-json\/wp\/v2\/users\/2"}],"replies":[{"embeddable":true,"href":"https:\/\/www.europesays.com\/de\/wp-json\/wp\/v2\/comments?post=1142043"}],"version-history":[{"count":0,"href":"https:\/\/www.europesays.com\/de\/wp-json\/wp\/v2\/posts\/1142043\/revisions"}],"wp:featuredmedia":[{"embeddable":true,"href":"https:\/\/www.europesays.com\/de\/wp-json\/wp\/v2\/media\/1142044"}],"wp:attachment":[{"href":"https:\/\/www.europesays.com\/de\/wp-json\/wp\/v2\/media?parent=1142043"}],"wp:term":[{"taxonomy":"category","embeddable":true,"href":"https:\/\/www.europesays.com\/de\/wp-json\/wp\/v2\/categories?post=1142043"},{"taxonomy":"post_tag","embeddable":true,"href":"https:\/\/www.europesays.com\/de\/wp-json\/wp\/v2\/tags?post=1142043"}],"curies":[{"name":"wp","href":"https:\/\/api.w.org\/{rel}","templated":true}]}}