{"id":1142114,"date":"2026-07-04T10:16:14","date_gmt":"2026-07-04T10:16:14","guid":{"rendered":"https:\/\/www.europesays.com\/de\/1142114\/"},"modified":"2026-07-04T10:16:14","modified_gmt":"2026-07-04T10:16:14","slug":"moenchengladbach-kolumne-mensch-gladbach-stadt-zwischen-insolvenz-und-investition","status":"publish","type":"post","link":"https:\/\/www.europesays.com\/de\/1142114\/","title":{"rendered":"M\u00f6nchengladbach: Kolumne Mensch Gladbach &#8211; Stadt zwischen Insolvenz und Investition"},"content":{"rendered":"<p class=\"text_ohne_einzug richtext text-em-55 !leading-serif mx-6 desktop:mx-0\">So heiter das Wetter mit Sonnenschein nach der Gluthitze die Stadt erstrahlen l\u00e4sst: Diese Woche war leider eine mit zu vielen schlechten Nachrichten. Nach dem Kostenpflichtiger Inhalt <a href=\"https:\/\/rp-online.de\/nrw\/staedte\/moenchengladbach\/truetzschler-moenchengladbach-sorge-bei-mitarbeitern-jetzt-ist-der-job-weg_aid-150279383\" rel=\"nofollow noopener\" target=\"_blank\">Aus f\u00fcr die Produktion von Tr\u00fctzschler in M\u00f6nchengladbach<\/a>, geht nun ein weiteres Unternehmen mit langer Tradition und gro\u00dfem Namen in die Knie: Gothe Edelstahl, ein Metallproduzent mit mehr als 100 Jahren Firmenhistorie, Kostenpflichtiger Inhalt <a href=\"https:\/\/rp-online.de\/nrw\/staedte\/moenchengladbach\/moenchengladbach-gothe-edelstahl-ist-insolvent_aid-150874451\" rel=\"nofollow noopener\" target=\"_blank\">geht in die vorl\u00e4ufige Insolvenz<\/a>.<\/p>\n","protected":false},"excerpt":{"rendered":"So heiter das Wetter mit Sonnenschein nach der Gluthitze die Stadt erstrahlen l\u00e4sst: Diese Woche war leider eine&hellip;\n","protected":false},"author":2,"featured_media":1142115,"comment_status":"","ping_status":"","sticky":false,"template":"","format":"standard","meta":{"footnotes":"","_share_on_mastodon":"0"},"categories":[1849],"tags":[3584,3364,29,548,663,3934,30,14337,91934,13,1551,115352,50847,4455,14,15,1209,12,184878],"class_list":["post-1142114","post","type-post","status-publish","format-standard","has-post-thumbnail","category-moenchengladbach","tag-arbeitsplaetze","tag-de","tag-deutschland","tag-eu","tag-europa","tag-europe","tag-germany","tag-gladbach","tag-gothe","tag-headlines","tag-insolvenz","tag-insolvenzverfahrens","tag-insolvenzverwalter","tag-moenchengladbach","tag-nachrichten","tag-news","tag-nordrhein-westfalen","tag-schlagzeilen","tag-truetzschler"],"share_on_mastodon":{"url":"","error":""},"_links":{"self":[{"href":"https:\/\/www.europesays.com\/de\/wp-json\/wp\/v2\/posts\/1142114","targetHints":{"allow":["GET"]}}],"collection":[{"href":"https:\/\/www.europesays.com\/de\/wp-json\/wp\/v2\/posts"}],"about":[{"href":"https:\/\/www.europesays.com\/de\/wp-json\/wp\/v2\/types\/post"}],"author":[{"embeddable":true,"href":"https:\/\/www.europesays.com\/de\/wp-json\/wp\/v2\/users\/2"}],"replies":[{"embeddable":true,"href":"https:\/\/www.europesays.com\/de\/wp-json\/wp\/v2\/comments?post=1142114"}],"version-history":[{"count":0,"href":"https:\/\/www.europesays.com\/de\/wp-json\/wp\/v2\/posts\/1142114\/revisions"}],"wp:featuredmedia":[{"embeddable":true,"href":"https:\/\/www.europesays.com\/de\/wp-json\/wp\/v2\/media\/1142115"}],"wp:attachment":[{"href":"https:\/\/www.europesays.com\/de\/wp-json\/wp\/v2\/media?parent=1142114"}],"wp:term":[{"taxonomy":"category","embeddable":true,"href":"https:\/\/www.europesays.com\/de\/wp-json\/wp\/v2\/categories?post=1142114"},{"taxonomy":"post_tag","embeddable":true,"href":"https:\/\/www.europesays.com\/de\/wp-json\/wp\/v2\/tags?post=1142114"}],"curies":[{"name":"wp","href":"https:\/\/api.w.org\/{rel}","templated":true}]}}