{"id":1142116,"date":"2026-07-04T10:17:35","date_gmt":"2026-07-04T10:17:35","guid":{"rendered":"https:\/\/www.europesays.com\/de\/1142116\/"},"modified":"2026-07-04T10:17:35","modified_gmt":"2026-07-04T10:17:35","slug":"polizei-sucht-zeugen-nach-unfall-in-bottrop-jugendlicher-verletzt","status":"publish","type":"post","link":"https:\/\/www.europesays.com\/de\/1142116\/","title":{"rendered":"Polizei sucht Zeugen nach Unfall in Bottrop: Jugendlicher verletzt"},"content":{"rendered":"<p>\t\tPolizei sucht Zeugen nach Unfallflucht in Bottrop<br \/>\n\t\t\t\t\tJugendlicher E-Scooter Fahrer verletzt<\/p>\n<p>    <a href=\"https:\/\/www.recklinghaeuser-zeitung.de\/wp-content\/uploads\/2026\/07\/03\/14\/630_0900_6445452_-1648x824.jpg\" rel=\"nofollow noopener\" target=\"_blank\"><\/p>\n<p>            <img decoding=\"async\" fetchpriority=\"high\" src=\"https:\/\/www.europesays.com\/de\/wp-content\/uploads\/2026\/07\/630_0900_6445441_-640x426.jpg\" width=\"640\" height=\"426\"  alt=\"Ein Fahrer steht auf einem roten E-Scooter und f\u00e4hrt so schnell, dass das Bild etwas verwackelt aussieht. Es ist ein Symbolbild f\u00fcr einen Zeugenaufruf der Polizei Recklinghausen.\"\/><\/p>\n<p>    <\/a><br \/>\n    Ein E-Scooter Fahrer wurde bei dem Unfall in Bottrop leicht verletzt. (Symbolbild) \u00a9 Christian Charisius\/dpa<\/p>\n<p class=\"article__teaser-text\">In Bottrop kam es zu einem Unfall mit Fahrerflucht. Ein 16-J\u00e4hriger wurde leicht verletzt, bevor ein Kleinwagen fl\u00fcchtete. Die Polizei sucht Hinweise.<\/p>\n<p>1 Min Lesezeit<\/p>\n<p>Nach einem Unfall mit Fahrerflucht am Montag (29.6.), bei dem ein E-Scooter Fahrer leicht verletzt wurde, sucht die <a target=\"_blank\" href=\"https:\/\/www.recklinghaeuser-zeitung.de\/blaulicht-recklinghausen\/\" title=\"Blaulicht Recklinghausen\" rel=\"nofollow noopener\">Polizei Recklinghausen<\/a> nach Zeugen.<\/p>\n<p>Nach Angaben der Polizei war ein Autofahrer gegen 13 Uhr auf der Stra\u00dfe In den Weywiesen unterwegs. Er soll mit seinem Kleinwagen, der laut der Pressemitteilung eventuell ein Fiat war, aus einer Parkl\u00fccke gefahren sein.<\/p>\n<p>\t\t<a href=\"https:\/\/www.recklinghaeuser-zeitung.de\/recklinghausen\/brand-herner-strasse-melanie-tot-recklinghausen-hilft-wohnungslosen-nach-feuer-w1214372-6001324678\/\" rel=\"nofollow noopener\" aria-hidden=\"true\" tabindex=\"-1\" title=\"Trauer um Melanie So geht es f\u00fcr die wohnungslosen G\u00e4ste der \u00dcbernachtungsstelle weiter\" aria-label=\"Trauer um Melanie So geht es f\u00fcr die wohnungslosen G\u00e4ste der \u00dcbernachtungsstelle weiter\" target=\"_blank\"><\/p>\n<p>                <img decoding=\"async\" src=\"https:\/\/www.europesays.com\/de\/wp-content\/uploads\/2026\/07\/630_0900_6442468_-160x160.jpg\"  width=\"160\" height=\"160\" alt=\"Die st\u00e4dtische \u00dcbernachtungsstelle f\u00fcr akut wohnungslose Menschen an der Herner Stra\u00dfe in Recklinghausen ist nach dem Brand, bei dem eine Frau starb, gesperrt.\" loading=\"lazy\"\/><\/p>\n<p>\t\t<\/a><\/p>\n<p>Zusammensto\u00df knapp vermieden<\/p>\n<p>Ein Zusammensto\u00df konnte durch den 16-j\u00e4hrigen Bottroper, der mit seinem E-Scooter unterwegs war, vermieden werden, indem er bremste. Hierbei st\u00fcrzte der Jugendliche und wurde dabei leicht verletzt. Der Fahrer des Autos fuhr weiter. Die Person am Steuer konnte nicht n\u00e4her beschrieben werden.<\/p>\n<p>Die Polizei sucht daher Zeugen, die Angaben zum Vorfall machen k\u00f6nnen und bittet den Fahrer darum, sich bei der Polizei zu melden. Hinweise nimmt das Verkehrskommissariat unter der 0800\/2361 111 entgegen.<\/p>\n<p>\t\t<a href=\"https:\/\/www.recklinghaeuser-zeitung.de\/kreis-re\/blitzer-kreis-recklinghausen-geschwindigkeitskontrollen-29-juni-bis-5-juli-2023-w1213172-6001322474\/\" rel=\"nofollow noopener\" aria-hidden=\"true\" tabindex=\"-1\" title=\"Hier wird geblitzt Kontrollen im Kreis Recklinghausen in der Zeit vom 29. Juni bis 5. Juli\" aria-label=\"Hier wird geblitzt Kontrollen im Kreis Recklinghausen in der Zeit vom 29. Juni bis 5. Juli\" target=\"_blank\"><\/p>\n<p>                <img decoding=\"async\" src=\"https:\/\/www.europesays.com\/de\/wp-content\/uploads\/2026\/07\/630_0900_6427312_-160x160.jpg\"  width=\"160\" height=\"160\" alt=\"Eine Radarfalle steht an einer Stra\u00dfe.\" loading=\"lazy\"\/><\/p>\n<p>\t\t<\/a><\/p>\n","protected":false},"excerpt":{"rendered":"Polizei sucht Zeugen nach Unfallflucht in Bottrop Jugendlicher E-Scooter Fahrer verletzt Ein E-Scooter Fahrer wurde bei dem Unfall&hellip;\n","protected":false},"author":2,"featured_media":1142117,"comment_status":"","ping_status":"","sticky":false,"template":"","format":"standard","meta":{"footnotes":"","_share_on_mastodon":"0"},"categories":[1848],"tags":[1950,3364,29,548,663,3934,3658,30,13,14,15,1209,12,18270],"class_list":["post-1142116","post","type-post","status-publish","format-standard","has-post-thumbnail","category-gelsenkirchen","tag-blaulicht","tag-de","tag-deutschland","tag-eu","tag-europa","tag-europe","tag-gelsenkirchen","tag-germany","tag-headlines","tag-nachrichten","tag-news","tag-nordrhein-westfalen","tag-schlagzeilen","tag-unfallflucht"],"share_on_mastodon":{"url":"https:\/\/pubeurope.com\/@de\/116861198086536552","error":""},"_links":{"self":[{"href":"https:\/\/www.europesays.com\/de\/wp-json\/wp\/v2\/posts\/1142116","targetHints":{"allow":["GET"]}}],"collection":[{"href":"https:\/\/www.europesays.com\/de\/wp-json\/wp\/v2\/posts"}],"about":[{"href":"https:\/\/www.europesays.com\/de\/wp-json\/wp\/v2\/types\/post"}],"author":[{"embeddable":true,"href":"https:\/\/www.europesays.com\/de\/wp-json\/wp\/v2\/users\/2"}],"replies":[{"embeddable":true,"href":"https:\/\/www.europesays.com\/de\/wp-json\/wp\/v2\/comments?post=1142116"}],"version-history":[{"count":0,"href":"https:\/\/www.europesays.com\/de\/wp-json\/wp\/v2\/posts\/1142116\/revisions"}],"wp:featuredmedia":[{"embeddable":true,"href":"https:\/\/www.europesays.com\/de\/wp-json\/wp\/v2\/media\/1142117"}],"wp:attachment":[{"href":"https:\/\/www.europesays.com\/de\/wp-json\/wp\/v2\/media?parent=1142116"}],"wp:term":[{"taxonomy":"category","embeddable":true,"href":"https:\/\/www.europesays.com\/de\/wp-json\/wp\/v2\/categories?post=1142116"},{"taxonomy":"post_tag","embeddable":true,"href":"https:\/\/www.europesays.com\/de\/wp-json\/wp\/v2\/tags?post=1142116"}],"curies":[{"name":"wp","href":"https:\/\/api.w.org\/{rel}","templated":true}]}}