{"id":114224,"date":"2025-05-16T04:24:12","date_gmt":"2025-05-16T04:24:12","guid":{"rendered":"https:\/\/www.europesays.com\/de\/114224\/"},"modified":"2025-05-16T04:24:12","modified_gmt":"2025-05-16T04:24:12","slug":"niedersachsen-bremen-polizei-startet-angebot-gegen-queerfeindliche-straftaten","status":"publish","type":"post","link":"https:\/\/www.europesays.com\/de\/114224\/","title":{"rendered":"Niedersachsen &#038; Bremen: Polizei startet Angebot gegen queerfeindliche Straftaten"},"content":{"rendered":"<p>                    Niedersachsen &amp; Bremen<br \/>\n                Polizei startet Angebot gegen queerfeindliche Straftaten<\/p>\n<p>\t\t\t\t              16.05.2025, 05:13 Uhr<\/p>\n<p><strong>Beleidigt, bedroht, verletzt: In Bremen steigt die Zahl queerfeindlicher \u00dcbergriffe. Die Polizei schafft ein neues Angebot f\u00fcr Betroffene.<\/strong><\/p>\n<p>Bremen (dpa\/lni) &#8211; Die Bremer Polizei bietet ab sofort ein Angebot f\u00fcr Betroffene von queerfeindlicher Gewalt an. Sie k\u00f6nnen sich in gesch\u00fctztem Rahmen beraten lassen und eine Anzeige stellen, wie die Polizei mitteilte. Die Polizistinnen und Polizisten sind sensibilisiert f\u00fcr queerfeindliche Gewalt und k\u00f6nnen Betroffene bei Bedarf an andere Hilfsstellen vermitteln.<\/p>\n<p>Als queer bezeichnen sich nicht-heterosexuelle Menschen beziehungsweise Menschen, die sich nicht mit dem traditionellen Rollenbild von Mann und Frau oder anderen gesellschaftlichen Normen rund um Geschlecht und Sexualit\u00e4t identifizieren.<\/p>\n<p>Polizei m\u00f6chte Hemmschwelle f\u00fcr Anzeigen senken<\/p>\n<p>Betroffene von Diskriminierung und queerfeindlicher Gewalt seien oftmals emotional belastet, sagte ein Sprecher der Polizei. &#8222;M\u00f6glicherweise z\u00f6gern sie, solche Straftaten anzuzeigen.&#8220; Mit dem Angebot hofft die Polizei, dass sich das \u00e4ndert.\u00a0<\/p>\n<p>Die Beamtinnen und Beamten bieten ab diesem Freitag alle zwei Wochen vormittags Termine im Pr\u00e4ventionszentrum an. Wer queerfeindliche Gewalt erlebt oder beobachtet hat, kann vorab per Mail einen Termin ausmachen oder ohne Anmeldung vorbeikommen.\u00a0<\/p>\n<p>Immer mehr queerfeindliche Straftaten<\/p>\n<p>Die Zahl der queerfeindlichen Straftaten nahm zuletzt zu. Die Bremer Polizei bearbeitete 19 F\u00e4lle im Jahr 2020, im vergangenen Jahr bereits 26 Taten. Sie reichen von Beleidigung \u00fcber Diebstahl und Sachbesch\u00e4digung bis hin zu K\u00f6rperverletzung.\u00a0<\/p>\n<p>&#8222;Tatbegehende sehen queere Menschen oft als Bedrohung f\u00fcr traditionelle Geschlechterrollen und heteronormative Familienstrukturen&#8220;, erkl\u00e4rte eine Sprecherin der Polizei. Sie suchten sich ihre Opfer gezielt aus. In der Regel seien es fremde Menschen, was die Hemmschwelle f\u00fcr Gewalt senken k\u00f6nne.<\/p>\n","protected":false},"excerpt":{"rendered":"Niedersachsen &amp; Bremen Polizei startet Angebot gegen queerfeindliche Straftaten 16.05.2025, 05:13 Uhr Beleidigt, bedroht, verletzt: In Bremen steigt&hellip;\n","protected":false},"author":2,"featured_media":114225,"comment_status":"","ping_status":"","sticky":false,"template":"","format":"standard","meta":{"footnotes":""},"categories":[1824],"tags":[5114,2420,3364,29,30,1411,121,1996],"class_list":{"0":"post-114224","1":"post","2":"type-post","3":"status-publish","4":"format-standard","5":"has-post-thumbnail","7":"category-bremen","8":"tag-angebot","9":"tag-bremen","10":"tag-de","11":"tag-deutschland","12":"tag-germany","13":"tag-niedersachsen","14":"tag-polizei","15":"tag-straftaten"},"share_on_mastodon":{"url":"https:\/\/pubeurope.com\/@de\/114515612062020470","error":""},"_links":{"self":[{"href":"https:\/\/www.europesays.com\/de\/wp-json\/wp\/v2\/posts\/114224","targetHints":{"allow":["GET"]}}],"collection":[{"href":"https:\/\/www.europesays.com\/de\/wp-json\/wp\/v2\/posts"}],"about":[{"href":"https:\/\/www.europesays.com\/de\/wp-json\/wp\/v2\/types\/post"}],"author":[{"embeddable":true,"href":"https:\/\/www.europesays.com\/de\/wp-json\/wp\/v2\/users\/2"}],"replies":[{"embeddable":true,"href":"https:\/\/www.europesays.com\/de\/wp-json\/wp\/v2\/comments?post=114224"}],"version-history":[{"count":0,"href":"https:\/\/www.europesays.com\/de\/wp-json\/wp\/v2\/posts\/114224\/revisions"}],"wp:featuredmedia":[{"embeddable":true,"href":"https:\/\/www.europesays.com\/de\/wp-json\/wp\/v2\/media\/114225"}],"wp:attachment":[{"href":"https:\/\/www.europesays.com\/de\/wp-json\/wp\/v2\/media?parent=114224"}],"wp:term":[{"taxonomy":"category","embeddable":true,"href":"https:\/\/www.europesays.com\/de\/wp-json\/wp\/v2\/categories?post=114224"},{"taxonomy":"post_tag","embeddable":true,"href":"https:\/\/www.europesays.com\/de\/wp-json\/wp\/v2\/tags?post=114224"}],"curies":[{"name":"wp","href":"https:\/\/api.w.org\/{rel}","templated":true}]}}